{"id":13448,"date":"2023-09-04T10:19:55","date_gmt":"2023-09-04T10:19:55","guid":{"rendered":"https:\/\/kraios.app\/news\/yasam\/2023\/09\/04\/farkli-sehirlerde-uretimi-olumsuz-etkileyen-sicak-hava-sarikamista-meyve-agaclarina-yaradi\/"},"modified":"2023-09-04T10:19:55","modified_gmt":"2023-09-04T10:19:55","slug":"farkli-sehirlerde-uretimi-olumsuz-etkileyen-sicak-hava-sarikamista-meyve-agaclarina-yaradi","status":"publish","type":"post","link":"https:\/\/kraios.app\/news\/yasam\/2023\/09\/04\/farkli-sehirlerde-uretimi-olumsuz-etkileyen-sicak-hava-sarikamista-meyve-agaclarina-yaradi\/","title":{"rendered":"Farkl\u0131 \u015fehirlerde \u00fcretimi olumsuz etkileyen s\u0131cak hava Sar\u0131kam\u0131\u015f&#8217;ta meyve a\u011fa\u00e7lar\u0131na yarad\u0131"},"content":{"rendered":"<p><\/p>\n<div>\n<p>K\u0131\u015f mevsiminin uzun ve \u00e7etin ge\u00e7ti\u011fi yerle\u015fim yerleri aras\u0131nda bulunan Sar\u0131kam\u0131\u015f il\u00e7esinde bu y\u0131l zaman\u0131nda etkili olan ya\u011fmurlar ve hava s\u0131cakl\u0131\u011f\u0131n\u0131n mevsim normalleri \u00fczerinde seyretmesi, farkl\u0131 b\u00f6lgelerin aksine meyve bah\u00e7elerine olumlu yans\u0131d\u0131.<\/p>\n<p><img decoding=\"async\" alt=\"\" src=\"https:\/\/www.aa.com.tr\/uploads\/userFiles\/96f91bbd-282f-4a24-a12c-1b1092cfeb3b\/009_2023%2F04_2023%2F30_Eyl%C3%BCl%2F32%2F20230903_2_60116531_92435630.jpg\"\/><\/p>\n<p>Hava s\u0131cakl\u0131\u011f\u0131n\u0131n k\u0131\u015f aylar\u0131nda zaman zaman s\u0131f\u0131r\u0131n alt\u0131nda 35-40 dereceye kadar d\u00fc\u015ft\u00fc\u011f\u00fc il\u00e7ede yaz mevsiminin s\u0131cak havan\u0131n etkisiyle verimli ge\u00e7mesi vatanda\u015flar\u0131 mutlu etti.<\/p>\n<p><img decoding=\"async\" alt=\"\" src=\"https:\/\/www.aa.com.tr\/uploads\/userFiles\/96f91bbd-282f-4a24-a12c-1b1092cfeb3b\/009_2023%2F04_2023%2F30_Eyl%C3%BCl%2F32%2F20230903_2_60116531_92435633.jpg\"\/><\/p>\n<p>Yaz mevsiminde s\u0131cakl\u0131\u011f\u0131n 30-35 dereceyi buldu\u011fu Sar\u0131kam\u0131\u015f&#8217;ta il\u00e7e merkezindeki baz\u0131 evlerin bah\u00e7eleri ile ormanl\u0131k alanlarda organik olarak yeti\u015fen elma, erik, vi\u015fne ve armut gibi a\u011fa\u00e7larda \u00fcr\u00fcn bollu\u011fu ya\u015fan\u0131yor.<\/p>\n<p><img decoding=\"async\" alt=\"\" src=\"https:\/\/www.aa.com.tr\/uploads\/userFiles\/96f91bbd-282f-4a24-a12c-1b1092cfeb3b\/009_2023%2F04_2023%2F30_Eyl%C3%BCl%2F32%2F20230903_2_60116531_92435634.jpg\"\/><\/p>\n<p>Bah\u00e7elerinden topland\u0131klar\u0131 meyveleri evlerinde t\u00fcketen ayr\u0131ca re\u00e7el yapan vatanda\u015flar, fazla \u00fcr\u00fcnleri ise marketlere sat\u0131yor.<\/p>\n<p><img decoding=\"async\" alt=\"\" src=\"https:\/\/www.aa.com.tr\/uploads\/userFiles\/96f91bbd-282f-4a24-a12c-1b1092cfeb3b\/009_2023%2F04_2023%2F30_Eyl%C3%BCl%2F32%2F20230903_2_60116531_92435636.jpg\"\/><\/p>\n<h3>&#8220;Bu y\u0131l s\u0131caktan dolay\u0131 \u00fcr\u00fcn almaya ba\u015flad\u0131k&#8221;<\/h3>\n<p>Sar\u0131kam\u0131\u015f Ziraat Odas\u0131 Ba\u015fkan\u0131 Nesim G\u00f6k, AA muhabirine, 2 bin rak\u0131m\u0131n \u00fczerinde bir b\u00f6lgede havalar sert oldu\u011fu i\u00e7in normalde \u00fcr\u00fcn alamad\u0131klar\u0131n\u0131 s\u00f6yledi.<\/p>\n<p><img decoding=\"async\" alt=\"\" src=\"https:\/\/www.aa.com.tr\/uploads\/userFiles\/96f91bbd-282f-4a24-a12c-1b1092cfeb3b\/009_2023%2F04_2023%2F30_Eyl%C3%BCl%2F32%2F20230903_2_60116531_92435638.jpg\"\/><\/p>\n<p>Y\u0131llar sonra bereketli bir y\u0131l ge\u00e7irdiklerini dile getiren G\u00f6k, &#8220;Bu sene havalar\u0131n \u00e7ok s\u0131cak olmas\u0131ndan kaynakl\u0131 ve g\u00fcn d\u00f6n\u00fcm\u00fcnde olduk\u00e7a ya\u011f\u0131\u015f almam\u0131z dolay\u0131s\u0131yla bu sene meyve bah\u00e7elerimiz meyve vermeye ba\u015flad\u0131.&#8221; dedi.<\/p>\n<p><img decoding=\"async\" alt=\"\" src=\"https:\/\/www.aa.com.tr\/uploads\/userFiles\/96f91bbd-282f-4a24-a12c-1b1092cfeb3b\/009_2023%2F04_2023%2F30_Eyl%C3%BCl%2F32%2F20230903_2_60116531_92435640.jpg\"\/><\/p>\n<p>B\u00f6lgede k\u0131\u015flar\u0131 etkili olan yo\u011fun kar ve beraberinde gelen so\u011fuk havay\u0131 hat\u0131rlatan G\u00f6k, &#8220;\u015eu anda neredeyse bat\u0131daki iklimi ya\u015famaktay\u0131z. A\u011f\u0131rl\u0131kl\u0131 olarak elma, vi\u015fne, erik ve k\u0131smen ceviz a\u011fa\u00e7lar\u0131 var. Kolay kolay \u00fcr\u00fcn alam\u0131yorduk. Bu y\u0131l s\u0131caktan dolay\u0131 \u00fcr\u00fcn almaya ba\u015flad\u0131k.&#8221; diye konu\u015ftu.<\/p>\n<p><img decoding=\"async\" alt=\"\" src=\"https:\/\/www.aa.com.tr\/uploads\/userFiles\/96f91bbd-282f-4a24-a12c-1b1092cfeb3b\/009_2023%2F04_2023%2F30_Eyl%C3%BCl%2F32%2F20230903_2_60116531_92435642.jpg\"\/><\/p>\n<h3>&#8220;Havalar s\u0131cak oldu\u011fu i\u00e7in elma, vi\u015fne, armut \u00e7ok oldu&#8221;<\/h3>\n<p>Naide Demirci de bah\u00e7esindeki meyve a\u011fa\u00e7lar\u0131nda ilk defa fazla verim ald\u0131klar\u0131n\u0131 belirterek, &#8220;Bu sene her \u015fey \u00e7ok g\u00fczel oldu. Havalar s\u0131cak oldu\u011fu i\u00e7in elma, vi\u015fne, armut \u00e7ok oldu. Vi\u015fnelerimizi toplad\u0131k, re\u00e7elini, ho\u015faf\u0131n\u0131 yap\u0131p k\u0131\u015f\u0131n t\u00fcketece\u011fiz.&#8221; dedi.<\/p>\n<p><img decoding=\"async\" alt=\"\" src=\"https:\/\/www.aa.com.tr\/uploads\/userFiles\/96f91bbd-282f-4a24-a12c-1b1092cfeb3b\/009_2023%2F04_2023%2F30_Eyl%C3%BCl%2F32%2F20230903_2_60116531_92435643.jpg\"\/><\/p>\n<p>Erik toplayan \u00e7ocuklardan Bu\u011flem \u00d6nc\u00fc ise &#8220;Bu sene eriklerimiz, elmalar\u0131m\u0131z \u00e7ok bereketli oldu, biz de toplad\u0131k.&#8221; ifadesini kulland\u0131.<\/p>\n<p>                            <span class=\"detay-foto-editor\">&#13;<br \/>\n                                <a href=\"https:\/\/www.aa.com.tr\/tr\/p\/abonelik-talep-formu\/1001\" target=\"_blank\" style=\"font-size:12px; color:#444; text-decoration:none;\" rel=\"noopener\">&#13;<br \/>\n                                    Anadolu Ajans\u0131 web sitesinde, AA Haber Ak\u0131\u015f Sistemi (HAS) \u00fczerinden abonelere sunulan haberler, \u00f6zetlenerek yay\u0131mlanmaktad\u0131r. <b style=\"color:#1897F7\">Abonelik i\u00e7in l\u00fctfen ileti\u015fime ge\u00e7iniz.<\/b>&#13;<br \/>\n                                <\/a>&#13;<br \/>\n                            <\/span>\n                        <\/div>\n<p><script>\n\t  window.fbAsyncInit = function() {\n\t\tFB.init({\n\t\t  appId: '1855843514662870',\n\t\t  status : true, \/\/ check login status\n\t\t  cookie : true, \/\/ enable cookies to allow the server to access the session\n\t\t  xfbml  : true  \/\/ parse XFBML\n\t\t});\n\t  };<\/p>\n<p>\t  (function() {\n\t\tvar e = document.createElement('script');\n\t\te.src=\"https:\/\/connect.facebook.net\/tr_TR\/all.js\";\n\t\te.async = true;\n\t\tdocument.getElementById('fb-root').appendChild(e);\n\t  }());\n    <\/script><\/p>\n","protected":false},"excerpt":{"rendered":"<p>K\u0131\u015f mevsiminin uzun ve \u00e7etin ge\u00e7ti\u011fi yerle\u015fim yerleri aras\u0131nda bulunan Sar\u0131kam\u0131\u015f il\u00e7esinde bu y\u0131l zaman\u0131nda etkili olan ya\u011fmurlar ve hava s\u0131cakl\u0131\u011f\u0131n\u0131n mevsim normalleri \u00fczerinde seyretmesi, farkl\u0131 b\u00f6lgelerin aksine meyve bah\u00e7elerine olumlu yans\u0131d\u0131. Hava s\u0131cakl\u0131\u011f\u0131n\u0131n k\u0131\u015f aylar\u0131nda zaman zaman s\u0131f\u0131r\u0131n alt\u0131nda 35-40 dereceye kadar d\u00fc\u015ft\u00fc\u011f\u00fc il\u00e7ede yaz mevsiminin s\u0131cak havan\u0131n etkisiyle verimli ge\u00e7mesi vatanda\u015flar\u0131 mutlu etti. [&hellip;]<\/p>\n","protected":false},"author":1,"featured_media":13449,"comment_status":"","ping_status":"","sticky":false,"template":"","format":"standard","meta":[],"categories":[50],"tags":[],"_links":{"self":[{"href":"https:\/\/kraios.app\/news\/wp-json\/wp\/v2\/posts\/13448"}],"collection":[{"href":"https:\/\/kraios.app\/news\/wp-json\/wp\/v2\/posts"}],"about":[{"href":"https:\/\/kraios.app\/news\/wp-json\/wp\/v2\/types\/post"}],"author":[{"embeddable":true,"href":"https:\/\/kraios.app\/news\/wp-json\/wp\/v2\/users\/1"}],"replies":[{"embeddable":true,"href":"https:\/\/kraios.app\/news\/wp-json\/wp\/v2\/comments?post=13448"}],"version-history":[{"count":0,"href":"https:\/\/kraios.app\/news\/wp-json\/wp\/v2\/posts\/13448\/revisions"}],"wp:featuredmedia":[{"embeddable":true,"href":"https:\/\/kraios.app\/news\/wp-json\/wp\/v2\/media\/13449"}],"wp:attachment":[{"href":"https:\/\/kraios.app\/news\/wp-json\/wp\/v2\/media?parent=13448"}],"wp:term":[{"taxonomy":"category","embeddable":true,"href":"https:\/\/kraios.app\/news\/wp-json\/wp\/v2\/categories?post=13448"},{"taxonomy":"post_tag","embeddable":true,"href":"https:\/\/kraios.app\/news\/wp-json\/wp\/v2\/tags?post=13448"}],"curies":[{"name":"wp","href":"https:\/\/api.w.org\/{rel}","templated":true}]}}