{"id":13430,"date":"2023-09-04T05:40:38","date_gmt":"2023-09-04T05:40:38","guid":{"rendered":"https:\/\/kraios.app\/news\/yasam\/2023\/09\/04\/koy-hayatini-tercih-eden-universite-mezunu-gencin-hayali-ciftlik-kurmak\/"},"modified":"2023-09-04T05:40:38","modified_gmt":"2023-09-04T05:40:38","slug":"koy-hayatini-tercih-eden-universite-mezunu-gencin-hayali-ciftlik-kurmak","status":"publish","type":"post","link":"https:\/\/kraios.app\/news\/yasam\/2023\/09\/04\/koy-hayatini-tercih-eden-universite-mezunu-gencin-hayali-ciftlik-kurmak\/","title":{"rendered":"K\u00f6y hayat\u0131n\u0131 tercih eden \u00fcniversite mezunu gencin hayali \u00e7iftlik kurmak"},"content":{"rendered":"<p><\/p>\n<div>\n<p>Ay\u015fe ve Sabri \u00c7etin \u00e7iftinin ilk \u00e7ocu\u011fu olarak Alanya&#8217;da d\u00fcnyaya gelen Cemil \u00c7etin (24), uzun y\u0131llar anne ve babas\u0131n\u0131n i\u015f yo\u011funlu\u011fu nedeniyle \u00e7ok sevdi\u011fi memleketi Ensek\u00f6y&#8217;\u00fc s\u0131k ziyaret etme imkan\u0131 bulamad\u0131.<\/p>\n<p>K\u00f6y \u00f6zlemini daha \u00e7ok gidermek ve akrabalar\u0131na yak\u0131n olmak i\u00e7in \u00fcniversite tercihini Zonguldak B\u00fclent Ecevit \u00dcniversitesi Karadeniz Ere\u011fli Turizm Fak\u00fcltesi&#8217;nden yana yapan \u00c7etin, 4 y\u0131l boyunca derslerinden artakalan zaman\u0131n\u0131 k\u00f6y\u00fcnde ge\u00e7irdi.<\/p>\n<p><img decoding=\"async\" alt=\"\" src=\"https:\/\/www.aa.com.tr\/uploads\/userFiles\/96f91bbd-282f-4a24-a12c-1b1092cfeb3b\/009_2023%2F04_2023%2F30_Eyl%C3%BCl%2F29%2F20230903_2_60116933_92437336.jpg\"\/><\/p>\n<p>Ge\u00e7en y\u0131l fak\u00fclteyi bitirmesinin ard\u0131ndan yeniden Alanya&#8217;ya d\u00f6nen, \u0130ngilizce ve Rus\u00e7a bilen \u00c7etin, turizm sekt\u00f6r\u00fcnde \u00e7al\u0131\u015farak rehberlik ve foto\u011fraf\u00e7\u0131l\u0131k yapmaya ba\u015flad\u0131.<\/p>\n<p>Zamanla \u015fehrin stresinden ve yo\u011funlu\u011fundan s\u0131k\u0131larak k\u00f6y\u00fcne yerle\u015fmeye karar veren \u00c7etin, durumu ailesiyle payla\u015ft\u0131.<\/p>\n<p>Ailesinin deste\u011fini alarak bir ay \u00f6nce k\u00f6y\u00fcne d\u00f6nen \u00c7etin, burada akrabalar\u0131na ait 70 koyunun yan\u0131 s\u0131ra arac\u0131n\u0131 satarak sat\u0131n ald\u0131\u011f\u0131 50 ke\u00e7iye bak\u0131yor.<\/p>\n<p><img decoding=\"async\" alt=\"\" src=\"https:\/\/www.aa.com.tr\/uploads\/userFiles\/96f91bbd-282f-4a24-a12c-1b1092cfeb3b\/009_2023%2F04_2023%2F30_Eyl%C3%BCl%2F29%2F20230903_2_60116933_92437337.jpg\"\/><\/p>\n<h3>&#8220;\u0130nsan cesaretli oldu\u011fu s\u00fcrece her i\u015fi yapabilir&#8221;<\/h3>\n<p>Hayvan say\u0131s\u0131n\u0131 art\u0131r\u0131p \u00e7iftlik kurmay\u0131 hedefleyen \u00c7etin, AA muhabirine, hayvanlar\u0131 ve do\u011fay\u0131 \u00e7ok sevdi\u011fini, akrabalar\u0131yla bir arada olmay\u0131 tercih etti\u011fi i\u00e7in bu y\u00f6nde karar ald\u0131\u011f\u0131n\u0131 s\u00f6yledi.<\/p>\n<p><img decoding=\"async\" alt=\"\" src=\"https:\/\/www.aa.com.tr\/uploads\/userFiles\/96f91bbd-282f-4a24-a12c-1b1092cfeb3b\/009_2023%2F04_2023%2F30_Eyl%C3%BCl%2F29%2F20230903_2_60116933_92437338.jpg\"\/><\/p>\n<p>Anne ve babas\u0131n\u0131n i\u015f yo\u011funlu\u011fu nedeniyle m\u00fcsait olduklar\u0131 s\u00fcrece k\u00f6ye gelebildi\u011fini, bu durumun kendisini \u00fczd\u00fc\u011f\u00fc dile getiren \u00c7etin, k\u00f6yde ya\u015fama fikrini ailesini s\u00f6yledi\u011finde destek g\u00f6rd\u00fc\u011f\u00fcn\u00fc belirtti.<\/p>\n<p>\u00c7etin, ald\u0131\u011f\u0131 karar\u0131n her zaman arkas\u0131nda durdu\u011funa de\u011finerek, &#8220;Sabah hayvanlar\u0131mla \u00e7\u0131k\u0131yorum, \u00f6\u011flene kadar onlarla do\u011fada oluyorum. Ak\u015fam\u00fcst\u00fc tekrar \u00e7\u0131k\u0131p hava kararana kadar onlar\u0131 otlat\u0131yorum. Hayvan say\u0131m\u0131 \u00e7o\u011faltmay\u0131 d\u00fc\u015f\u00fcn\u00fcyorum. \u0130n\u015fallah k\u0131smet olursa bir \u00e7iftlik kurmay\u0131, \u00f6n\u00fcm\u00fczdeki y\u0131llarda bu i\u015fi ilerletmeyi d\u00fc\u015f\u00fcn\u00fcyorum.&#8221; dedi.<\/p>\n<p><img decoding=\"async\" alt=\"\" src=\"https:\/\/www.aa.com.tr\/uploads\/userFiles\/96f91bbd-282f-4a24-a12c-1b1092cfeb3b\/009_2023%2F04_2023%2F30_Eyl%C3%BCl%2F29%2F20230903_2_60116933_92437339.jpg\"\/><\/p>\n<p>Dede mesle\u011fi oldu\u011fu i\u00e7in i\u015fe yatk\u0131nl\u0131\u011f\u0131n\u0131n oldu\u011funu ifade eden \u00c7etin, &#8220;Bu hayvanlar\u0131m\u0131z bizlere s\u00fct veriyor, et veriyor. Bizim onlara verdi\u011fimizi bizlere misliyle geri veriyorlar. \u015eu an ge\u00e7imimi hayvanlar\u0131m\u0131zdan sa\u011fl\u0131yorum. Adakl\u0131k ve kurbanl\u0131k satarak ge\u00e7imimizi sa\u011fl\u0131yoruz. Ba\u015fka da bir gelir kayna\u011f\u0131m\u0131z yok.&#8221; diye konu\u015ftu.<\/p>\n<p>\u00c7etin, \u00f6nemli olan\u0131n denemek oldu\u011funa i\u015faret ederek, Alanya&#8217;da turizm \u00fczerine rehberlik ve foto\u011fraf\u00e7\u0131l\u0131k yapt\u0131\u011f\u0131 s\u0131rada i\u015fini b\u0131rak\u0131p k\u00f6y\u00fcne geldi\u011fini, insan\u0131n cesaretli oldu\u011fu s\u00fcrece her i\u015fi yapabilece\u011fini dile getirdi.<\/p>\n<p><img decoding=\"async\" alt=\"\" src=\"https:\/\/www.aa.com.tr\/uploads\/userFiles\/96f91bbd-282f-4a24-a12c-1b1092cfeb3b\/009_2023%2F04_2023%2F30_Eyl%C3%BCl%2F29%2F20230903_2_60116933_92437342.jpg\"\/><\/p>\n<p>\u00dcretmenin, bir \u015feyler i\u00e7in emek vermenin insan\u0131n mutlu etti\u011fini vurgulayan \u00c7etin, s\u00f6zlerini \u015f\u00f6yle tamamlad\u0131:<\/p>\n<p>&#8220;Kentten k\u00f6ye gelmek tercih meselesi; yabanc\u0131 dil bilmek, \u00fcniversite mezunu olmak fark etmiyor. Bu tercihimden dolay\u0131 hi\u00e7bir pi\u015fmanl\u0131k duymuyorum. Ben burada mutluyum ve huzurluyum. Sevdi\u011fim i\u015fi yapmaktan gurur duyuyorum.&#8221;<\/p>\n<p>                            <span class=\"detay-foto-editor\">&#13;<br \/>\n                                <a href=\"https:\/\/www.aa.com.tr\/tr\/p\/abonelik-talep-formu\/1001\" target=\"_blank\" style=\"font-size:12px; color:#444; text-decoration:none;\" rel=\"noopener\">&#13;<br \/>\n                                    Anadolu Ajans\u0131 web sitesinde, AA Haber Ak\u0131\u015f Sistemi (HAS) \u00fczerinden abonelere sunulan haberler, \u00f6zetlenerek yay\u0131mlanmaktad\u0131r. <b style=\"color:#1897F7\">Abonelik i\u00e7in l\u00fctfen ileti\u015fime ge\u00e7iniz.<\/b>&#13;<br \/>\n                                <\/a>&#13;<br \/>\n                            <\/span>\n                        <\/div>\n<p><script>\n\t  window.fbAsyncInit = function() {\n\t\tFB.init({\n\t\t  appId: '1855843514662870',\n\t\t  status : true, \/\/ check login status\n\t\t  cookie : true, \/\/ enable cookies to allow the server to access the session\n\t\t  xfbml  : true  \/\/ parse XFBML\n\t\t});\n\t  };<\/p>\n<p>\t  (function() {\n\t\tvar e = document.createElement('script');\n\t\te.src=\"https:\/\/connect.facebook.net\/tr_TR\/all.js\";\n\t\te.async = true;\n\t\tdocument.getElementById('fb-root').appendChild(e);\n\t  }());\n    <\/script><\/p>\n","protected":false},"excerpt":{"rendered":"<p>Ay\u015fe ve Sabri \u00c7etin \u00e7iftinin ilk \u00e7ocu\u011fu olarak Alanya&#8217;da d\u00fcnyaya gelen Cemil \u00c7etin (24), uzun y\u0131llar anne ve babas\u0131n\u0131n i\u015f yo\u011funlu\u011fu nedeniyle \u00e7ok sevdi\u011fi memleketi Ensek\u00f6y&#8217;\u00fc s\u0131k ziyaret etme imkan\u0131 bulamad\u0131. K\u00f6y \u00f6zlemini daha \u00e7ok gidermek ve akrabalar\u0131na yak\u0131n olmak i\u00e7in \u00fcniversite tercihini Zonguldak B\u00fclent Ecevit \u00dcniversitesi Karadeniz Ere\u011fli Turizm Fak\u00fcltesi&#8217;nden yana yapan \u00c7etin, 4 [&hellip;]<\/p>\n","protected":false},"author":1,"featured_media":13431,"comment_status":"","ping_status":"","sticky":false,"template":"","format":"standard","meta":[],"categories":[50],"tags":[],"_links":{"self":[{"href":"https:\/\/kraios.app\/news\/wp-json\/wp\/v2\/posts\/13430"}],"collection":[{"href":"https:\/\/kraios.app\/news\/wp-json\/wp\/v2\/posts"}],"about":[{"href":"https:\/\/kraios.app\/news\/wp-json\/wp\/v2\/types\/post"}],"author":[{"embeddable":true,"href":"https:\/\/kraios.app\/news\/wp-json\/wp\/v2\/users\/1"}],"replies":[{"embeddable":true,"href":"https:\/\/kraios.app\/news\/wp-json\/wp\/v2\/comments?post=13430"}],"version-history":[{"count":0,"href":"https:\/\/kraios.app\/news\/wp-json\/wp\/v2\/posts\/13430\/revisions"}],"wp:featuredmedia":[{"embeddable":true,"href":"https:\/\/kraios.app\/news\/wp-json\/wp\/v2\/media\/13431"}],"wp:attachment":[{"href":"https:\/\/kraios.app\/news\/wp-json\/wp\/v2\/media?parent=13430"}],"wp:term":[{"taxonomy":"category","embeddable":true,"href":"https:\/\/kraios.app\/news\/wp-json\/wp\/v2\/categories?post=13430"},{"taxonomy":"post_tag","embeddable":true,"href":"https:\/\/kraios.app\/news\/wp-json\/wp\/v2\/tags?post=13430"}],"curies":[{"name":"wp","href":"https:\/\/api.w.org\/{rel}","templated":true}]}}