{"id":13423,"date":"2023-09-04T05:34:24","date_gmt":"2023-09-04T05:34:24","guid":{"rendered":"https:\/\/kraios.app\/news\/yasam\/2023\/09\/04\/yuksek-lisans-mezunu-imam-16-yildir-hat-sanatini-icra-ediyor\/"},"modified":"2023-09-04T05:34:24","modified_gmt":"2023-09-04T05:34:24","slug":"yuksek-lisans-mezunu-imam-16-yildir-hat-sanatini-icra-ediyor","status":"publish","type":"post","link":"https:\/\/kraios.app\/news\/yasam\/2023\/09\/04\/yuksek-lisans-mezunu-imam-16-yildir-hat-sanatini-icra-ediyor\/","title":{"rendered":"Y\u00fcksek lisans mezunu imam 16 y\u0131ld\u0131r hat sanat\u0131n\u0131 icra ediyor"},"content":{"rendered":"<p><\/p>\n<div>\n<p>\u0130lkokul, ortaokul ve liseyi Boz\u00fcy\u00fck&#8217;te tamamlayan \u0130brahim Akg\u00fcn, Anadolu \u0130mam Hatip Lisesinde hem m\u00fcd\u00fcr yard\u0131mc\u0131s\u0131 hem de hattat \u00f6\u011fretmeninden ders almas\u0131yla bu sanata merak sard\u0131.<\/p>\n<p>Kahramanmara\u015f S\u00fct\u00e7\u00fc \u0130mam \u00dcniversitesi \u0130lahiyat Fak\u00fcltesine 2007&#8217;de ba\u015flayan Akg\u00fcn, \u00d6\u011fretim G\u00f6revlisi Cemal Erg\u00fcn&#8217;\u00fcn &#8220;\u0130yi bir ilahiyat\u00e7\u0131 olabilirsiniz ama bunun yan\u0131nda muhakkak iyi bir sanat kimli\u011fine da sahip olmal\u0131s\u0131n\u0131z.&#8221; s\u00f6z\u00fcnden etkilenerek ayn\u0131 y\u0131l hattat \u00d6\u011fretim G\u00f6revlisi Arif Y\u00fccel&#8217;in talebesi oldu.<\/p>\n<p>\u00dcniversiteden 2011&#8217;de mezun olduktan sonra Kahramanmara\u015f&#8217;\u0131n Pazarc\u0131k il\u00e7esinde imam hatipli\u011fe ba\u015flayan, ayn\u0131 \u00fcniversitenin Sosyal Bilimler Enstit\u00fcs\u00fc&#8217;nde 2015&#8217;te y\u00fcksek lisans\u0131n\u0131 yapan ve 2017&#8217;de Boz\u00fcy\u00fck&#8217;e tayini \u00e7\u0131kan Akg\u00fcn, hocas\u0131ndan uzaktan mektup ve sosyal medya arac\u0131l\u0131\u011f\u0131yla ders almaya devam etti.<\/p>\n<p><img decoding=\"async\" alt=\"\" src=\"https:\/\/www.aa.com.tr\/uploads\/userFiles\/9c85db40-ef31-40fe-a989-05c7e506d5d0\/09_2023%2F03092023%2Fhat1_.jpg\"\/><\/p>\n<p>\u0130brahim Akg\u00fcn, AA muhabirine, ailesinin 1994&#8217;te A\u011fr\u0131&#8217;n\u0131n Tutak il\u00e7esinden Boz\u00fcy\u00fck&#8217;e g\u00f6\u00e7 etti\u011fini, Ah\u0131ska T\u00fcrklerinin ya\u015fad\u0131\u011f\u0131 Kapanalan k\u00f6y\u00fcndeki camide 6 senedir imam hatiplik g\u00f6revini s\u00fcrd\u00fcrd\u00fc\u011f\u00fcn\u00fc s\u00f6yledi.<\/p>\n<p>Hat sanat\u0131nda icazetname alman\u0131n \u00f6nemli bir kaide ve a\u015fama oldu\u011funu belirten Akg\u00fcn, ayet ve hadisleri g\u00fczel yaz\u0131yla yazabilmek i\u00e7in iyi bir hocadan iyi e\u011fitim al\u0131nmas\u0131 gerekti\u011fini vurgulad\u0131.<\/p>\n<p><img decoding=\"async\" alt=\"\" src=\"https:\/\/www.aa.com.tr\/uploads\/userFiles\/9c85db40-ef31-40fe-a989-05c7e506d5d0\/09_2023%2F03092023%2Fhat2_.jpg\"\/><\/p>\n<p>Sanat\u0131n\u0131n 14&#8217;\u00fcnc\u00fc y\u0131l\u0131nda, 2020&#8217;de hocas\u0131 Arif Y\u00fccel&#8217;den icazetname ald\u0131\u011f\u0131n\u0131 dile getiren Akg\u00fcn, \u015f\u00f6yle devam etti:<\/p>\n<p>&#8220;\u00d6ncelikle yazaca\u011f\u0131m\u0131z bir yaz\u0131y\u0131 esere d\u00f6n\u00fc\u015ft\u00fcrmek i\u00e7in taslak olarak \u00e7al\u0131\u015f\u0131yoruz. Eskiz ka\u011f\u0131d\u0131na defalarca \u00e7al\u0131\u015f\u0131yoruz. Denemeler ve karalamalar yap\u0131yoruz. Hocam\u0131za dan\u0131\u015f\u0131p, eksikleri giderip, yaz\u0131n\u0131n en uygun halini almas\u0131n\u0131 sa\u011fl\u0131yoruz. Sonra \u00f6zel olarak yap\u0131lan aharl\u0131 ka\u011f\u0131da yaz\u0131m\u0131z\u0131 kam\u0131\u015f kalem ve orijinal is m\u00fcrekkebi kullanarak yaz\u0131yoruz. Tashih dedi\u011fimiz son d\u00fczeltmeleri yapt\u0131ktan sonra yaz\u0131m\u0131z haz\u0131r hale geliyor. Ebru veya tezhip yap\u0131lacaksa ona g\u00f6re yaz\u0131lar\u0131m\u0131z\u0131 ebrucu, m\u00fczehhip veya m\u00fczehhibe (tezhip sanat\u00e7\u0131s\u0131) hocalar\u0131m\u0131za g\u00f6nderiyoruz. Onlar da yaz\u0131lar\u0131m\u0131z\u0131 ni\u015fasta ahar\u0131 (yap\u0131\u015ft\u0131r\u0131c\u0131) ile yaz\u0131lar\u0131m\u0131z\u0131 murakka dedi\u011fimiz bir zemine yap\u0131\u015ft\u0131r\u0131yor. Etraf\u0131na ebru veya tezyinat olacaksa ona g\u00f6re de\u011ferlendiriliyor.&#8221;<\/p>\n<p><img decoding=\"async\" alt=\"\" src=\"https:\/\/www.aa.com.tr\/uploads\/userFiles\/9c85db40-ef31-40fe-a989-05c7e506d5d0\/09_2023%2F03092023%2Fhat3_.jpg\"\/><\/p>\n<h3>&#8220;\u00c7ok eser yazmaktan \u00f6te, bir eseri \u00e7ok iyi yazabilmek \u00f6nemlidir&#8221;<\/h3>\n<p>Akg\u00fcn, bir eserin g\u00fcnler, haftalar veya aylarca u\u011fra\u015f\u0131larak son halini ald\u0131\u011f\u0131n\u0131 ve \u00e7al\u0131\u015fmaya ba\u011fl\u0131 olarak bu s\u00fcrenin de\u011fi\u015fti\u011fini anlatt\u0131.<\/p>\n<p>Yaz\u0131n\u0131n ne kadar s\u00fcrede yaz\u0131ld\u0131\u011f\u0131ndan \u00e7ok, nas\u0131l ve ne \u00f6l\u00e7\u00fcde g\u00fczel yaz\u0131ld\u0131\u011f\u0131n\u0131n \u00f6nemli oldu\u011funu aktaran Akg\u00fcn, &#8220;Her yaz\u0131da bir mesaj var, onun i\u00e7in kaidelere dikkat ederek yazmaya \u00e7al\u0131\u015f\u0131yorum. Kur&#8217;an ayetlerini yaz\u0131yoruz, abdestsiz yaz\u0131lmaz. Bir hattat hocas\u0131 veya talebesi ihlasl\u0131, takva sahibi olmal\u0131, yaz\u0131ya ruhundan bir \u015feyler katabilmelidir. \u00c7ok eser yazmaktan \u00f6te, bir eseri \u00e7ok iyi yazabilmek \u00f6nemlidir.&#8221; dedi.<\/p>\n<p>Akg\u00fcn, hat sanat\u0131nda malzemelerin her birinin ayr\u0131 bir yeri ve \u00f6neminin oldu\u011funa i\u015faret etti.<\/p>\n<p>Kam\u0131\u015f kalem, m\u00fcrekkep, ka\u011f\u0131t ve yard\u0131mc\u0131 malzemeleri \u00f6zenle se\u00e7ti\u011fini, bunlar\u0131 y\u0131llar\u0131n tecr\u00fcbesiyle kulland\u0131\u011f\u0131n\u0131 kaydeden Akg\u00fcn, &#8220;Kem alat ile kemalat olmaz kaidesine dikkat ediyorum. Yani \u00e7\u00fcr\u00fck kalem, bozuk m\u00fcrekkep ve k\u00f6t\u00fc bir ka\u011f\u0131tla g\u00fczel bir \u00e7al\u0131\u015fma olmaz, buna dikkat edilmesi gerekir. Bunu olu\u015ftururken kalemi tutu\u015fumuzdan, kalemle yazd\u0131\u011f\u0131m\u0131z zaman onun sesinden, onun ak\u0131\u015f\u0131ndan lezzet al\u0131r\u0131z. Yaz\u0131 yazarken manas\u0131n\u0131 d\u00fc\u015f\u00fcnerek haz almaya \u00e7al\u0131\u015f\u0131r\u0131z.&#8221; de\u011ferlendirmesinde bulundu.<\/p>\n<p>\u0130brahim Akg\u00fcn, yurt i\u00e7i ve d\u0131\u015f\u0131nda bir\u00e7ok eserinin yan\u0131nda eser halini alacak \u00e7al\u0131\u015fmalar\u0131n\u0131n bulundu\u011funu belirtti.<\/p>\n<p>Yakla\u015f\u0131k 200 eserinin oldu\u011funu, \u0130ngiltere, Ukrayna ile Azerbaycan&#8217;a yaz\u0131 ve eserlerinden g\u00f6nderdi\u011fini bildiren Akg\u00fcn, &#8220;Baz\u0131 kamu kurum ve kurulu\u015flar\u0131 ile \u00f6zel sekt\u00f6r binalar\u0131nda \u00e7al\u0131\u015fmalar\u0131m bulunuyor. Yak\u0131n zamanda sergiler a\u00e7may\u0131 planl\u0131yorum ve bunun i\u00e7in eserlerimi toplamaya \u00e7al\u0131\u015f\u0131yorum. Boz\u00fcy\u00fck Halk E\u011fitimi Merkezinde usta \u00f6\u011fretici olarak iki y\u0131l hat dersi verdim.&#8221; diye konu\u015ftu.<\/p>\n<p>Evinde yapt\u0131\u011f\u0131 hat sanat\u0131 i\u00e7in at\u00f6lye a\u00e7may\u0131 da planlad\u0131\u011f\u0131n\u0131 kaydeden Akg\u00fcn, \u00f6\u011frenci yeti\u015ftirmek istedi\u011fini s\u00f6zlerine ekledi.<\/p>\n<p>                            <span class=\"detay-foto-editor\">&#13;<br \/>\n                                <a href=\"https:\/\/www.aa.com.tr\/tr\/p\/abonelik-talep-formu\/1001\" target=\"_blank\" style=\"font-size:12px; color:#444; text-decoration:none;\" rel=\"noopener\">&#13;<br \/>\n                                    Anadolu Ajans\u0131 web sitesinde, AA Haber Ak\u0131\u015f Sistemi (HAS) \u00fczerinden abonelere sunulan haberler, \u00f6zetlenerek yay\u0131mlanmaktad\u0131r. <b style=\"color:#1897F7\">Abonelik i\u00e7in l\u00fctfen ileti\u015fime ge\u00e7iniz.<\/b>&#13;<br \/>\n                                <\/a>&#13;<br \/>\n                            <\/span>\n                        <\/div>\n<p><script>\n\t  window.fbAsyncInit = function() {\n\t\tFB.init({\n\t\t  appId: '1855843514662870',\n\t\t  status : true, \/\/ check login status\n\t\t  cookie : true, \/\/ enable cookies to allow the server to access the session\n\t\t  xfbml  : true  \/\/ parse XFBML\n\t\t});\n\t  };<\/p>\n<p>\t  (function() {\n\t\tvar e = document.createElement('script');\n\t\te.src=\"https:\/\/connect.facebook.net\/tr_TR\/all.js\";\n\t\te.async = true;\n\t\tdocument.getElementById('fb-root').appendChild(e);\n\t  }());\n    <\/script><\/p>\n","protected":false},"excerpt":{"rendered":"<p>\u0130lkokul, ortaokul ve liseyi Boz\u00fcy\u00fck&#8217;te tamamlayan \u0130brahim Akg\u00fcn, Anadolu \u0130mam Hatip Lisesinde hem m\u00fcd\u00fcr yard\u0131mc\u0131s\u0131 hem de hattat \u00f6\u011fretmeninden ders almas\u0131yla bu sanata merak sard\u0131. Kahramanmara\u015f S\u00fct\u00e7\u00fc \u0130mam \u00dcniversitesi \u0130lahiyat Fak\u00fcltesine 2007&#8217;de ba\u015flayan Akg\u00fcn, \u00d6\u011fretim G\u00f6revlisi Cemal Erg\u00fcn&#8217;\u00fcn &#8220;\u0130yi bir ilahiyat\u00e7\u0131 olabilirsiniz ama bunun yan\u0131nda muhakkak iyi bir sanat kimli\u011fine da sahip olmal\u0131s\u0131n\u0131z.&#8221; s\u00f6z\u00fcnden etkilenerek [&hellip;]<\/p>\n","protected":false},"author":1,"featured_media":13424,"comment_status":"","ping_status":"","sticky":false,"template":"","format":"standard","meta":[],"categories":[50],"tags":[],"_links":{"self":[{"href":"https:\/\/kraios.app\/news\/wp-json\/wp\/v2\/posts\/13423"}],"collection":[{"href":"https:\/\/kraios.app\/news\/wp-json\/wp\/v2\/posts"}],"about":[{"href":"https:\/\/kraios.app\/news\/wp-json\/wp\/v2\/types\/post"}],"author":[{"embeddable":true,"href":"https:\/\/kraios.app\/news\/wp-json\/wp\/v2\/users\/1"}],"replies":[{"embeddable":true,"href":"https:\/\/kraios.app\/news\/wp-json\/wp\/v2\/comments?post=13423"}],"version-history":[{"count":0,"href":"https:\/\/kraios.app\/news\/wp-json\/wp\/v2\/posts\/13423\/revisions"}],"wp:featuredmedia":[{"embeddable":true,"href":"https:\/\/kraios.app\/news\/wp-json\/wp\/v2\/media\/13424"}],"wp:attachment":[{"href":"https:\/\/kraios.app\/news\/wp-json\/wp\/v2\/media?parent=13423"}],"wp:term":[{"taxonomy":"category","embeddable":true,"href":"https:\/\/kraios.app\/news\/wp-json\/wp\/v2\/categories?post=13423"},{"taxonomy":"post_tag","embeddable":true,"href":"https:\/\/kraios.app\/news\/wp-json\/wp\/v2\/tags?post=13423"}],"curies":[{"name":"wp","href":"https:\/\/api.w.org\/{rel}","templated":true}]}}