{"id":13419,"date":"2023-09-04T04:20:04","date_gmt":"2023-09-04T04:20:04","guid":{"rendered":"https:\/\/kraios.app\/news\/ekonomi\/2023\/09\/04\/tarsim-dogal-afetlerden-etkilenen-ciftcilere-kalkan-oluyor\/"},"modified":"2023-09-04T04:20:04","modified_gmt":"2023-09-04T04:20:04","slug":"tarsim-dogal-afetlerden-etkilenen-ciftcilere-kalkan-oluyor","status":"publish","type":"post","link":"https:\/\/kraios.app\/news\/ekonomi\/2023\/09\/04\/tarsim-dogal-afetlerden-etkilenen-ciftcilere-kalkan-oluyor\/","title":{"rendered":"TARS\u0130M do\u011fal afetlerden etkilenen \u00e7ift\u00e7ilere kalkan oluyor"},"content":{"rendered":"<p> <br \/>\n<\/p>\n<div>\n<p>Yumakl\u0131, AA muhabirine yapt\u0131\u011f\u0131 de\u011ferlendirmede, \u00e7ift\u00e7ilerin do\u011fal afetlerden korunmas\u0131 ve tar\u0131msal faaliyetlerini s\u00fcrd\u00fcrebilmesi amac\u0131yla 2005&#8217;te &#8220;devlet destekli TARS\u0130M&#8221; ba\u015fl\u0131\u011f\u0131yla koruma kalkan\u0131 olu\u015fturduklar\u0131n\u0131 ifade etti.<\/p>\n<p>Bunun ard\u0131ndan tar\u0131mda sigortal\u0131 say\u0131s\u0131nda ve prim adedinde y\u00fckseli\u015fler g\u00f6r\u00fcld\u00fc\u011f\u00fcn\u00fc dile getiren Yumakl\u0131, devlet prim deste\u011fi ve tazminat \u00f6demeleriyle tar\u0131mda g\u0131da arz g\u00fcvenli\u011finin yan\u0131 s\u0131ra \u00e7ift\u00e7ilerin de ma\u011fduriyetinin \u00f6n\u00fcne ge\u00e7ildi\u011fini anlatt\u0131.<\/p>\n<p>Yumakl\u0131, tar\u0131m sigortalar\u0131n\u0131n dolu, don, f\u0131rt\u0131na, sel ve su bask\u0131n\u0131, yaban domuzu, \u00f6l\u00fcm, zorunlu kesim, yavru \u00f6l\u00fcm\u00fc ve yavru atma hasarlar\u0131 ba\u015fta olmak \u00fczere, bitkisel \u00fcr\u00fcn, sera, b\u00fcy\u00fckba\u015f hayvan hayat, k\u00fc\u00e7\u00fckba\u015f hayvan hayat, k\u00fcmes hayvanlar\u0131, su \u00fcr\u00fcnleri, k\u00f6y bazl\u0131 kurakl\u0131k, ar\u0131c\u0131l\u0131k ve gelir koruma olmak \u00fczere 9 bran\u015fta faaliyet g\u00f6sterdi\u011fini s\u00f6yledi.<\/p>\n<p>\u0130lk poli\u00e7enin kesildi\u011fi 1 Haziran 2006&#8217;dan bug\u00fcne kadar toplam 22 milyon 472 bin 653 poli\u00e7e d\u00fczenlendi\u011fini belirten Yumakl\u0131, \u015fu bilgileri payla\u015ft\u0131:<\/p>\n<p>&#8220;\u00c7ift\u00e7ilere 20,3 milyar liral\u0131k devlet sigorta prim deste\u011fi verildi. \u00dcreticilere 15,7 milyar liral\u0131k hasar tazminat\u0131 \u00f6dendi. 1 Ocak&#8217;tan bug\u00fcne toplam d\u00fczenlenen poli\u00e7e say\u0131s\u0131 1 milyon 903 bin 507, devlet sigorta prim deste\u011fi 5,6 milyar lira oldu. \u00dcreticilere 8 ayl\u0131k d\u00f6nemde 2,7 milyar liral\u0131k hasar tazminat\u0131 \u00f6denirken, 3,9 milyar liral\u0131k muallak hasar tutar\u0131 ise \u00f6deme a\u015famas\u0131nda bulunuyor. Sigortas\u0131n\u0131 hala yapt\u0131rmam\u0131\u015f \u00e7ift\u00e7ilerimizi bu koruma kalkan\u0131ndan yararlanmaya davet ediyoruz.&#8221;<\/p>\n<p>                            <span class=\"detay-foto-editor\">&#13;<br \/>\n                                <a href=\"https:\/\/www.aa.com.tr\/tr\/p\/abonelik-talep-formu\/1001\" target=\"_blank\" style=\"font-size:12px; color:#444; text-decoration:none;\" rel=\"noopener\">&#13;<br \/>\n                                    Anadolu Ajans\u0131 web sitesinde, AA Haber Ak\u0131\u015f Sistemi (HAS) \u00fczerinden abonelere sunulan haberler, \u00f6zetlenerek yay\u0131mlanmaktad\u0131r. <b style=\"color:#1897F7\">Abonelik i\u00e7in l\u00fctfen ileti\u015fime ge\u00e7iniz.<\/b>&#13;<br \/>\n                                <\/a>&#13;<br \/>\n                            <\/span>\n                        <\/div>\n<p><script>\n\t  window.fbAsyncInit = function() {\n\t\tFB.init({\n\t\t  appId: '1855843514662870',\n\t\t  status : true, \/\/ check login status\n\t\t  cookie : true, \/\/ enable cookies to allow the server to access the session\n\t\t  xfbml  : true  \/\/ parse XFBML\n\t\t});\n\t  };<\/p>\n<p>\t  (function() {\n\t\tvar e = document.createElement('script');\n\t\te.src=\"https:\/\/connect.facebook.net\/tr_TR\/all.js\";\n\t\te.async = true;\n\t\tdocument.getElementById('fb-root').appendChild(e);\n\t  }());\n    <\/script><br \/>\n<br \/><br \/>\n<br \/><a href=\"https:\/\/www.aa.com.tr\/tr\/ekonomi\/tarsim-dogal-afetlerden-etkilenen-ciftcilere-kalkan-oluyor\/2982029\">Source link <\/a><\/p>\n","protected":false},"excerpt":{"rendered":"<p>Yumakl\u0131, AA muhabirine yapt\u0131\u011f\u0131 de\u011ferlendirmede, \u00e7ift\u00e7ilerin do\u011fal afetlerden korunmas\u0131 ve tar\u0131msal faaliyetlerini s\u00fcrd\u00fcrebilmesi amac\u0131yla 2005&#8217;te &#8220;devlet destekli TARS\u0130M&#8221; ba\u015fl\u0131\u011f\u0131yla koruma kalkan\u0131 olu\u015fturduklar\u0131n\u0131 ifade etti. Bunun ard\u0131ndan tar\u0131mda sigortal\u0131 say\u0131s\u0131nda ve prim adedinde y\u00fckseli\u015fler g\u00f6r\u00fcld\u00fc\u011f\u00fcn\u00fc dile getiren Yumakl\u0131, devlet prim deste\u011fi ve tazminat \u00f6demeleriyle tar\u0131mda g\u0131da arz g\u00fcvenli\u011finin yan\u0131 s\u0131ra \u00e7ift\u00e7ilerin de ma\u011fduriyetinin \u00f6n\u00fcne ge\u00e7ildi\u011fini anlatt\u0131. [&hellip;]<\/p>\n","protected":false},"author":1,"featured_media":13420,"comment_status":"","ping_status":"","sticky":false,"template":"","format":"standard","meta":[],"categories":[44],"tags":[],"_links":{"self":[{"href":"https:\/\/kraios.app\/news\/wp-json\/wp\/v2\/posts\/13419"}],"collection":[{"href":"https:\/\/kraios.app\/news\/wp-json\/wp\/v2\/posts"}],"about":[{"href":"https:\/\/kraios.app\/news\/wp-json\/wp\/v2\/types\/post"}],"author":[{"embeddable":true,"href":"https:\/\/kraios.app\/news\/wp-json\/wp\/v2\/users\/1"}],"replies":[{"embeddable":true,"href":"https:\/\/kraios.app\/news\/wp-json\/wp\/v2\/comments?post=13419"}],"version-history":[{"count":0,"href":"https:\/\/kraios.app\/news\/wp-json\/wp\/v2\/posts\/13419\/revisions"}],"wp:featuredmedia":[{"embeddable":true,"href":"https:\/\/kraios.app\/news\/wp-json\/wp\/v2\/media\/13420"}],"wp:attachment":[{"href":"https:\/\/kraios.app\/news\/wp-json\/wp\/v2\/media?parent=13419"}],"wp:term":[{"taxonomy":"category","embeddable":true,"href":"https:\/\/kraios.app\/news\/wp-json\/wp\/v2\/categories?post=13419"},{"taxonomy":"post_tag","embeddable":true,"href":"https:\/\/kraios.app\/news\/wp-json\/wp\/v2\/tags?post=13419"}],"curies":[{"name":"wp","href":"https:\/\/api.w.org\/{rel}","templated":true}]}}