{"id":13398,"date":"2023-09-04T00:20:04","date_gmt":"2023-09-04T00:20:04","guid":{"rendered":"https:\/\/kraios.app\/news\/yasam\/2023\/09\/04\/halay-cekenlerden-meteor-yorumu-meteora-selam-halaya-devam\/"},"modified":"2023-09-04T00:20:04","modified_gmt":"2023-09-04T00:20:04","slug":"halay-cekenlerden-meteor-yorumu-meteora-selam-halaya-devam","status":"publish","type":"post","link":"https:\/\/kraios.app\/news\/yasam\/2023\/09\/04\/halay-cekenlerden-meteor-yorumu-meteora-selam-halaya-devam\/","title":{"rendered":"Halay \u00e7ekenlerden meteor yorumu: Meteora selam, halaya devam"},"content":{"rendered":"<p><\/p>\n<div>\n<p>Yenievler Mahallesi&#8217;nde Sema Mert\u00e7e ve Sercan \u00d6zdemir \u00e7iftinin d\u00fcn ak\u015fam k\u0131na gecesi yap\u0131ld\u0131.<\/p>\n<p>K\u0131na gecesine kat\u0131lanlar halay \u00e7ekti\u011fi s\u0131rada Diyarbak\u0131r&#8217;\u0131n yan\u0131 s\u0131ra baz\u0131 illerde de g\u00f6ky\u00fcz\u00fcnde g\u00f6r\u00fclen parlak \u0131\u015f\u0131\u011f\u0131, mahallede ya\u015fayan bir kad\u0131n cep telefonu kameras\u0131yla g\u00f6r\u00fcnt\u00fcledi.<\/p>\n<p>K\u0131sa s\u00fcrede sosyal medyada yay\u0131lan g\u00f6r\u00fcnt\u00fc, bir\u00e7ok kullan\u0131c\u0131 taraf\u0131ndan payla\u015f\u0131ld\u0131.<\/p>\n<p><img decoding=\"async\" alt=\"\" src=\"https:\/\/www.aa.com.tr\/uploads\/userFiles\/96f91bbd-282f-4a24-a12c-1b1092cfeb3b\/009_2023%2F04_2023%2F30_Eyl%C3%BCl%2F23%2F20230903_2_60118222_92441625.jpg\"\/><\/p>\n<h3>&#8220;\u015eim\u015fek \u00e7ak\u0131yor sand\u0131m&#8221;<\/h3>\n<p>Halay \u00e7ekenler aras\u0131nda bulunan Sedef Mert\u00e7e, AA muhabirine, Antalya&#8217;dan k\u0131na gecesi i\u00e7in Diyarbak\u0131r&#8217;a geldi\u011fini s\u00f6yledi.<\/p>\n<p>\u0130lk kez b\u00f6yle bir durumla kar\u015f\u0131la\u015ft\u0131\u011f\u0131n\u0131 anlatan Mert\u00e7e, &#8220;Halay \u00e7ekerken mavi \u0131\u015f\u0131kla g\u00f6ky\u00fcz\u00fcn\u00fcn parlad\u0131\u011f\u0131n\u0131 fark ettik. Halay a\u015fk\u0131m\u0131zdan dolay\u0131 halaya devam ettik. Bizim i\u00e7in de farkl\u0131 bir duygu oldu. Ne olursa olsun halay\u0131 bozmad\u0131k. Kimse halay a\u015fk\u0131m\u0131z\u0131 sorgulamas\u0131n.&#8221; dedi.<\/p>\n<p><img decoding=\"async\" alt=\"\" src=\"https:\/\/www.aa.com.tr\/uploads\/userFiles\/96f91bbd-282f-4a24-a12c-1b1092cfeb3b\/009_2023%2F04_2023%2F30_Eyl%C3%BCl%2F23%2F20230903_2_60118222_92441622.jpg\"\/><\/p>\n<p>\u0130rem Mert\u00e7e ise kuzeninin k\u0131na gecesinde halay \u00e7ekerken g\u00f6ky\u00fcz\u00fcn\u00fcn birden ayd\u0131nland\u0131\u011f\u0131n\u0131 belirtti.<\/p>\n<p>&#8220;G\u00f6ky\u00fcz\u00fcn\u00fcn ayd\u0131nland\u0131\u011f\u0131n\u0131 g\u00f6r\u00fcnce \u015fim\u015fek \u00e7ak\u0131yor sand\u0131m.&#8221; diyen Mert\u00e7e, sonra meteor d\u00fc\u015ft\u00fc\u011f\u00fc y\u00f6n\u00fcnde bilgi ald\u0131klar\u0131n\u0131 kaydetti.<\/p>\n<p>Mert\u00e7e, &#8220;\u0130lk ba\u015fta \u015fa\u015f\u0131rd\u0131k. Bizim i\u00e7in de\u011fi\u015fik bir an\u0131 oldu. G\u00fczel bir \u015feydi. Yani &#8216;meteora selam, halaya devam&#8217; diyorum. \u015eu anda o videolar her yerde yay\u0131nlan\u0131yor, onlar\u0131 g\u00f6rd\u00fck\u00e7e mutlu oluyoruz.&#8221; ifadelerini kulland\u0131.<\/p>\n<p><img decoding=\"async\" alt=\"\" src=\"https:\/\/www.aa.com.tr\/uploads\/userFiles\/96f91bbd-282f-4a24-a12c-1b1092cfeb3b\/009_2023%2F04_2023%2F30_Eyl%C3%BCl%2F23%2F20230903_2_60118222_92441623.jpg\"\/><\/p>\n<h3>&#8220;G\u00f6r\u00fcnt\u00fc, g\u00fczel bir an\u0131 olarak kald\u0131&#8221;<\/h3>\n<p>Mensur Mert\u00e7e de d\u00fcn ak\u015fam g\u00f6ky\u00fcz\u00fcnde bir anda &#8220;mavi \u0131\u015f\u0131k&#8221; g\u00f6rd\u00fcklerini anlatarak, &#8220;Halaya devam ettik. Halay bittikten sonra g\u00f6r\u00fcnt\u00fcn\u00fcn t\u00fcm T\u00fcrkiye&#8217;de yay\u0131ld\u0131\u011f\u0131n\u0131 g\u00f6rd\u00fck. Bu, bizim i\u00e7in \u00f6nemli bir \u015fey. Buna sevindik. G\u00f6r\u00fcnt\u00fc, g\u00fczel bir an\u0131 olarak kald\u0131.&#8221; diye konu\u015ftu.<\/p>\n<p>Diyarbak\u0131r, Elaz\u0131\u011f, Bing\u00f6l, Erzurum ve Tunceli\u2019nin aralar\u0131nda oldu\u011fu baz\u0131 \u015fehirlerde ak\u015fam saatlerinde g\u00f6ky\u00fcz\u00fcnde kayan parlak \u0131\u015f\u0131k g\u00f6r\u00fclm\u00fc\u015ft\u00fc.<\/p>\n<p><img decoding=\"async\" alt=\"\" src=\"https:\/\/www.aa.com.tr\/uploads\/userFiles\/96f91bbd-282f-4a24-a12c-1b1092cfeb3b\/009_2023%2F04_2023%2F30_Eyl%C3%BCl%2F23%2F20230903_2_60118222_92441624.jpg\"\/><\/p>\n<p>Kimi vatanda\u015flarca cep telefonu kameras\u0131yla kaydedilen, ayr\u0131ca ara\u00e7 kameras\u0131na da yans\u0131yan \u0131\u015f\u0131kla ilgili videolar, sosyal medyada payla\u015f\u0131lm\u0131\u015ft\u0131. Sosyal medyada g\u00f6r\u00fcnt\u00fclerdeki parlak \u0131\u015f\u0131\u011f\u0131n g\u00f6k ta\u015f\u0131 olabilece\u011fi yorumlar\u0131 yap\u0131lm\u0131\u015ft\u0131.<\/p>\n<p>                            <span class=\"detay-foto-editor\">&#13;<br \/>\n                                <a href=\"https:\/\/www.aa.com.tr\/tr\/p\/abonelik-talep-formu\/1001\" target=\"_blank\" style=\"font-size:12px; color:#444; text-decoration:none;\" rel=\"noopener\">&#13;<br \/>\n                                    Anadolu Ajans\u0131 web sitesinde, AA Haber Ak\u0131\u015f Sistemi (HAS) \u00fczerinden abonelere sunulan haberler, \u00f6zetlenerek yay\u0131mlanmaktad\u0131r. <b style=\"color:#1897F7\">Abonelik i\u00e7in l\u00fctfen ileti\u015fime ge\u00e7iniz.<\/b>&#13;<br \/>\n                                <\/a>&#13;<br \/>\n                            <\/span>\n                        <\/div>\n<p><script>\n\t  window.fbAsyncInit = function() {\n\t\tFB.init({\n\t\t  appId: '1855843514662870',\n\t\t  status : true, \/\/ check login status\n\t\t  cookie : true, \/\/ enable cookies to allow the server to access the session\n\t\t  xfbml  : true  \/\/ parse XFBML\n\t\t});\n\t  };<\/p>\n<p>\t  (function() {\n\t\tvar e = document.createElement('script');\n\t\te.src=\"https:\/\/connect.facebook.net\/tr_TR\/all.js\";\n\t\te.async = true;\n\t\tdocument.getElementById('fb-root').appendChild(e);\n\t  }());\n    <\/script><\/p>\n","protected":false},"excerpt":{"rendered":"<p>Yenievler Mahallesi&#8217;nde Sema Mert\u00e7e ve Sercan \u00d6zdemir \u00e7iftinin d\u00fcn ak\u015fam k\u0131na gecesi yap\u0131ld\u0131. K\u0131na gecesine kat\u0131lanlar halay \u00e7ekti\u011fi s\u0131rada Diyarbak\u0131r&#8217;\u0131n yan\u0131 s\u0131ra baz\u0131 illerde de g\u00f6ky\u00fcz\u00fcnde g\u00f6r\u00fclen parlak \u0131\u015f\u0131\u011f\u0131, mahallede ya\u015fayan bir kad\u0131n cep telefonu kameras\u0131yla g\u00f6r\u00fcnt\u00fcledi. K\u0131sa s\u00fcrede sosyal medyada yay\u0131lan g\u00f6r\u00fcnt\u00fc, bir\u00e7ok kullan\u0131c\u0131 taraf\u0131ndan payla\u015f\u0131ld\u0131. &#8220;\u015eim\u015fek \u00e7ak\u0131yor sand\u0131m&#8221; Halay \u00e7ekenler aras\u0131nda bulunan Sedef [&hellip;]<\/p>\n","protected":false},"author":1,"featured_media":13399,"comment_status":"","ping_status":"","sticky":false,"template":"","format":"standard","meta":[],"categories":[50],"tags":[],"_links":{"self":[{"href":"https:\/\/kraios.app\/news\/wp-json\/wp\/v2\/posts\/13398"}],"collection":[{"href":"https:\/\/kraios.app\/news\/wp-json\/wp\/v2\/posts"}],"about":[{"href":"https:\/\/kraios.app\/news\/wp-json\/wp\/v2\/types\/post"}],"author":[{"embeddable":true,"href":"https:\/\/kraios.app\/news\/wp-json\/wp\/v2\/users\/1"}],"replies":[{"embeddable":true,"href":"https:\/\/kraios.app\/news\/wp-json\/wp\/v2\/comments?post=13398"}],"version-history":[{"count":0,"href":"https:\/\/kraios.app\/news\/wp-json\/wp\/v2\/posts\/13398\/revisions"}],"wp:featuredmedia":[{"embeddable":true,"href":"https:\/\/kraios.app\/news\/wp-json\/wp\/v2\/media\/13399"}],"wp:attachment":[{"href":"https:\/\/kraios.app\/news\/wp-json\/wp\/v2\/media?parent=13398"}],"wp:term":[{"taxonomy":"category","embeddable":true,"href":"https:\/\/kraios.app\/news\/wp-json\/wp\/v2\/categories?post=13398"},{"taxonomy":"post_tag","embeddable":true,"href":"https:\/\/kraios.app\/news\/wp-json\/wp\/v2\/tags?post=13398"}],"curies":[{"name":"wp","href":"https:\/\/api.w.org\/{rel}","templated":true}]}}