{"id":13352,"date":"2023-09-03T07:20:04","date_gmt":"2023-09-03T07:20:04","guid":{"rendered":"https:\/\/kraios.app\/news\/spor\/2023\/09\/03\/pegula-ve-medvedev-abd-acikta-son-16ya-kaldi\/"},"modified":"2023-09-03T07:20:04","modified_gmt":"2023-09-03T07:20:04","slug":"pegula-ve-medvedev-abd-acikta-son-16ya-kaldi","status":"publish","type":"post","link":"https:\/\/kraios.app\/news\/spor\/2023\/09\/03\/pegula-ve-medvedev-abd-acikta-son-16ya-kaldi\/","title":{"rendered":"Pegula ve Medvedev, ABD A\u00e7\u0131k&#039;ta son 16&#039;ya kald\u0131"},"content":{"rendered":"<p>Sezonun son grand slam tenis turnuvas\u0131 ABD A\u00e7\u0131k&#8217;ta kad\u0131nlar\u0131n 3 numaral\u0131 seriba\u015f\u0131 Jessica Pegula ve erkeklerin 3 numaral\u0131 seriba\u015f\u0131 Daniil Medvedev, 4. tura y\u00fckseldi.<\/p>\n","protected":false},"excerpt":{"rendered":"<p>Sezonun son grand slam tenis turnuvas\u0131 ABD A\u00e7\u0131k&#8217;ta kad\u0131nlar\u0131n 3 numaral\u0131 seriba\u015f\u0131 Jessica Pegula ve erkeklerin 3 numaral\u0131 seriba\u015f\u0131 Daniil Medvedev, 4. tura y\u00fckseldi.<\/p>\n","protected":false},"author":1,"featured_media":13353,"comment_status":"","ping_status":"","sticky":false,"template":"","format":"standard","meta":[],"categories":[48],"tags":[],"_links":{"self":[{"href":"https:\/\/kraios.app\/news\/wp-json\/wp\/v2\/posts\/13352"}],"collection":[{"href":"https:\/\/kraios.app\/news\/wp-json\/wp\/v2\/posts"}],"about":[{"href":"https:\/\/kraios.app\/news\/wp-json\/wp\/v2\/types\/post"}],"author":[{"embeddable":true,"href":"https:\/\/kraios.app\/news\/wp-json\/wp\/v2\/users\/1"}],"replies":[{"embeddable":true,"href":"https:\/\/kraios.app\/news\/wp-json\/wp\/v2\/comments?post=13352"}],"version-history":[{"count":0,"href":"https:\/\/kraios.app\/news\/wp-json\/wp\/v2\/posts\/13352\/revisions"}],"wp:featuredmedia":[{"embeddable":true,"href":"https:\/\/kraios.app\/news\/wp-json\/wp\/v2\/media\/13353"}],"wp:attachment":[{"href":"https:\/\/kraios.app\/news\/wp-json\/wp\/v2\/media?parent=13352"}],"wp:term":[{"taxonomy":"category","embeddable":true,"href":"https:\/\/kraios.app\/news\/wp-json\/wp\/v2\/categories?post=13352"},{"taxonomy":"post_tag","embeddable":true,"href":"https:\/\/kraios.app\/news\/wp-json\/wp\/v2\/tags?post=13352"}],"curies":[{"name":"wp","href":"https:\/\/api.w.org\/{rel}","templated":true}]}}