{"id":13340,"date":"2023-09-03T01:40:00","date_gmt":"2023-09-03T01:40:00","guid":{"rendered":"https:\/\/kraios.app\/news\/yasam\/2023\/09\/03\/marmarayin-yorgun-yolcularina-sesiyle-guzel-bir-gun-sonu-yasatiyor\/"},"modified":"2023-09-03T01:40:00","modified_gmt":"2023-09-03T01:40:00","slug":"marmarayin-yorgun-yolcularina-sesiyle-guzel-bir-gun-sonu-yasatiyor","status":"publish","type":"post","link":"https:\/\/kraios.app\/news\/yasam\/2023\/09\/03\/marmarayin-yorgun-yolcularina-sesiyle-guzel-bir-gun-sonu-yasatiyor\/","title":{"rendered":"Marmaray&#8217;\u0131n yorgun yolcular\u0131na sesiyle g\u00fczel bir g\u00fcn sonu ya\u015fat\u0131yor"},"content":{"rendered":"<p><\/p>\n<div>\n<p>Sanatsever bir ailenin k\u0131z\u0131 olarak \u0130zmir&#8217;de do\u011fan Alsancak, k\u00fc\u00e7\u00fck ya\u015flar\u0131ndan itibaren m\u00fczikten hi\u00e7 kopmad\u0131. Okul \u00f6ncesi \u00f6\u011fretmenli\u011fi b\u00f6l\u00fcm\u00fcn\u00fc bitirdikten sonra m\u00fczi\u011fe olan tutkusunu daha profesyonelce sunma karar\u0131 alan Alsancak farkl\u0131 mekanlarda sahne almaya ba\u015flad\u0131.<\/p>\n<p>Alsancak, \u0130stanbul sokaklar\u0131nda, metro istasyonlar\u0131nda milyonlarca \u0130stanbulluya arabeskten, popa, T\u00fcrk Sanat M\u00fczi\u011fi&#8217;nden alternatif rocka, m\u00fczik \u015f\u00f6leni sunuyor. Ak\u015fam saatlerinde evine yeti\u015fme tela\u015f\u0131 ya\u015fayan Marmaray&#8217;\u0131n yorgun yolcular\u0131n\u0131n ko\u015fu\u015fturmas\u0131na Alsancak&#8217;\u0131n \u015fark\u0131lar\u0131 e\u015flik ediyor. \u0130stasyonda yank\u0131lanan melodiyi duyan baz\u0131 yolcular k\u0131sa bir mola veriyor, Alsancak&#8217;a e\u015flik ediyor, \u015fark\u0131 istiyor.<\/p>\n<p>Sosyal medyada da b\u00fcy\u00fck ilgi g\u00f6ren Alsancak, m\u00fczik yolculu\u011funu AA muhabirine anlatt\u0131.<\/p>\n<p><img decoding=\"async\" alt=\"\" src=\"https:\/\/www.aa.com.tr\/uploads\/userFiles\/a54ea27f-6036-4f79-88c6-6bc9ba19a35d\/08_Nisan%2F05%20eyl%C3%BCl%2F15%2FAA-32054749.jpg\"\/><\/p>\n<h3>&#8220;\u0130stanbul d\u0131\u015f\u0131nda da tan\u0131yorlar&#8221;<\/h3>\n<p>Alsancak, 5 ya\u015f\u0131ndan beri \u015fark\u0131 s\u00f6yledi\u011fini ve m\u00fczi\u011fin her zaman hayat\u0131n\u0131n merkezinde oldu\u011funu belirtti.<\/p>\n<p>\u00d6\u011fretmenlik e\u011fitimi ald\u0131\u011f\u0131n\u0131 ve mesle\u011fe ad\u0131m att\u0131ktan sonra bir karar de\u011fi\u015fikli\u011fine gitti\u011fini belirten Alsancak, &#8220;\u00c7ok ayr\u0131 bir e\u011fitime sahibim. Okul \u00f6ncesi \u00f6\u011fretmenli\u011fi mezunuyum. Fakat otuz ya\u015f\u0131mdan sonra sahne almaya ba\u015flad\u0131m. 8 y\u0131ld\u0131r ekme\u011fimi m\u00fczikten kazan\u0131yorum.&#8221; dedi.<\/p>\n<p>\u0130\u00e7 mekanlardaki m\u00fczik anlay\u0131\u015f\u0131n\u0131 \u00e7ok be\u011fenmedi\u011fi i\u00e7in sokaklarda i\u015fini yapt\u0131\u011f\u0131n\u0131 anlatan Alsancak, kar\u015f\u0131la\u015ft\u0131\u011f\u0131 tepkilerin b\u00fcy\u00fck \u00e7o\u011funlu\u011funun olumlu oldu\u011funu dile getirdi.<\/p>\n<p><img decoding=\"async\" alt=\"\" src=\"https:\/\/www.aa.com.tr\/uploads\/userFiles\/a54ea27f-6036-4f79-88c6-6bc9ba19a35d\/08_Nisan%2F05%20eyl%C3%BCl%2F15%2FAA-32054748.jpg\"\/><\/p>\n<h3>&#8220;Birbirine sar\u0131l\u0131p a\u011flayanlar, dans edenler, benimle dertle\u015fenler oluyor&#8221;<\/h3>\n<p>Alsancak, insanlar\u0131n m\u00fczi\u011fe ilgisinin de y\u00fcksek oldu\u011funu s\u00f6yleyerek, \u015funlar\u0131 belirtti:<\/p>\n<p>&#8220;Toplumla halkla \u00e7ok yak\u0131n bir \u015fekilde bir kucakla\u015fma s\u00f6z konusu. \u015eu an b\u00fct\u00fcn \u0130stanbul hatta \u0130stanbul d\u0131\u015f\u0131na \u00e7\u0131k\u0131nca bile tan\u0131yorlar beni \u00e7\u00fcnk\u00fc her g\u00fcn milyonlarca insan Marmaray kullan\u0131yor. \u00c7ok g\u00fczel \u015feyler ya\u015f\u0131yoruz. Birbirine sar\u0131lanlar, dans edenler, a\u011flayanlar oluyor. Ben g\u00f6z\u00fcm kapal\u0131 \u015fark\u0131 okurken gelip bana sar\u0131lanlar oluyor beni \u00f6penler oluyor. \u00c7ok yo\u011fun bir duygu ak\u0131\u015f\u0131 var. Bu ak\u0131\u015f\u0131 kaybetmek istemiyorum.<\/p>\n<p>Bir de h\u00fcz\u00fcnl\u00fc tayfa var tabii. Arabesk tayfam\u0131z bizim olmazsa olmaz, h\u00fcz\u00fcnden, dertten, kederden beslenen. Yerlerde oturup dakikalarca arabesk isteyen oluyor. K\u0131rmamaya \u00e7al\u0131\u015f\u0131yorum, istekleri seslendiriyorum. Tabii okurken ben de dertsizken dert sahibi oluyorum.&#8221;<\/p>\n<p>Alsancak, kad\u0131n oldu\u011fu i\u00e7in avantajl\u0131 oldu\u011funu ve en b\u00fcy\u00fck deste\u011fi yine hemcinslerinden ald\u0131\u011f\u0131n\u0131 vurgulayarak, &#8220;Bana \u00e7i\u00e7ek atanlar\u0131n y\u00fczde 90&#8217;\u0131 kad\u0131n. Maddi olarak destekleyenlerin de yine \u00e7o\u011fu kad\u0131n. Benim i\u00e7in gurur verici. Mesela bastonuyla y\u00fcr\u00fcmekte zorlanan bir teyze yan\u0131ma gelip 5 lira veriyor. Bu g\u00f6zlerimi dolduruyor. Onlar\u0131n kalplerine dokunabiliyorsam ben do\u011fru yolday\u0131m demektir.&#8221; diye konu\u015ftu.<\/p>\n<p><img decoding=\"async\" alt=\"\" src=\"https:\/\/www.aa.com.tr\/uploads\/userFiles\/a54ea27f-6036-4f79-88c6-6bc9ba19a35d\/08_Nisan%2F05%20eyl%C3%BCl%2F15%2FAA-32054751.jpg\"\/><\/p>\n<h3>Durak durak gezen de var, nakdi olmay\u0131p meyve veren sevenlerim de var&#8221;<\/h3>\n<p>Sesiyle her g\u00fcn y\u00fczbinlerce insan\u0131n kalbine girmeye \u00e7al\u0131\u015ft\u0131\u011f\u0131n\u0131 s\u00f6yleyen Alsancak, g\u00f6rd\u00fc\u011f\u00fc ilginin kendisini \u00e7ok mutlu etti\u011fini kaydetti.<\/p>\n<p>\u00d6zellikle sosyal medya \u00fczerinden nerede \u015fark\u0131 seslendirece\u011finin \u00e7ok soruldu\u011funu aktaran Alsancak, &#8220;Durak durak gezen sevenlerimiz var. Sa\u011f olsunlar. Ama bir \u015fekilde buluyorlar. O durakta, istasyonda buluyorlar. \u0130ki g\u00fcn \u00f6nce bir ablam\u0131z pazar arabas\u0131yla beni dinlemeye geldi. Oturdu \u00fczerinde nakit kalmam\u0131\u015f, yar\u0131m saat dinledi. \u00c7ok severek dinledi\u011fini fark ettim. Giderken pazar arabas\u0131ndan domates, salatal\u0131k, elma \u00e7\u0131kard\u0131. Sol taraf\u0131ma bir bakt\u0131m iki tane de simit koymu\u015flar. \u00d6yle bir kucaklama ki beni aileden biri olarak g\u00f6r\u00fcyorlar. \u0130n\u015fallah katlanarak artar bu sevgi seli.&#8221; ifadesini kulland\u0131.<\/p>\n<p>Alsancak, kendisine Marmaray&#8217;da \u015fark\u0131lar\u0131n\u0131 seslendirme f\u0131rsat\u0131 verdi\u011fi i\u00e7in TCDD&#8217;ye de te\u015fekk\u00fcrlerini iletti.<\/p>\n<h3>&#8220;G\u00fczel bir g\u00fcn sonu ya\u015fat\u0131yor&#8221;<\/h3>\n<p>G\u00fcn sonu yorgunlu\u011funu atmak i\u00e7in neredeyse her g\u00fcn Zinnure Alsancak&#8217;\u0131n oldu\u011fu dura\u011fa geldi\u011fini ve uzun s\u00fcre ayr\u0131lmad\u0131\u011f\u0131n\u0131 belirten hem\u015fire Nurcan \u00dcnald\u0131, &#8220;G\u00fcn\u00fcn stresini m\u00fczik dinleyerek atlat\u0131yoruz. Zinnure Han\u0131m&#8217;\u0131n da sesi \u00e7ok g\u00fczel harika. S\u00fcrekli dinlemeye geliyoruz.&#8221; diye konu\u015ftu.<\/p>\n<p>Alsancak&#8217;\u0131 s\u0131k s\u0131k dinlemeye gelen gen\u00e7lerden Nisanur Kolcu da &#8220;Yar\u0131m saattir bekliyoruz. Bizi k\u0131rmad\u0131 istek \u015fark\u0131m\u0131z\u0131 seslendirdi. Huzur verici bir sesi var. \u00c7ok g\u00fczel bir tonu var.&#8221; dedi.<\/p>\n<p>Alsancak&#8217;\u0131n s\u0131k\u0131 takip\u00e7ilerinden Hediye Ta\u015fk\u0131ran ,&#8221;Sesini \u00e7ok be\u011feniyorum, severek dinliyorum. Sosyal medyadan da kendisini \u00e7ok iyi takip ediyorum. S\u00f6yledi\u011fi \u015fark\u0131lar i\u00e7ten, duygusal. \u0130nsan\u0131n y\u00fcre\u011fine kadar inebiliyor. Onu \u00e7ok g\u00fczel yerlerde g\u00f6rmek istiyoruz. \u0130\u00e7ten biri.&#8221; s\u00f6zlerine yer verdi.<\/p>\n<p>                            <span class=\"detay-foto-editor\">&#13;<br \/>\n                                <a href=\"https:\/\/www.aa.com.tr\/tr\/p\/abonelik-talep-formu\/1001\" target=\"_blank\" style=\"font-size:12px; color:#444; text-decoration:none;\" rel=\"noopener\">&#13;<br \/>\n                                    Anadolu Ajans\u0131 web sitesinde, AA Haber Ak\u0131\u015f Sistemi (HAS) \u00fczerinden abonelere sunulan haberler, \u00f6zetlenerek yay\u0131mlanmaktad\u0131r. <b style=\"color:#1897F7\">Abonelik i\u00e7in l\u00fctfen ileti\u015fime ge\u00e7iniz.<\/b>&#13;<br \/>\n                                <\/a>&#13;<br \/>\n                            <\/span>\n                        <\/div>\n<p><script>\n\t  window.fbAsyncInit = function() {\n\t\tFB.init({\n\t\t  appId: '1855843514662870',\n\t\t  status : true, \/\/ check login status\n\t\t  cookie : true, \/\/ enable cookies to allow the server to access the session\n\t\t  xfbml  : true  \/\/ parse XFBML\n\t\t});\n\t  };<\/p>\n<p>\t  (function() {\n\t\tvar e = document.createElement('script');\n\t\te.src=\"https:\/\/connect.facebook.net\/tr_TR\/all.js\";\n\t\te.async = true;\n\t\tdocument.getElementById('fb-root').appendChild(e);\n\t  }());\n    <\/script><\/p>\n","protected":false},"excerpt":{"rendered":"<p>Sanatsever bir ailenin k\u0131z\u0131 olarak \u0130zmir&#8217;de do\u011fan Alsancak, k\u00fc\u00e7\u00fck ya\u015flar\u0131ndan itibaren m\u00fczikten hi\u00e7 kopmad\u0131. Okul \u00f6ncesi \u00f6\u011fretmenli\u011fi b\u00f6l\u00fcm\u00fcn\u00fc bitirdikten sonra m\u00fczi\u011fe olan tutkusunu daha profesyonelce sunma karar\u0131 alan Alsancak farkl\u0131 mekanlarda sahne almaya ba\u015flad\u0131. Alsancak, \u0130stanbul sokaklar\u0131nda, metro istasyonlar\u0131nda milyonlarca \u0130stanbulluya arabeskten, popa, T\u00fcrk Sanat M\u00fczi\u011fi&#8217;nden alternatif rocka, m\u00fczik \u015f\u00f6leni sunuyor. Ak\u015fam saatlerinde evine yeti\u015fme [&hellip;]<\/p>\n","protected":false},"author":1,"featured_media":13341,"comment_status":"","ping_status":"","sticky":false,"template":"","format":"standard","meta":[],"categories":[50],"tags":[],"_links":{"self":[{"href":"https:\/\/kraios.app\/news\/wp-json\/wp\/v2\/posts\/13340"}],"collection":[{"href":"https:\/\/kraios.app\/news\/wp-json\/wp\/v2\/posts"}],"about":[{"href":"https:\/\/kraios.app\/news\/wp-json\/wp\/v2\/types\/post"}],"author":[{"embeddable":true,"href":"https:\/\/kraios.app\/news\/wp-json\/wp\/v2\/users\/1"}],"replies":[{"embeddable":true,"href":"https:\/\/kraios.app\/news\/wp-json\/wp\/v2\/comments?post=13340"}],"version-history":[{"count":0,"href":"https:\/\/kraios.app\/news\/wp-json\/wp\/v2\/posts\/13340\/revisions"}],"wp:featuredmedia":[{"embeddable":true,"href":"https:\/\/kraios.app\/news\/wp-json\/wp\/v2\/media\/13341"}],"wp:attachment":[{"href":"https:\/\/kraios.app\/news\/wp-json\/wp\/v2\/media?parent=13340"}],"wp:term":[{"taxonomy":"category","embeddable":true,"href":"https:\/\/kraios.app\/news\/wp-json\/wp\/v2\/categories?post=13340"},{"taxonomy":"post_tag","embeddable":true,"href":"https:\/\/kraios.app\/news\/wp-json\/wp\/v2\/tags?post=13340"}],"curies":[{"name":"wp","href":"https:\/\/api.w.org\/{rel}","templated":true}]}}