{"id":13331,"date":"2023-09-03T01:37:47","date_gmt":"2023-09-03T01:37:47","guid":{"rendered":"https:\/\/kraios.app\/news\/siyaset\/2023\/09\/03\/hatayda-toplam-40-bin-400-bagimsiz-bolumun-insasi-devam-ediyor\/"},"modified":"2023-09-03T01:37:47","modified_gmt":"2023-09-03T01:37:47","slug":"hatayda-toplam-40-bin-400-bagimsiz-bolumun-insasi-devam-ediyor","status":"publish","type":"post","link":"https:\/\/kraios.app\/news\/siyaset\/2023\/09\/03\/hatayda-toplam-40-bin-400-bagimsiz-bolumun-insasi-devam-ediyor\/","title":{"rendered":"Hatay&#8217;da toplam 40 bin 400 ba\u011f\u0131ms\u0131z b\u00f6l\u00fcm\u00fcn in\u015fas\u0131 devam ediyor"},"content":{"rendered":"<p><\/p>\n<div>\n<p>Cumhurba\u015fkan\u0131 Recep Tayyip Erdo\u011fan, &#8220;Se\u00e7im d\u00f6neminde depremzedelere &#8216;bedava ev&#8217; s\u00f6z\u00fc verenler hem s\u00f6zlerini hem de Hatay ile birlikte di\u011fer \u015fehirlerimizin de yolunu unuttu.&#8221; dedi.<\/p>\n<p>Cumhurba\u015fkan\u0131 Erdo\u011fan, video konferans y\u00f6ntemiyle kat\u0131ld\u0131\u011f\u0131 Hatay Kentsel D\u00f6n\u00fc\u015f\u00fcm Projesi Toplu Temel Atma T\u00f6reni&#8217;nde, 28 May\u0131s se\u00e7imlerinde kendisine verdikleri destek i\u00e7in Hatay halk\u0131na te\u015fekk\u00fcr etti.<\/p>\n<p>Hatayl\u0131lar\u0131n y\u00fczde 50,15 oy oran\u0131yla kendisine destek verdi\u011fini belirten Erdo\u011fan, bug\u00fcne kadar oldu\u011fu gibi gelecek 5 sene boyunca t\u00fcm T\u00fcrkiye ile birlikte Hatay&#8217;\u0131n da g\u00fcvenine lay\u0131k olmaya \u00e7al\u0131\u015faca\u011f\u0131n\u0131 dile getirdi.<\/p>\n<p class=\"videoWrapper\">\n<div class=\"jeg_video_container jeg_video_content\"><iframe loading=\"lazy\" title=\"Cumhurba\u015fkan\u0131 Erdo\u011fan: Hatay&#039;da toplam 40 bin 400 ba\u011f\u0131ms\u0131z b\u00f6l\u00fcm\u00fcn in\u015fas\u0131 devam ediyor\" width=\"500\" height=\"281\" src=\"https:\/\/www.youtube.com\/embed\/9cFQ3EDWISE?feature=oembed\" frameborder=\"0\" allow=\"accelerometer; autoplay; clipboard-write; encrypted-media; gyroscope; picture-in-picture; web-share\" allowfullscreen><\/iframe><\/div>\n<p>&amp;amp;amp;amp;amp;amp;amp;amp;lt;br class=&#8221;k-br&#8221; \/&amp;amp;amp;amp;amp;amp;amp;amp;gt;<\/iframe><\/p>\n<p>Erdo\u011fan, Hatayl\u0131lara \u015f\u00fckran borcunu daha \u00e7ok \u00e7al\u0131\u015farak, daha fazla eser ve hizmet \u00fcreterek \u00f6deyeceklerini vurgulayarak \u015f\u00f6yle konu\u015ftu:<\/p>\n<p>&#8220;Bu vesileyle bir kez daha 6 \u015eubat depremlerinde ve onlar\u0131 takip eden art\u00e7\u0131 sars\u0131nt\u0131larda hayatlar\u0131n\u0131 kaybeden karde\u015flerimize Allah&#8217;tan rahmet, yak\u0131nlar\u0131na ba\u015fsa\u011fl\u0131\u011f\u0131 diliyorum. Depremin \u00fczerinden 209 g\u00fcn ge\u00e7mi\u015f olsa da y\u00fcreklerimizde a\u00e7t\u0131\u011f\u0131 yaralar halen tazeli\u011fini koruyor. Enkaz\u0131n alt\u0131nda kalarak aram\u0131zdan ayr\u0131lan hi\u00e7bir insan\u0131m\u0131z\u0131 unutmad\u0131k, unutmayaca\u011f\u0131z. Depremin ilk g\u00fcn\u00fcnden itibaren bu konudaki hassasiyetlerimizi g\u00f6sterdik. Deprem b\u00f6lgesinde ya\u015fayan karde\u015flerimizi asla yaln\u0131z b\u0131rakmad\u0131k. Se\u00e7im d\u00f6neminde depremzedelere &#8216;bedava ev&#8217; s\u00f6z\u00fc verenler hem s\u00f6zlerini hem de Hatay ile birlikte di\u011fer \u015fehirlerimizin de yolunu unuttu. Biz ise depremzede \u015fehirlerimizi en az birka\u00e7 kez ziyaret ederek hem vatanda\u015flar\u0131m\u0131za yaln\u0131z olmad\u0131klar\u0131n\u0131 hissettirdik hem de y\u00fcr\u00fct\u00fclen \u00e7al\u0131\u015fmalar\u0131 yerinde g\u00f6rme imkan\u0131 bulduk. Ayn\u0131 \u015fekilde \u015fov pe\u015finde ko\u015fan deprem turistleri \u00e7ekip gittikten sonra bile Hatay ile karde\u015f ilan etti\u011fimiz 94 belediyemiz, ba\u015fkanlar\u0131 ve ekipleriyle Hatay halk\u0131n\u0131n yan\u0131nda olmaya devam etti.&#8221;<\/p>\n<p>Cumhurba\u015fkan\u0131 Erdo\u011fan, depremin siyasetini ve istismar\u0131n\u0131 yapanlardan de\u011fil, depremzedelerin ac\u0131lar\u0131n\u0131 payla\u015fanlardan, y\u00fcreklerine omuz verenlerden olduklar\u0131n\u0131 kaydederek, &#8220;S\u0131rf oy tercihlerinden dolay\u0131 depremzedelerimize hakaret edenlerden de\u011fil, siyasi g\u00f6r\u00fc\u015f\u00fcne bakmadan 85 milyonun tamam\u0131n\u0131 kucaklayanlardan olduk. Hatay&#8217;\u0131m\u0131z\u0131 en son 28 May\u0131s se\u00e7imlerinden bir hafta \u00f6nce ziyaret etmi\u015f hem sizlerle dertle\u015fmi\u015f hem de Defne Devlet Hastanesi&#8217;ni a\u00e7m\u0131\u015ft\u0131k. Birilerinin tek kare foto\u011fraf \u00fczerinden aleyhinde adeta bir lin\u00e7 kampanyas\u0131 y\u00fcr\u00fctt\u00fc\u011f\u00fc hastanemiz, sahadaki zorluklara ra\u011fmen o g\u00fcnden bug\u00fcne Hatayl\u0131 karde\u015flerimize hizmet ediyor. Di\u011fer sa\u011fl\u0131k projelerimizin de takibini yap\u0131yoruz. S\u00f6z verdi\u011fimiz \u015fekilde in\u015fallah onlar\u0131 da \u015fehrimize kazand\u0131raca\u011f\u0131z.&#8221; ifadelerini kulland\u0131.<\/p>\n<p>Deprem b\u00f6lgesini sadece foto\u011fraflardan g\u00f6renlerin 11 \u015fehri etkileyen afetin b\u00fcy\u00fckl\u00fc\u011f\u00fcn\u00fc anlamakta zorland\u0131\u011f\u0131na dikkati \u00e7eken Cumhurba\u015fkan\u0131 Erdo\u011fan, \u015f\u00f6yle devam etti:<\/p>\n<p>&#8220;\u00d6zellikle depremin hemen ard\u0131ndan b\u00f6lgeye yapt\u0131\u011f\u0131m\u0131z ziyaretlerde nas\u0131l bir tabii afetle kar\u015f\u0131 kar\u015f\u0131ya kald\u0131\u011f\u0131m\u0131z\u0131 g\u00f6rm\u00fc\u015ft\u00fck. Hatay ve il\u00e7elerinin asr\u0131n felaketini ya\u015fad\u0131\u011f\u0131 tart\u0131\u015fma g\u00f6t\u00fcrmez bir ger\u00e7ektir. Ayn\u0131 \u015fekilde devletimizin t\u00fcm s\u0131k\u0131nt\u0131lara ra\u011fmen depremin yaralar\u0131n\u0131 sarma konusundaki iradesi ve \u00e7abalar\u0131 da bir ba\u015fka hakikattir. Ekonomisi ne kadar g\u00fc\u00e7l\u00fc olursa olsun b\u00f6yle b\u00fcy\u00fck bir felaketin alt\u0131ndan kalkabilecek \u00fclkelerin say\u0131s\u0131 bir elin parmaklar\u0131n\u0131 ge\u00e7mez.<\/p>\n<p>Burada \u015fu hususun alt\u0131n\u0131 \u00e7izerek tekrar ifade etmek isterim; \u00e7e\u015fitli zorluklarla, sorunlarla, irademizi a\u015fan baz\u0131 hususlarla kar\u015f\u0131la\u015fsak da depremin y\u0131kt\u0131\u011f\u0131 \u015fehirlerimizi Allah&#8217;\u0131n izniyle aya\u011fa kald\u0131rmakta kararl\u0131y\u0131z. Afet b\u00f6lgesinde ya\u015fayan karde\u015flerimizin s\u0131k\u0131nt\u0131lar\u0131n\u0131 \u00e7ok iyi biliyoruz. Vatanda\u015flar\u0131m\u0131z\u0131n kal\u0131c\u0131 konutlara kavu\u015fma isteklerinin de fark\u0131nday\u0131z. Biz de bu talep ve beklentileri kar\u015f\u0131lamak, sizleri bir an \u00f6nce g\u00fcvenli ve yeni yuvalar\u0131n\u0131za kavu\u015fturmak i\u00e7in gece-g\u00fcnd\u00fcz demeden \u00e7al\u0131\u015f\u0131yoruz.&#8221;<\/p>\n<p><img decoding=\"async\" alt=\"\" src=\"https:\/\/www.aa.com.tr\/uploads\/userFiles\/c9f1ae26-3cf3-4ab4-9d72-230dedd01a4c\/AA-32058006.jpg\"\/><\/p>\n<p>Cumhurba\u015fkan\u0131 Erdo\u011fan, k\u0131sa s\u00fcre \u00f6nce Kahramanmara\u015f ve Ad\u0131yaman&#8217;da binlerce deprem konutunun temelini att\u0131klar\u0131n\u0131 hat\u0131rlatarak, ayn\u0131 sevinci bug\u00fcn Hatayl\u0131 karde\u015fleriyle ya\u015fad\u0131\u011f\u0131n\u0131 kaydetti.<\/p>\n<p>Hatay&#8217;da 254 bin 195 konutun depremden zarar g\u00f6rd\u00fc\u011f\u00fcn\u00fc belirten Cumhurba\u015fkan\u0131 Erdo\u011fan, &#8220;\u015eu anda Hatay&#8217;da 32 bin 600 konut, 7 bin 800 k\u00f6y evi ve depo olmak \u00fczere toplam 40 bin 400 ba\u011f\u0131ms\u0131z b\u00f6l\u00fcm\u00fcn in\u015fas\u0131 devam ediyor. Bug\u00fcn bunlara yenilerini ekliyoruz. Toplam 5 bin ba\u011f\u0131ms\u0131z b\u00f6l\u00fcm\u00fcn temellerini at\u0131yoruz. Antakya&#8217;da zarar g\u00f6ren Uzun \u00c7ar\u015f\u0131&#8217;y\u0131 ihya etmek i\u00e7in 600 d\u00fckkan\u0131n, Antakya Atat\u00fcrk Caddesi&#8217;nde yerinde d\u00f6n\u00fc\u015f\u00fcm kapsam\u0131nda konut ve d\u00fckkandan olu\u015fan 3 bin 500 ba\u011f\u0131ms\u0131z b\u00f6l\u00fcm\u00fcn, Arsuz&#8217;da rezerv alanlarda 900 ba\u011f\u0131ms\u0131z b\u00f6l\u00fcm\u00fcn yap\u0131m\u0131na ba\u015fl\u0131yoruz. Bug\u00fcn temellerini att\u0131\u011f\u0131m\u0131z projelerimizle birlikte Hatay&#8217;\u0131n kent meydan\u0131n\u0131n, \u015fehir merkezinin in\u015fas\u0131 i\u00e7in de ilk kazmay\u0131 vuruyoruz.&#8221; ifadelerini kulland\u0131.<\/p>\n<p>Yerinde d\u00f6n\u00fc\u015f\u00fcm projelerine Hatayl\u0131 vatanda\u015flar\u0131n g\u00f6sterdi\u011fi ilgiden memnuniyet duyduklar\u0131n\u0131 vurgulayan Cumhurba\u015fkan\u0131 Erdo\u011fan, &#8220;Projemize Hatay merkez ve il\u00e7elerinden toplam 86 bin ki\u015fi ba\u015fvuru yapt\u0131. Proje kapsam\u0131nda biz hem hibe hem de kredi deste\u011fi verece\u011fiz. Vatanda\u015f\u0131m\u0131z da Bakanl\u0131k deste\u011fi ve te\u015fvikiyle evlerini yapacak. Vergi, har\u00e7, yap\u0131 denetim gibi her t\u00fcrl\u00fc masraftan muaf olacaklar. Bakanl\u0131\u011f\u0131m\u0131z ruhsattan meskene kadar t\u00fcm s\u00fcreci denetleyecek. B\u00f6ylece in\u015fa edilen konutlar\u0131n depreme dayan\u0131kl\u0131l\u0131\u011f\u0131yla ilgili zihinlerde hi\u00e7bir soru i\u015fareti olu\u015fmayacak.&#8221; dedi.<\/p>\n<p>Cumhurba\u015fkan\u0131 Erdo\u011fan, Hatay Havaliman\u0131 projesinin de tamamland\u0131\u011f\u0131n\u0131 ve k\u0131sa s\u00fcrede yap\u0131m\u0131na ba\u015flayacaklar\u0131n\u0131 kaydetti.<\/p>\n<p>\u015eehrin her t\u00fcrl\u00fc meselesi gibi di\u011fer projelerin de yak\u0131n takibinde oldu\u011funu aktaran Cumhurba\u015fkan\u0131 Erdo\u011fan, &#8220;Rabb&#8217;im bizleri her t\u00fcrl\u00fc afetten muhafaza buyursun diyorum. Bu duygularla bir kez daha deprem \u015fehitlerimize Allah&#8217;tan rahmet, kalanlara sa\u011fl\u0131kl\u0131 ve huzurlu bir hayat diliyorum. Bu projelerin hayata ge\u00e7mesinde katk\u0131s\u0131 olan t\u00fcm kurumlar\u0131m\u0131z\u0131, y\u00fcklenici firmalar\u0131, m\u00fchendisinden i\u015f\u00e7isine herkesi \u015fimdiden tebrik ediyorum.&#8221; diye konu\u015ftu.<\/p>\n<p>Cumhurba\u015fkan\u0131 Erdo\u011fan, konu\u015fmas\u0131n\u0131n ard\u0131ndan Hatay Merkez&#8217;deki canl\u0131 ba\u011flant\u0131 noktas\u0131nda bulunan \u00c7evre, \u015eehircilik ve \u0130klim De\u011fi\u015fikli\u011fi Bakan\u0131 Mehmet \u00d6zhaseki&#8217;ye &#8220;Haz\u0131r m\u0131y\u0131z?&#8221; diye seslendi. Haz\u0131r olduklar\u0131n\u0131 bildiren \u00d6zhaseki de temel at\u0131lacak b\u00f6lgelerle ilgili k\u0131sa bir konu\u015fma yapt\u0131.<\/p>\n<p>Erdo\u011fan, &#8220;\u015eu an itibar\u0131yla Hatay merkez 3 bin 500 ba\u011f\u0131ms\u0131z b\u00f6l\u00fcm\u00fcn yerinde d\u00f6n\u00fc\u015f\u00fcm proje alan\u0131 temel atma t\u00f6renini yap\u0131yoruz.&#8221; bilgisini verdi.<\/p>\n<p>Hatay M\u00fcft\u00fcs\u00fc Mevl\u00fct Top\u00e7u&#8217;nun dua okumas\u0131n\u0131n ard\u0131ndan Arsuz ve Merkez Uzun \u00c7ar\u015f\u0131&#8217;da temel at\u0131lacak noktalara da ba\u011flan\u0131ld\u0131.<\/p>\n<p>Cumhurba\u015fkan\u0131 Erdo\u011fan&#8217;\u0131n talimat\u0131yla \u00fc\u00e7 noktada butonlara bas\u0131larak temeller at\u0131ld\u0131.<\/p>\n<p>Betonlar temele d\u00f6k\u00fcl\u00fcrken Cumhurba\u015fkan\u0131 Erdo\u011fan, &#8220;Hani muhalefet diyor ya &#8216;Beton falan nerede?&#8217; Demir \u00e7elikler burada, beton da burada. \u00c7ok k\u0131sa zamanda b\u00fct\u00fcn binalar\u0131n y\u00fckseldi\u011fini g\u00f6rmeye devam ediyoruz. Hay\u0131rl\u0131 olsun.&#8221; ifadelerini kulland\u0131.<\/p>\n<p>                            <span class=\"detay-foto-editor\">&#13;<br \/>\n                                <a href=\"https:\/\/www.aa.com.tr\/tr\/p\/abonelik-talep-formu\/1001\" target=\"_blank\" style=\"font-size:12px; color:#444; text-decoration:none;\" rel=\"noopener\">&#13;<br \/>\n                                    Anadolu Ajans\u0131 web sitesinde, AA Haber Ak\u0131\u015f Sistemi (HAS) \u00fczerinden abonelere sunulan haberler, \u00f6zetlenerek yay\u0131mlanmaktad\u0131r. <b style=\"color:#1897F7\">Abonelik i\u00e7in l\u00fctfen ileti\u015fime ge\u00e7iniz.<\/b>&#13;<br \/>\n                                <\/a>&#13;<br \/>\n                            <\/span>\n                        <\/div>\n<p><script>\n\t  window.fbAsyncInit = function() {\n\t\tFB.init({\n\t\t  appId: '1855843514662870',\n\t\t  status : true, \/\/ check login status\n\t\t  cookie : true, \/\/ enable cookies to allow the server to access the session\n\t\t  xfbml  : true  \/\/ parse XFBML\n\t\t});\n\t  };<\/p>\n<p>\t  (function() {\n\t\tvar e = document.createElement('script');\n\t\te.src=\"https:\/\/connect.facebook.net\/tr_TR\/all.js\";\n\t\te.async = true;\n\t\tdocument.getElementById('fb-root').appendChild(e);\n\t  }());\n    <\/script><\/p>\n","protected":false},"excerpt":{"rendered":"<p>Cumhurba\u015fkan\u0131 Recep Tayyip Erdo\u011fan, &#8220;Se\u00e7im d\u00f6neminde depremzedelere &#8216;bedava ev&#8217; s\u00f6z\u00fc verenler hem s\u00f6zlerini hem de Hatay ile birlikte di\u011fer \u015fehirlerimizin de yolunu unuttu.&#8221; dedi. Cumhurba\u015fkan\u0131 Erdo\u011fan, video konferans y\u00f6ntemiyle kat\u0131ld\u0131\u011f\u0131 Hatay Kentsel D\u00f6n\u00fc\u015f\u00fcm Projesi Toplu Temel Atma T\u00f6reni&#8217;nde, 28 May\u0131s se\u00e7imlerinde kendisine verdikleri destek i\u00e7in Hatay halk\u0131na te\u015fekk\u00fcr etti. Hatayl\u0131lar\u0131n y\u00fczde 50,15 oy oran\u0131yla kendisine [&hellip;]<\/p>\n","protected":false},"author":1,"featured_media":13332,"comment_status":"","ping_status":"","sticky":false,"template":"","format":"standard","meta":[],"categories":[47],"tags":[],"_links":{"self":[{"href":"https:\/\/kraios.app\/news\/wp-json\/wp\/v2\/posts\/13331"}],"collection":[{"href":"https:\/\/kraios.app\/news\/wp-json\/wp\/v2\/posts"}],"about":[{"href":"https:\/\/kraios.app\/news\/wp-json\/wp\/v2\/types\/post"}],"author":[{"embeddable":true,"href":"https:\/\/kraios.app\/news\/wp-json\/wp\/v2\/users\/1"}],"replies":[{"embeddable":true,"href":"https:\/\/kraios.app\/news\/wp-json\/wp\/v2\/comments?post=13331"}],"version-history":[{"count":0,"href":"https:\/\/kraios.app\/news\/wp-json\/wp\/v2\/posts\/13331\/revisions"}],"wp:featuredmedia":[{"embeddable":true,"href":"https:\/\/kraios.app\/news\/wp-json\/wp\/v2\/media\/13332"}],"wp:attachment":[{"href":"https:\/\/kraios.app\/news\/wp-json\/wp\/v2\/media?parent=13331"}],"wp:term":[{"taxonomy":"category","embeddable":true,"href":"https:\/\/kraios.app\/news\/wp-json\/wp\/v2\/categories?post=13331"},{"taxonomy":"post_tag","embeddable":true,"href":"https:\/\/kraios.app\/news\/wp-json\/wp\/v2\/tags?post=13331"}],"curies":[{"name":"wp","href":"https:\/\/api.w.org\/{rel}","templated":true}]}}