{"id":13327,"date":"2023-09-03T01:36:04","date_gmt":"2023-09-03T01:36:04","guid":{"rendered":"https:\/\/kraios.app\/news\/ekonomi\/2023\/09\/03\/kirklarelili-aricilarin-bal-hasadi-devam-ediyor\/"},"modified":"2023-09-03T01:36:04","modified_gmt":"2023-09-03T01:36:04","slug":"kirklarelili-aricilarin-bal-hasadi-devam-ediyor","status":"publish","type":"post","link":"https:\/\/kraios.app\/news\/ekonomi\/2023\/09\/03\/kirklarelili-aricilarin-bal-hasadi-devam-ediyor\/","title":{"rendered":"K\u0131rklarelili ar\u0131c\u0131lar\u0131n bal hasad\u0131 devam ediyor"},"content":{"rendered":"<p> <br \/>\n<\/p>\n<div>\n<p>Zengin floras\u0131 dolay\u0131s\u0131yla pek \u00e7ok gezgin ar\u0131c\u0131n\u0131n da tercih etti\u011fi K\u0131rklareli \u00e7i\u00e7ek, lavanta, kara \u00e7al\u0131 ve me\u015fe bal\u0131 \u00fcretmek isteyen ar\u0131c\u0131lar\u0131 kendine \u00e7ekiyor.<\/p>\n<p>Yerli ar\u0131c\u0131lar\u0131n yan\u0131 s\u0131ra gezgin ar\u0131c\u0131lar Istranca Da\u011flar\u0131&#8217;n\u0131n eteklerine konu\u015fland\u0131rd\u0131klar\u0131 kovanlar\u0131nda aroma olarak \u00f6ne \u00e7\u0131kan bal\u0131 \u00fcretiyor.<\/p>\n<p><img decoding=\"async\" alt=\"\" src=\"https:\/\/www.aa.com.tr\/uploads\/userFiles\/54a427bf-71c5-4e63-a83d-6196709e92a3\/009_2023%2F004_2023%2F29_Eyl%C3%BCl%2F12%2F20230902_2_60106783_92406271.jpg\"\/><\/p>\n<p>Bahar aylar\u0131nda ba\u015flayan &#8220;tatl\u0131 mesai&#8221; g\u00fcz mevsimiyle birlikte sona eriyor.<\/p>\n<p>K\u0131rklareli&#8217;nde yaz aylar\u0131n\u0131n son g\u00fcnlerinde ba\u015flay\u0131p sonbahar aylar\u0131n\u0131n ilk g\u00fcnlerine sarkan bal hasad\u0131nda sona yakla\u015f\u0131l\u0131yor.<\/p>\n<p><img decoding=\"async\" alt=\"\" src=\"https:\/\/www.aa.com.tr\/uploads\/userFiles\/54a427bf-71c5-4e63-a83d-6196709e92a3\/009_2023%2F004_2023%2F29_Eyl%C3%BCl%2F12%2F20230902_2_60106783_92406272.jpg\"\/><\/p>\n<p>Ar\u0131c\u0131lar imece usul\u00fcyle bal hasad\u0131n\u0131 tamamlaman\u0131n tela\u015f\u0131n\u0131 ya\u015f\u0131yor.<\/p>\n<p>Kovanlardan al\u0131nan petekler tahta kasalara toplan\u0131yor.<\/p>\n<p><img decoding=\"async\" alt=\"\" src=\"https:\/\/www.aa.com.tr\/uploads\/userFiles\/54a427bf-71c5-4e63-a83d-6196709e92a3\/009_2023%2F004_2023%2F29_Eyl%C3%BCl%2F12%2F20230902_2_60106783_92406273.jpg\"\/><\/p>\n<p>Ard\u0131ndan bal sa\u011f\u0131m makinesinin bulundu\u011fu alana getirilen peteklerdeki s\u0131rlar s\u0131yr\u0131l\u0131yor.<\/p>\n<p>Daha sonra bu petekler sa\u011f\u0131m makinelerine yerle\u015ftirilip s\u00fczme i\u015flemine ge\u00e7iliyor.<\/p>\n<p><img decoding=\"async\" alt=\"\" src=\"https:\/\/www.aa.com.tr\/uploads\/userFiles\/54a427bf-71c5-4e63-a83d-6196709e92a3\/009_2023%2F004_2023%2F29_Eyl%C3%BCl%2F12%2F20230902_2_60106783_92406274.jpg\"\/><\/p>\n<p>Kavanoz ya da tenekelere al\u0131nan ballar\u0131n bir k\u0131sm\u0131n\u0131 kendilerine ay\u0131ran ar\u0131c\u0131lar bir k\u0131sm\u0131n\u0131 da satarak aile b\u00fct\u00e7esine katk\u0131 sunuyor.<\/p>\n<p>Bal hasad\u0131 sonras\u0131 ar\u0131c\u0131lar sonbahar haz\u0131rl\u0131\u011f\u0131na ba\u015fl\u0131yor. Ar\u0131 kolonilerinin sonbahar ve k\u0131\u015f\u0131n yemeleri i\u00e7in bal ve polen bulunan baz\u0131 petekler kovanlarda b\u0131rak\u0131l\u0131yor.<\/p>\n<p><img decoding=\"async\" alt=\"\" src=\"https:\/\/www.aa.com.tr\/uploads\/userFiles\/54a427bf-71c5-4e63-a83d-6196709e92a3\/009_2023%2F004_2023%2F29_Eyl%C3%BCl%2F12%2F20230902_2_60106783_92406275.jpg\"\/><\/p>\n<h3>&#8220;Ar\u0131c\u0131n\u0131n mutlu oldu\u011fu an&#8221;<\/h3>\n<p>K\u0131rklareli Ar\u0131 Yeti\u015ftiricileri Birli\u011fi Ba\u015fkan\u0131 Nuri \u00c7al\u0131\u015fkan, AA muhabirine 420 kay\u0131tl\u0131 ar\u0131c\u0131n\u0131n oldu\u011fu K\u0131rklareli&#8217;nin T\u00fcrkiye&#8217;nin \u00f6nemli bal \u00fcretim merkezlerinden oldu\u011funu s\u00f6yledi.<\/p>\n<p>\u00c7al\u0131\u015fkan K\u0131rklareli&#8217;nde bal hasad\u0131nda sona gelindi\u011fine i\u015faret etti.<\/p>\n<p><img decoding=\"async\" alt=\"\" src=\"https:\/\/www.aa.com.tr\/uploads\/userFiles\/54a427bf-71c5-4e63-a83d-6196709e92a3\/009_2023%2F004_2023%2F29_Eyl%C3%BCl%2F12%2F20230902_2_60106783_92406276.jpg\"\/><\/p>\n<p>Ar\u0131c\u0131n\u0131n en mutlu oldu\u011fu an\u0131 &#8220;bal sa\u011f\u0131m&#8221; zaman\u0131 olarak niteleyen \u00c7al\u0131\u015fkan, &#8220;Bal sa\u011f\u0131m s\u00fcreci ar\u0131c\u0131n\u0131n \u015fark\u0131 s\u00f6yledi\u011fi, t\u00fcrk\u00fc s\u00f6yledi\u011fi bir s\u00fcre\u00e7tir, ar\u0131c\u0131l\u0131\u011f\u0131n en g\u00fczel zaman\u0131d\u0131r.&#8221; dedi.<\/p>\n<p>Bal sa\u011f\u0131m\u0131 zaman\u0131nda ar\u0131c\u0131lar\u0131n bir y\u0131ll\u0131k emeklerinin kar\u015f\u0131l\u0131klar\u0131n\u0131 ald\u0131\u011f\u0131 d\u00f6nem oldu\u011funu ifade eden \u00c7al\u0131\u015fkan, sa\u011f\u0131mda ar\u0131c\u0131lar\u0131n birbirlerine s\u0131rt verdiklerini belirtti.<\/p>\n<p><img decoding=\"async\" alt=\"\" src=\"https:\/\/www.aa.com.tr\/uploads\/userFiles\/54a427bf-71c5-4e63-a83d-6196709e92a3\/009_2023%2F004_2023%2F29_Eyl%C3%BCl%2F12%2F20230902_2_60106783_92406278.jpg\"\/><\/p>\n<p>Kentte me\u015fe, kara\u00e7al\u0131 ve ay\u00e7i\u00e7e\u011fi bal\u0131 \u00fcretildi\u011fini aktaran \u00c7al\u0131\u015fkan, &#8220;K\u0131rklareli da\u011flar\u0131ndan bal, ovalar\u0131ndan da ya\u011f akan bir il. Ovalar\u0131ndan ya\u011f akan derken de ay\u00e7i\u00e7e\u011finden \u00e7\u0131kan ya\u011fdan bahsediyorum. \u00c7ok bereketli bir co\u011frafyaday\u0131z. Bunun k\u0131ymetini bilmemiz gerekiyor.&#8221; diye konu\u015ftu.<\/p>\n<h3>Kurakl\u0131k etkiledi<\/h3>\n<p>Kurakl\u0131\u011f\u0131n bal verimini olumsuz etkiledi\u011fini vurgulayan \u00c7al\u0131\u015fkan, ar\u0131c\u0131lar\u0131n morallerinin bu sebepten biraz bozuk oldu\u011funu ifade etti.<\/p>\n<p>Bu y\u0131l verimin biraz d\u00fc\u015f\u00fck oldu\u011funun alt\u0131n\u0131 \u00e7izen \u00c7al\u0131\u015fkan, \u201cBal verimi ge\u00e7en y\u0131l \u00e7ok g\u00fczeldi, ondan \u00f6nceki y\u0131l da g\u00fczeldi. \u00c7ok memnunduk. Bu sene kurakl\u0131k bizi biraz daha fazla etkiledi.\u201d ifadelerini kulland\u0131.<\/p>\n<p><img decoding=\"async\" alt=\"\" src=\"https:\/\/www.aa.com.tr\/uploads\/userFiles\/54a427bf-71c5-4e63-a83d-6196709e92a3\/009_2023%2F004_2023%2F29_Eyl%C3%BCl%2F12%2F20230902_2_60106783_92406279.jpg\"\/><\/p>\n<h3>&#8220;Bal\u0131 ald\u0131\u011f\u0131n\u0131z zaman b\u00fct\u00fcn dertler bitiyor&#8221;<\/h3>\n<p>Bal \u00fcreticilerinden Erden G\u00f6n\u00fclal da yakla\u015f\u0131k 15 y\u0131ld\u0131r ar\u0131c\u0131l\u0131k yapt\u0131\u011f\u0131n\u0131 belirtti.<\/p>\n<p>Ge\u00e7imini bu i\u015ften sa\u011flad\u0131\u011f\u0131n\u0131 anlatan G\u00f6n\u00fclal, sa\u011f\u0131m zaman\u0131n\u0131n emeklerin kar\u015f\u0131l\u0131\u011f\u0131n\u0131n al\u0131nd\u0131\u011f\u0131 zamanlar oldu\u011funu s\u00f6yledi.<\/p>\n<p><img decoding=\"async\" alt=\"\" src=\"https:\/\/www.aa.com.tr\/uploads\/userFiles\/54a427bf-71c5-4e63-a83d-6196709e92a3\/009_2023%2F004_2023%2F29_Eyl%C3%BCl%2F12%2F20230902_2_60106783_92406281.jpg\"\/><\/p>\n<p>Bal sa\u011f\u0131m\u0131nda sona yakla\u015ft\u0131klar\u0131n\u0131 aktaran G\u00f6n\u00fclal, &#8220;Ar\u0131c\u0131l\u0131k farkl\u0131 bir meslek. Her kovan\u0131 a\u00e7t\u0131\u011f\u0131n\u0131zda ba\u015fka bir heyecanla kar\u015f\u0131la\u015f\u0131yorsunuz. \u00c7\u00fcnk\u00fc i\u00e7ini a\u00e7t\u0131\u011f\u0131n\u0131zda ne kadar bal oldu\u011funu bilmiyorsunuz. Ama a\u00e7t\u0131\u011f\u0131n\u0131zda birka\u00e7 ball\u0131 \u00e7er\u00e7eve \u00e7ekti\u011finiz zaman o keyif ba\u015fka bir duygu yani ar\u0131c\u0131 olan bilir zaten. Bal\u0131 ald\u0131\u011f\u0131n\u0131z zaman b\u00fct\u00fcn dertler bitiyor.&#8221; dedi.<\/p>\n<p>                            <span class=\"detay-foto-editor\">&#13;<br \/>\n                                <a href=\"https:\/\/www.aa.com.tr\/tr\/p\/abonelik-talep-formu\/1001\" target=\"_blank\" style=\"font-size:12px; color:#444; text-decoration:none;\" rel=\"noopener\">&#13;<br \/>\n                                    Anadolu Ajans\u0131 web sitesinde, AA Haber Ak\u0131\u015f Sistemi (HAS) \u00fczerinden abonelere sunulan haberler, \u00f6zetlenerek yay\u0131mlanmaktad\u0131r. <b style=\"color:#1897F7\">Abonelik i\u00e7in l\u00fctfen ileti\u015fime ge\u00e7iniz.<\/b>&#13;<br \/>\n                                <\/a>&#13;<br \/>\n                            <\/span>\n                        <\/div>\n<p><script>\n\t  window.fbAsyncInit = function() {\n\t\tFB.init({\n\t\t  appId: '1855843514662870',\n\t\t  status : true, \/\/ check login status\n\t\t  cookie : true, \/\/ enable cookies to allow the server to access the session\n\t\t  xfbml  : true  \/\/ parse XFBML\n\t\t});\n\t  };<\/p>\n<p>\t  (function() {\n\t\tvar e = document.createElement('script');\n\t\te.src=\"https:\/\/connect.facebook.net\/tr_TR\/all.js\";\n\t\te.async = true;\n\t\tdocument.getElementById('fb-root').appendChild(e);\n\t  }());\n    <\/script><br \/>\n<br \/><br \/>\n<br \/><a href=\"https:\/\/www.aa.com.tr\/tr\/ekonomi\/kirklarelili-aricilarin-bal-hasadi-devam-ediyor\/2981600\">Source link <\/a><\/p>\n","protected":false},"excerpt":{"rendered":"<p>Zengin floras\u0131 dolay\u0131s\u0131yla pek \u00e7ok gezgin ar\u0131c\u0131n\u0131n da tercih etti\u011fi K\u0131rklareli \u00e7i\u00e7ek, lavanta, kara \u00e7al\u0131 ve me\u015fe bal\u0131 \u00fcretmek isteyen ar\u0131c\u0131lar\u0131 kendine \u00e7ekiyor. Yerli ar\u0131c\u0131lar\u0131n yan\u0131 s\u0131ra gezgin ar\u0131c\u0131lar Istranca Da\u011flar\u0131&#8217;n\u0131n eteklerine konu\u015fland\u0131rd\u0131klar\u0131 kovanlar\u0131nda aroma olarak \u00f6ne \u00e7\u0131kan bal\u0131 \u00fcretiyor. Bahar aylar\u0131nda ba\u015flayan &#8220;tatl\u0131 mesai&#8221; g\u00fcz mevsimiyle birlikte sona eriyor. K\u0131rklareli&#8217;nde yaz aylar\u0131n\u0131n son g\u00fcnlerinde [&hellip;]<\/p>\n","protected":false},"author":1,"featured_media":13328,"comment_status":"","ping_status":"","sticky":false,"template":"","format":"standard","meta":[],"categories":[44],"tags":[],"_links":{"self":[{"href":"https:\/\/kraios.app\/news\/wp-json\/wp\/v2\/posts\/13327"}],"collection":[{"href":"https:\/\/kraios.app\/news\/wp-json\/wp\/v2\/posts"}],"about":[{"href":"https:\/\/kraios.app\/news\/wp-json\/wp\/v2\/types\/post"}],"author":[{"embeddable":true,"href":"https:\/\/kraios.app\/news\/wp-json\/wp\/v2\/users\/1"}],"replies":[{"embeddable":true,"href":"https:\/\/kraios.app\/news\/wp-json\/wp\/v2\/comments?post=13327"}],"version-history":[{"count":0,"href":"https:\/\/kraios.app\/news\/wp-json\/wp\/v2\/posts\/13327\/revisions"}],"wp:featuredmedia":[{"embeddable":true,"href":"https:\/\/kraios.app\/news\/wp-json\/wp\/v2\/media\/13328"}],"wp:attachment":[{"href":"https:\/\/kraios.app\/news\/wp-json\/wp\/v2\/media?parent=13327"}],"wp:term":[{"taxonomy":"category","embeddable":true,"href":"https:\/\/kraios.app\/news\/wp-json\/wp\/v2\/categories?post=13327"},{"taxonomy":"post_tag","embeddable":true,"href":"https:\/\/kraios.app\/news\/wp-json\/wp\/v2\/tags?post=13327"}],"curies":[{"name":"wp","href":"https:\/\/api.w.org\/{rel}","templated":true}]}}