{"id":13325,"date":"2023-09-03T01:20:08","date_gmt":"2023-09-03T01:20:08","guid":{"rendered":"https:\/\/kraios.app\/news\/spor\/2023\/09\/03\/galatasaray-milli-araya-moralli-girdi\/"},"modified":"2023-09-03T01:20:08","modified_gmt":"2023-09-03T01:20:08","slug":"galatasaray-milli-araya-moralli-girdi","status":"publish","type":"post","link":"https:\/\/kraios.app\/news\/spor\/2023\/09\/03\/galatasaray-milli-araya-moralli-girdi\/","title":{"rendered":"Galatasaray milli araya moralli girdi"},"content":{"rendered":"<p><\/p>\n<div>\n                            Trendyol S\u00fcper Lig&#8217;in 4. haftas\u0131nda Galatasaray, deplasmanda Gaziantep FK&#8217;yi 3-0 ma\u011flup etti.<\/p>\n<h3>\u0130lk Yar\u0131<\/h3>\n<p>5. dakikada\u00a0Galatasaray\u00a0\u00f6ne ge\u00e7ti. Tete&#8217;nin ceza sahas\u0131 d\u0131\u015f\u0131ndan sa\u011f \u00e7aprazdan yapt\u0131\u011f\u0131 ortaya ceza sahas\u0131ndaki Kerem Demirbay&#8217;\u0131n yapt\u0131\u011f\u0131 kafa vuru\u015funda top, Jevtovic&#8217;ten d\u00f6nd\u00fc. Karambol sonucu topu \u00f6n\u00fcnde bulan Kerem Akt\u00fcrko\u011flu&#8217;nun bekletmeden yapt\u0131\u011f\u0131 vuru\u015fta me\u015fin yuvarlak, kaleci Batuhan \u015een&#8217;in sa\u011f\u0131ndan filelere gitti: 0-1.<\/p>\n<p><img decoding=\"async\" alt=\"\" src=\"https:\/\/www.aa.com.tr\/uploads\/userFiles\/40b5e6df-807a-4c96-8fee-5e91cbea23a3\/2023%2FAgustos%2Fggs5.jpg\"\/><\/p>\n<p>21. dakikada Kerem Demirbay&#8217;\u0131n sa\u011f taraftan kulland\u0131\u011f\u0131 kornerde alt\u0131pas i\u00e7erisinde iyi y\u00fckselen Icardi&#8217;nin kafa vuru\u015funda, me\u015fin yuvarlak yandan auta \u00e7\u0131kt\u0131.<\/p>\n<p>32. dakikada Riascos&#8217;un ceza yay\u0131 \u00fczerinden pas\u0131nda topla bulu\u015fan \u00d6m\u00fcrcan Artan&#8217;\u0131n sert vuru\u015funda me\u015fin yuvarlak, kaleci Muslera&#8217;da kald\u0131.<\/p>\n<p>Ma\u00e7\u0131n ilk yar\u0131s\u0131,\u00a0Galatasaray&#8217;\u0131n 1-0 \u00fcst\u00fcnl\u00fc\u011f\u00fcyle sona erdi.<\/p>\n<p><img decoding=\"async\" alt=\"\" src=\"https:\/\/www.aa.com.tr\/uploads\/userFiles\/40b5e6df-807a-4c96-8fee-5e91cbea23a3\/2023%2FAgustos%2Fslslsl4.jpg\"\/><\/p>\n<h3>\u0130kinci Yar\u0131<\/h3>\n<p>51. dakikada Gradel&#8217;in sol \u00e7aprazdan ceza sahas\u0131na g\u00f6nderdi\u011fi topa iyi y\u00fckselen Djilobodji&#8217;nin vuru\u015funda, me\u015fin yuvarlak auta gitti.<\/p>\n<p>64. dakikada Angelino&#8217;nun orta sahadan g\u00f6nderdi\u011fi topla ceza sahas\u0131 i\u00e7inde bulu\u015fan Kerem Akt\u00fcrko\u011flu, me\u015fin yuvarla\u011f\u0131 ceza sahas\u0131 i\u00e7erisinde m\u00fcsait durumda bulunan Icardi&#8217;ye aktard\u0131. Icardi, bekletmeden yapt\u0131\u011f\u0131 vuru\u015fla topu filelere g\u00f6nderdi: 0-2.<\/p>\n<p><img decoding=\"async\" alt=\"\" src=\"https:\/\/www.aa.com.tr\/uploads\/userFiles\/40b5e6df-807a-4c96-8fee-5e91cbea23a3\/2023%2FAgustos%2Fslslsls.jpg\"\/><\/p>\n<p>71. dakikada Galatasaray penalt\u0131 kazand\u0131. Kerem Akt\u00fcrko\u011flu&#8217;nun pas\u0131yla ceza sahas\u0131 i\u00e7erisinde topla bulu\u015fan Icardi, \u00d6m\u00fcrcan Artan&#8217;\u0131n m\u00fcdahalesiyle yerde kald\u0131. Hakem Ali \u015eansalan penalt\u0131 noktas\u0131n\u0131 g\u00f6sterdi. 72&#8217;nci dakikada penalt\u0131da topun ba\u015f\u0131na ge\u00e7en Icardi, yapt\u0131\u011f\u0131 vuru\u015fla me\u015fin yuvarla\u011f\u0131 kaleci Batuhan Ahmet \u015een&#8217;in solundan filelere yollad\u0131: 0-3.<\/p>\n<p>90. dakikada Gaziantep ekibi gole yakla\u015ft\u0131. Sa\u011f \u00e7aprazdan \u00d6m\u00fcrcan Artan&#8217;\u0131n ceza sahas\u0131na g\u00f6nderdi\u011fi topla bulu\u015fan Riascos, rakiplerinin aras\u0131ndan s\u0131yr\u0131larak \u015futunu \u00e7ekti. Kaleci Muslera&#8217;y\u0131 ge\u00e7en topu Boey, \u00e7izgide m\u00fcdahale ederek uzakla\u015ft\u0131rd\u0131.<\/p>\n<p>Kar\u015f\u0131la\u015fma, Galatasaray&#8217;\u0131n 3-0 \u00fcst\u00fcnl\u00fc\u011f\u00fcyle sona erdi.<\/p>\n<h3>Icardi gollerine devam ediyor<\/h3>\n<p>Galatasaray&#8217;\u0131n Arjantinli y\u0131ld\u0131z futbolcusu Mauro Icardi, skorer performans\u0131n\u0131 Gaziantep FK ma\u00e7\u0131nda da s\u00fcrd\u00fcrd\u00fc.<\/p>\n<p>Sar\u0131-k\u0131rm\u0131z\u0131l\u0131 tak\u0131m\u0131n bu sezon bonservisini ald\u0131\u011f\u0131 y\u0131ld\u0131z futbolcu, forma giydi\u011fi son 5 kar\u015f\u0131la\u015fmada 7 kez a\u011flar\u0131 havaland\u0131rd\u0131.<\/p>\n<p>UEFA \u015eampiyonlar Ligi 3. eleme turunda Olimpija Ljubljana ile oynanan m\u00fcsabakada bir gol atan Icardi, Trendyol S\u00fcper Lig&#8217;deki Trabzonspor kar\u015f\u0131la\u015fmas\u0131nda iki kez topu a\u011flara g\u00f6nderdi.<\/p>\n<p>UEFA \u015eampiyonlar Ligi play-off turunda Molde ile yap\u0131lan ilk ma\u00e7ta bir gol kaydeden Icardi, r\u00f6van\u015f m\u00fccadelesinde de bir kez me\u015fin yuvarla\u011f\u0131 filelerle bulu\u015fturdu.<\/p>\n<p>Icardi, Trendyol S\u00fcper Lig&#8217;in 4. haftas\u0131nda Gaziantep FK ile oynanan ma\u00e7ta da 2 gol atarak tak\u0131m\u0131na katk\u0131 sa\u011flad\u0131.<\/p>\n<h3>Kerem Akt\u00fcrko\u011flu, ligde siftah yapt\u0131<\/h3>\n<p>Galatasaray&#8217;\u0131n milli futbolcusu Kerem Akt\u00fcrko\u011flu, bu sezon ligde ilk kez gol sevinci ya\u015fad\u0131.<\/p>\n<p>Gaziantep FK m\u00fccadelesiyle bu sezon 9. resmi ma\u00e7\u0131nda ter d\u00f6ken Kerem, 5. dakikada skoru de\u011fi\u015ftiren isim oldu.<\/p>\n<p>Kerem Akt\u00fcrko\u011flu, UEFA \u015eampiyonlar Ligi elemelerinde de 1 kez a\u011flar\u0131 havaland\u0131rd\u0131.<\/p>\n<h3>Kerem Akt\u00fcrko\u011flu&#8217;nun iki gol\u00fc VAR ile iptal edildi<\/h3>\n<p>Sar\u0131-k\u0131rm\u0131z\u0131l\u0131 ekibin Kerem Akt\u00fcrko\u011flu ile 2. dakikada buldu\u011fu gol, Video Yard\u0131mc\u0131 Hakem (VAR) incelemesi sonras\u0131nda iptal edildi.<\/p>\n<p>M\u00fccadeleye h\u0131zl\u0131 ba\u015flayan konuk tak\u0131mda Mertens&#8217;in sa\u011fdan ortalad\u0131\u011f\u0131 topu kaleci Batuhan Ahmet \u015een uzakla\u015ft\u0131ramad\u0131. Alt\u0131pas\u0131n gerisine gelen me\u015fin yuvarla\u011f\u0131 Kerem Akt\u00fcrko\u011flu, a\u011flara g\u00f6nderdi.<\/p>\n<p>Hakem \u00f6nce gol karar\u0131 verirken yap\u0131lan VAR incelemesinin ard\u0131ndan Mertens&#8217;in ofsaytta oldu\u011fu gerek\u00e7esiyle gol ge\u00e7ersiz say\u0131ld\u0131.<\/p>\n<p>75. dakikada Mertens&#8217;in pas\u0131yla ceza sahas\u0131 i\u00e7erisinde topla bulu\u015fan Kerem Akt\u00fcrko\u011flu, yapt\u0131\u011f\u0131 d\u00fczg\u00fcn vuru\u015fla me\u015fin yuvarla\u011f\u0131 filelere g\u00f6nderdi. VAR odas\u0131n\u0131n uyar\u0131s\u0131yla pozisyonu incelemeye giden hakem Ali \u015eansalan, golden \u00f6nce elle m\u00fcdahale gerek\u00e7esiyle gol\u00fc iptal etti.<\/p>\n<h3>&#8220;Cimbom&#8221; yoluna nama\u011flup devam ediyor<\/h3>\n<p>Galatasaray, bu sezon yapt\u0131\u011f\u0131 9 resmi m\u00fcsabakada ma\u011flubiyet y\u00fcz\u00fc g\u00f6rmedi.<\/p>\n<p>Sar\u0131-k\u0131rm\u0131z\u0131l\u0131 ekip, 3&#8217;\u00fc Trendyol S\u00fcper Lig, 6&#8217;s\u0131 UEFA \u015eampiyonlar Ligi elemesi olmak \u00fczere sahaya \u00e7\u0131kt\u0131\u011f\u0131 9 ma\u00e7ta 7 galibiyet, 2 beraberlik ya\u015fad\u0131.<\/p>\n<p>Galatasaray, s\u00f6z konusu m\u00fcsabakalarda 17 gol atarken kalesinde 5 gol g\u00f6rd\u00fc.<\/p>\n<h3>Ma\u00e7 sonras\u0131 sahaya taraftar girdi<\/h3>\n<p>Kar\u015f\u0131la\u015fman\u0131n ard\u0131ndan bir taraftar, kapal\u0131 trib\u00fcnden atlayarak sahaya girdi. G\u00fcvenlik g\u00fc\u00e7lerinden ka\u00e7an taraftar, Icardi&#8217;nin yan\u0131na geldi.<\/p>\n<p>Icardi, taraftara sar\u0131ld\u0131ktan sonra g\u00fcvenlik g\u00f6revlileri, taraftar\u0131 sahadan \u00e7\u0131kard\u0131.<\/p>\n<h3>&#8220;Eksik olan taraflara takviyeler yapmak zorunday\u0131z&#8221;<\/h3>\n<p>Gaziantep FK teknik direkt\u00f6r\u00fc Erdal G\u00fcne\u015f, transfer s\u00fcreci bitmeden eksik olan b\u00f6lgelere takviye yapmak istediklerini s\u00f6yledi.<\/p>\n<p>G\u00fcne\u015f, kar\u015f\u0131la\u015fman\u0131n ard\u0131ndan d\u00fczenlenen bas\u0131n toplant\u0131s\u0131nda, ikinci yar\u0131 ma\u00e7a iyi ba\u015flad\u0131klar\u0131n\u0131 fakat yedikleri ikinci gol sonras\u0131 m\u00fcsabakan\u0131n kendileri i\u00e7in koptu\u011funu belirtti.<\/p>\n<p>Eksik oyuncular\u0131n\u0131n bulunmas\u0131ndan dolay\u0131 ma\u00e7a farkl\u0131 bir dizili\u015fle \u00e7\u0131kt\u0131klar\u0131n\u0131 anlatan G\u00fcne\u015f, \u015funlar\u0131 kaydetti:<\/p>\n<p>&#8220;D\u00f6rt haftad\u0131r ayn\u0131 bir hastal\u0131\u011f\u0131m\u0131z var. Ma\u00e7a ba\u015flamadan ma\u011flup duruma d\u00fc\u015f\u00fcyoruz. Bunun \u00e7al\u0131\u015fmalar\u0131n\u0131 da yap\u0131yoruz ama bence biraz olay mental s\u0131k\u0131nt\u0131. Gol\u00fc yedik, daha sonra dengeledik. \u0130lk yar\u0131 pozisyonlar\u0131m\u0131z da var. Belki bir tane gol bulsak ikinci yar\u0131 \u00e7ok farkl\u0131 psikolojiyle olacak. Pozisyona da giriyoruz. Ama maalesef santrfor konusunda zaten say\u0131sal eksikliklerimiz var. Bunu bariz g\u00f6r\u00fcyorsunuz. Her bas\u0131n toplant\u0131s\u0131nda dile getiriyorum, say\u0131sal olarak \u00e7ok ciddi eksikliklerimiz var. Tabii ikinci yar\u0131 yine diren\u00e7li ba\u015flad\u0131k ama i\u015fte yedi\u011fimiz gol zaten ma\u00e7\u0131 kopard\u0131. Kar\u015f\u0131m\u0131zda da kaliteli bir tak\u0131m var. Ondan sonra ma\u00e7\u0131 \u00e7evirmek de \u00e7ok zor oluyor.&#8221;<\/p>\n<h3>&#8220;Bu tak\u0131m aya\u011fa kalkacak&#8221;<\/h3>\n<p>Gaziantep FK&#8217;nin g\u00fc\u00e7l\u00fc bir tak\u0131m oldu\u011funu belirten G\u00fcne\u015f, b\u00fct\u00fcn sorumluluklar\u0131 \u00fcst\u00fcne ald\u0131\u011f\u0131n\u0131 ifade etti.<\/p>\n<p>G\u00fcne\u015f, konu\u015fmas\u0131n\u0131 \u015f\u00f6yle s\u00fcrd\u00fcrd\u00fc:<\/p>\n<p>&#8220;Bu tak\u0131m aya\u011fa kalkacak. Bu tak\u0131m\u0131n aya\u011fa kalkmaya g\u00fcc\u00fc var. Bu \u015fehir, bu kul\u00fcb\u00fcn y\u00f6neticileri, bu \u015fehrin sahipleri, bu tak\u0131m\u0131 aya\u011fa kald\u0131racak. Ama biz i\u00e7erideki mental sorunu \u00e7\u00f6zmek zorunday\u0131z. Oyuncular\u0131ma s\u00f6yledim. Bir \u015feyleri de\u011fi\u015ftirmek zorunday\u0131z. Bu tak\u0131m, bu kul\u00fcp, bu kul\u00fcb\u00fc y\u00f6netenler ve bu taraftar, \u015fu andaki gidi\u015fat\u0131 hak etmiyor. Ba\u015fta sorumlu benim. Bu sorumlulu\u011fu \u00fczerime al\u0131yorum. Milli tak\u0131m aras\u0131 herkes i\u00e7in bir f\u0131rsat. Bu aray\u0131 \u00e7ok iyi ge\u00e7irmek zorunday\u0131z. Evet, puan olarak k\u00f6t\u00fc durumday\u0131z. Ger\u00e7ekten d\u00f6rt haftada zor rakiplerle oynad\u0131k. Sezona ba\u015flarken handikapl\u0131 ba\u015flad\u0131k.&#8221;<\/p>\n<h3>&#8220;15 g\u00fcnl\u00fck bir s\u00fcremiz var&#8221;<\/h3>\n<p>Yap\u0131lan transferler sonucunda tak\u0131mdaki oyuncular\u0131n birbirine al\u0131\u015fmas\u0131 i\u00e7in zamana ihtiya\u00e7 oldu\u011funu aktaran G\u00fcne\u015f, milli tak\u0131m aras\u0131nda tak\u0131m\u0131n daha iyi olaca\u011f\u0131na inand\u0131\u011f\u0131n\u0131 dile getirdi.<\/p>\n<p>Transferin son g\u00fcn\u00fcne kadar \u00e7al\u0131\u015fmalar\u0131n\u0131n olaca\u011f\u0131n\u0131 belirten G\u00fcne\u015f, \u015f\u00f6yle konu\u015ftu:<\/p>\n<p>&#8220;Gaziantep&#8217;e oyuncu getirmek kolay olmuyor. En son ya\u015fad\u0131\u011f\u0131m\u0131z deprem olay\u0131 zaten olaylar\u0131 daha da zorla\u015ft\u0131rd\u0131. Ben ge\u00e7irdi\u011fimiz son haftada 4-5 oyuncudan veto yedim. Ya kendisinden, ya da e\u015finden. Yani baz\u0131 zamanlarda sorunu para bile \u00e7\u00f6zm\u00fcyor. Hala burada ya\u015fayan insanlar\u0131n tedirgin halleri oluyor (Deprem s\u00fcreci). O s\u00fcreci biz tabii ki \u00e7al\u0131\u015farak oyuncu izleyerek ge\u00e7irdik. Ama transfer s\u00fcreci \u00f6yle bir \u015fey ki&#8230; Oyuncuyu o an getirme \u015fans\u0131m olmuyor. Lig bitsin g\u00f6r\u00fc\u015felim diyor. Lig bitti bu sefer e\u015fi ikna olmuyor. Han\u0131m\u0131 ikna oluyor, bu sefer kendi ikna olmuyor. Kul\u00fcb\u00fc ikna olmuyor. Bir s\u00fcr\u00fc etken bizi buraya getirdi. Ama hala zaman\u0131m\u0131z var. 15 g\u00fcnl\u00fck bir s\u00fcremiz var. Bunu en iyi \u015fekilde ge\u00e7irip mevkisel olarak eksik olan taraflara takviyeler yapmak zorunday\u0131z.&#8221;<\/p>\n<p>                            <span class=\"detay-foto-editor\">&#13;<br \/>\n                                <a href=\"https:\/\/www.aa.com.tr\/tr\/p\/abonelik-talep-formu\/1001\" target=\"_blank\" style=\"font-size:12px; color:#444; text-decoration:none;\" rel=\"noopener\">&#13;<br \/>\n                                    Anadolu Ajans\u0131 web sitesinde, AA Haber Ak\u0131\u015f Sistemi (HAS) \u00fczerinden abonelere sunulan haberler, \u00f6zetlenerek yay\u0131mlanmaktad\u0131r. <b style=\"color:#1897F7\">Abonelik i\u00e7in l\u00fctfen ileti\u015fime ge\u00e7iniz.<\/b>&#13;<br \/>\n                                <\/a>&#13;<br \/>\n                            <\/span>\n                        <\/div>\n<p><script>\n\t  window.fbAsyncInit = function() {\n\t\tFB.init({\n\t\t  appId: '1855843514662870',\n\t\t  status : true, \/\/ check login status\n\t\t  cookie : true, \/\/ enable cookies to allow the server to access the session\n\t\t  xfbml  : true  \/\/ parse XFBML\n\t\t});\n\t  };<\/p>\n<p>\t  (function() {\n\t\tvar e = document.createElement('script');\n\t\te.src=\"https:\/\/connect.facebook.net\/tr_TR\/all.js\";\n\t\te.async = true;\n\t\tdocument.getElementById('fb-root').appendChild(e);\n\t  }());\n    <\/script><\/p>\n","protected":false},"excerpt":{"rendered":"<p>Trendyol S\u00fcper Lig&#8217;in 4. haftas\u0131nda Galatasaray, deplasmanda Gaziantep FK&#8217;yi 3-0 ma\u011flup etti. \u0130lk Yar\u0131 5. dakikada\u00a0Galatasaray\u00a0\u00f6ne ge\u00e7ti. Tete&#8217;nin ceza sahas\u0131 d\u0131\u015f\u0131ndan sa\u011f \u00e7aprazdan yapt\u0131\u011f\u0131 ortaya ceza sahas\u0131ndaki Kerem Demirbay&#8217;\u0131n yapt\u0131\u011f\u0131 kafa vuru\u015funda top, Jevtovic&#8217;ten d\u00f6nd\u00fc. Karambol sonucu topu \u00f6n\u00fcnde bulan Kerem Akt\u00fcrko\u011flu&#8217;nun bekletmeden yapt\u0131\u011f\u0131 vuru\u015fta me\u015fin yuvarlak, kaleci Batuhan \u015een&#8217;in sa\u011f\u0131ndan filelere gitti: 0-1. 21. [&hellip;]<\/p>\n","protected":false},"author":1,"featured_media":13314,"comment_status":"","ping_status":"","sticky":false,"template":"","format":"standard","meta":[],"categories":[48],"tags":[],"_links":{"self":[{"href":"https:\/\/kraios.app\/news\/wp-json\/wp\/v2\/posts\/13325"}],"collection":[{"href":"https:\/\/kraios.app\/news\/wp-json\/wp\/v2\/posts"}],"about":[{"href":"https:\/\/kraios.app\/news\/wp-json\/wp\/v2\/types\/post"}],"author":[{"embeddable":true,"href":"https:\/\/kraios.app\/news\/wp-json\/wp\/v2\/users\/1"}],"replies":[{"embeddable":true,"href":"https:\/\/kraios.app\/news\/wp-json\/wp\/v2\/comments?post=13325"}],"version-history":[{"count":0,"href":"https:\/\/kraios.app\/news\/wp-json\/wp\/v2\/posts\/13325\/revisions"}],"wp:featuredmedia":[{"embeddable":true,"href":"https:\/\/kraios.app\/news\/wp-json\/wp\/v2\/media\/13314"}],"wp:attachment":[{"href":"https:\/\/kraios.app\/news\/wp-json\/wp\/v2\/media?parent=13325"}],"wp:term":[{"taxonomy":"category","embeddable":true,"href":"https:\/\/kraios.app\/news\/wp-json\/wp\/v2\/categories?post=13325"},{"taxonomy":"post_tag","embeddable":true,"href":"https:\/\/kraios.app\/news\/wp-json\/wp\/v2\/tags?post=13325"}],"curies":[{"name":"wp","href":"https:\/\/api.w.org\/{rel}","templated":true}]}}