{"id":13322,"date":"2023-09-02T23:52:40","date_gmt":"2023-09-02T23:52:40","guid":{"rendered":"https:\/\/kraios.app\/news\/yasam\/2023\/09\/02\/nemrut-kalderasina-gelen-ziyaretcilere-bozayilari-elle-beslememeleri-uyarisi\/"},"modified":"2023-09-02T23:52:40","modified_gmt":"2023-09-02T23:52:40","slug":"nemrut-kalderasina-gelen-ziyaretcilere-bozayilari-elle-beslememeleri-uyarisi","status":"publish","type":"post","link":"https:\/\/kraios.app\/news\/yasam\/2023\/09\/02\/nemrut-kalderasina-gelen-ziyaretcilere-bozayilari-elle-beslememeleri-uyarisi\/","title":{"rendered":"Nemrut Kalderas\u0131&#8217;na gelen ziyaret\u00e7ilere bozay\u0131lar\u0131 elle beslememeleri uyar\u0131s\u0131"},"content":{"rendered":"<p><\/p>\n<div>\n<p>Avrupal\u0131 Se\u00e7kin Destinasyonlar Projesi kapsam\u0131nda &#8220;M\u00fckemmeliyet \u00d6d\u00fcl\u00fc&#8221; alan 2 bin 250 rak\u0131ml\u0131 Nemrut Kalderas\u0131, s\u0131cak ve so\u011fuk g\u00f6lleri, buz ma\u011faras\u0131, buhar bacas\u0131, lav kal\u0131nt\u0131lar\u0131, bitki \u00f6rt\u00fcs\u00fcn\u00fcn yan\u0131 s\u0131ra biyo\u00e7e\u015fitlili\u011fiyle de dikkati \u00e7ekiyor.<\/p>\n<p>D\u00fcnyan\u0131n ikinci, T\u00fcrkiye&#8217;nin en b\u00fcy\u00fck krater g\u00f6l\u00fcn\u00fcn bulundu\u011fu Nemrut Kalderas\u0131&#8217;na gelen yerli ve yabanc\u0131 ziyaret\u00e7iler, yol \u00fczerinde b\u00f6lgede ya\u015fayan bozay\u0131larla kar\u015f\u0131la\u015f\u0131yor.<\/p>\n<p><img decoding=\"async\" alt=\"\" src=\"https:\/\/www.aa.com.tr\/uploads\/userFiles\/54a427bf-71c5-4e63-a83d-6196709e92a3\/009_2023%2F004_2023%2F29_Eyl%C3%BCl%2F14%2F20230902_2_60107389_92407631.jpg\"\/><\/p>\n<p>Elleriyle besleyip g\u00f6r\u00fcnt\u00fclerini \u00e7ekmeye \u00e7al\u0131\u015ft\u0131klar\u0131 ay\u0131lar\u0131n zaman zaman sald\u0131r\u0131s\u0131na u\u011frayan ziyaret\u00e7iler, insan yo\u011funlu\u011fu nedeniyle sald\u0131rganla\u015fan ay\u0131lar nedeniyle tehlike atlat\u0131yor. <\/p>\n<p>Uzmanlar, ay\u0131lar\u0131n b\u00f6lgedeki do\u011fal ya\u015fam\u0131n s\u00fcrd\u00fcr\u00fclebilirli\u011fi a\u00e7\u0131s\u0131ndan \u00f6nemli oldu\u011funu belirterek, vatanda\u015flar\u0131n verdikleri yiyeceklerle ay\u0131lar\u0131 beslemeye \u00e7al\u0131\u015fmas\u0131n\u0131n do\u011fru olmad\u0131\u011f\u0131 uyar\u0131s\u0131nda bulundu.<\/p>\n<p><img decoding=\"async\" alt=\"\" src=\"https:\/\/www.aa.com.tr\/uploads\/userFiles\/54a427bf-71c5-4e63-a83d-6196709e92a3\/009_2023%2F004_2023%2F29_Eyl%C3%BCl%2F14%2F20230902_2_60107389_92407632.jpg\"\/><\/p>\n<h3>&#8220;Ay\u0131lara yiyecek vermek ekolojik dengeyi bozar&#8221;<\/h3>\n<p>Van Y\u00fcz\u00fcnc\u00fc Y\u0131l \u00dcniversitesi Yaban Hayvanlar\u0131 Koruma ve Rehabilitasyon Merkezi M\u00fcd\u00fcr\u00fc Prof. Dr. Lokman Aslan, AA muhabirine, insanlar\u0131n yaban hayvanlar\u0131yla temas kurmamas\u0131 gerekti\u011fini s\u00f6yledi.<\/p>\n<p>Yaban hayvanlar\u0131n\u0131n dengesini bozacak hareketlerden ka\u00e7\u0131n\u0131lmas\u0131 gerekti\u011fini vurgulayan Aslan, &#8220;Ay\u0131lara yiyecek vererek buna al\u0131\u015ft\u0131rmak onlar\u0131 yaban hayvan\u0131 olmaktan \u00e7\u0131kar\u0131r. Yaban hayvan\u0131 olmaktan \u00e7\u0131k\u0131nca da evcil hayvanlar gibi olmuyorlar. \u00d6zelliklerini hemen kaybetmiyorlar. Yiyecek vererek al\u0131\u015ft\u0131rd\u0131klar\u0131 i\u00e7in a\u00e7 kald\u0131klar\u0131nda sald\u0131r\u0131yorlar. Ekolojik dengeyi bozmazsak, onlara yiyecek vermezsek bizimle bir problemleri olmaz.&#8221; dedi.<\/p>\n<p><img decoding=\"async\" alt=\"\" src=\"https:\/\/www.aa.com.tr\/uploads\/userFiles\/54a427bf-71c5-4e63-a83d-6196709e92a3\/009_2023%2F004_2023%2F29_Eyl%C3%BCl%2F14%2F20230902_2_60107389_92407633.jpg\"\/><\/p>\n<p>Ay\u0131lar\u0131n ya\u015fad\u0131\u011f\u0131 noktalara ziyaret\u00e7ilerin girmemesi gerekti\u011fini belirten Aslan, \u015f\u00f6yle devam etti:<\/p>\n<p>&#8220;Hayvanlar\u0131n ya\u015fam alanlar\u0131na girerek yiyecek verirsek oraya her giden ziyaret\u00e7iyi yiyecek verecekmi\u015f gibi alg\u0131larlar. Yiyecek vermedikleri zaman insanlar\u0131 biyolojik d\u00fc\u015fman olarak g\u00f6r\u00fcrler. Belli bir \u00e7al\u0131\u015fma yap\u0131lmadan, b\u00f6lgenin fizibilitesi \u00e7\u0131kar\u0131lmadan, hayvanlar\u0131n yiyecek ihtiya\u00e7lar\u0131n\u0131 belirlemeden yiyecek b\u0131rakmak do\u011fru de\u011fil. Yiyecek vermezsek kendi yiyece\u011fini bulurlar. Yiyece\u011fine g\u00f6re de \u00fcreme sirk\u00fclasyonunu belirler. Yiyecek \u00fcretimlerini de art\u0131r\u0131r. Yaban hayvan\u0131 say\u0131s\u0131 artar. Yiyecek verirsek b\u00f6lgenin ekolojik dengesi bozulur. K\u0131sacas\u0131 b\u00f6lgeyi ziyaret edenler, kesinlikle yiyecek b\u0131rakmamal\u0131. Bu hayvanlar\u0131n yiyece\u011fe ihtiya\u00e7lar\u0131 yok. Aksi durumda \u00e7ok sald\u0131rganla\u015f\u0131rlar ve tehlikeli olurlar. Bunun i\u00e7in ay\u0131lar\u0131n ya\u015fad\u0131\u011f\u0131 b\u00f6lgeye gidilmemeli, yiyecek ve \u00e7\u00f6p b\u0131rak\u0131lmamal\u0131. B\u00f6lgede ay\u0131lara yiyecek vermek hem ekolojik dengeyi bozar hem de b\u00f6lgeyi tehdide a\u00e7\u0131k hale getirir.&#8221;<\/p>\n<p><img decoding=\"async\" alt=\"\" src=\"https:\/\/www.aa.com.tr\/uploads\/userFiles\/54a427bf-71c5-4e63-a83d-6196709e92a3\/009_2023%2F004_2023%2F29_Eyl%C3%BCl%2F14%2F20230902_2_60107389_92407636.jpg\"\/><\/p>\n<h3>&#8220;\u00c7ok tehlikeli hamleler yapabilirler&#8221;<\/h3>\n<p>\u200b\u200b\u200b\u200b\u200b\u200b\u200bB\u00f6lgede uzun zamand\u0131r ay\u0131lar\u0131 g\u00f6r\u00fcnt\u00fcleyen Bitlis Eren \u00dcniversitesi Dr. \u00d6\u011fretim \u00dcyesi Cihan \u00d6nen de ziyaret\u00e7ilerin beslemeye ve g\u00f6r\u00fcnt\u00fclerini \u00e7ekmeye \u00e7al\u0131\u015ft\u0131\u011f\u0131 ay\u0131lar\u0131 hareketleriyle de korkutmaya \u00e7al\u0131\u015ft\u0131\u011f\u0131n\u0131 ifade etti.<\/p>\n<p>Ay\u0131lar\u0131n s\u00fcrekli piknik\u00e7iler ve ziyaret\u00e7ilerle kar\u015f\u0131la\u015ft\u0131\u011f\u0131n\u0131 anlatan \u00d6nen, &#8220;Bir\u00e7ok kez ay\u0131lar\u0131n sald\u0131r\u0131 giri\u015fimi oldu. Baz\u0131lar\u0131 yaralanmayla sonu\u00e7land\u0131, bazen de insanlar\u0131n geri \u00e7ekilmesiyle vahim sonu\u00e7lar ya\u015fanmad\u0131. B\u00f6lgede insanlar\u0131 uyar\u0131yoruz fakat dikkate almay\u0131p ay\u0131larla \u00f6z\u00e7ekim yap\u0131yorlar, a\u015f\u0131r\u0131 derecede yakla\u015f\u0131p foto\u011fraf \u00e7ekmek istiyorlar. Bunlar evcil canl\u0131lar de\u011fil, \u00e7ok tehlikeli hamleler yapabilirler. Birka\u00e7 ay i\u00e7inde 7-8 sald\u0131r\u0131 giri\u015fimini kay\u0131t alt\u0131na ald\u0131m. Uyarmam\u0131za ra\u011fmen insanlar yakla\u015f\u0131yor. Ay\u0131lar\u0131 beslemeye \u00e7al\u0131\u015fanlar da var. Bunlar tehlikeli giri\u015fimler. Tabiatlar\u0131 gere\u011fi her an sald\u0131r\u0131 giri\u015fiminde bulunabilirler.&#8221; diye konu\u015ftu.<\/p>\n<p>                            <span class=\"detay-foto-editor\">&#13;<br \/>\n                                <a href=\"https:\/\/www.aa.com.tr\/tr\/p\/abonelik-talep-formu\/1001\" target=\"_blank\" style=\"font-size:12px; color:#444; text-decoration:none;\" rel=\"noopener\">&#13;<br \/>\n                                    Anadolu Ajans\u0131 web sitesinde, AA Haber Ak\u0131\u015f Sistemi (HAS) \u00fczerinden abonelere sunulan haberler, \u00f6zetlenerek yay\u0131mlanmaktad\u0131r. <b style=\"color:#1897F7\">Abonelik i\u00e7in l\u00fctfen ileti\u015fime ge\u00e7iniz.<\/b>&#13;<br \/>\n                                <\/a>&#13;<br \/>\n                            <\/span>\n                        <\/div>\n<p><script>\n\t  window.fbAsyncInit = function() {\n\t\tFB.init({\n\t\t  appId: '1855843514662870',\n\t\t  status : true, \/\/ check login status\n\t\t  cookie : true, \/\/ enable cookies to allow the server to access the session\n\t\t  xfbml  : true  \/\/ parse XFBML\n\t\t});\n\t  };<\/p>\n<p>\t  (function() {\n\t\tvar e = document.createElement('script');\n\t\te.src=\"https:\/\/connect.facebook.net\/tr_TR\/all.js\";\n\t\te.async = true;\n\t\tdocument.getElementById('fb-root').appendChild(e);\n\t  }());\n    <\/script><\/p>\n","protected":false},"excerpt":{"rendered":"<p>Avrupal\u0131 Se\u00e7kin Destinasyonlar Projesi kapsam\u0131nda &#8220;M\u00fckemmeliyet \u00d6d\u00fcl\u00fc&#8221; alan 2 bin 250 rak\u0131ml\u0131 Nemrut Kalderas\u0131, s\u0131cak ve so\u011fuk g\u00f6lleri, buz ma\u011faras\u0131, buhar bacas\u0131, lav kal\u0131nt\u0131lar\u0131, bitki \u00f6rt\u00fcs\u00fcn\u00fcn yan\u0131 s\u0131ra biyo\u00e7e\u015fitlili\u011fiyle de dikkati \u00e7ekiyor. D\u00fcnyan\u0131n ikinci, T\u00fcrkiye&#8217;nin en b\u00fcy\u00fck krater g\u00f6l\u00fcn\u00fcn bulundu\u011fu Nemrut Kalderas\u0131&#8217;na gelen yerli ve yabanc\u0131 ziyaret\u00e7iler, yol \u00fczerinde b\u00f6lgede ya\u015fayan bozay\u0131larla kar\u015f\u0131la\u015f\u0131yor. Elleriyle besleyip [&hellip;]<\/p>\n","protected":false},"author":1,"featured_media":13323,"comment_status":"","ping_status":"","sticky":false,"template":"","format":"standard","meta":[],"categories":[50],"tags":[],"_links":{"self":[{"href":"https:\/\/kraios.app\/news\/wp-json\/wp\/v2\/posts\/13322"}],"collection":[{"href":"https:\/\/kraios.app\/news\/wp-json\/wp\/v2\/posts"}],"about":[{"href":"https:\/\/kraios.app\/news\/wp-json\/wp\/v2\/types\/post"}],"author":[{"embeddable":true,"href":"https:\/\/kraios.app\/news\/wp-json\/wp\/v2\/users\/1"}],"replies":[{"embeddable":true,"href":"https:\/\/kraios.app\/news\/wp-json\/wp\/v2\/comments?post=13322"}],"version-history":[{"count":0,"href":"https:\/\/kraios.app\/news\/wp-json\/wp\/v2\/posts\/13322\/revisions"}],"wp:featuredmedia":[{"embeddable":true,"href":"https:\/\/kraios.app\/news\/wp-json\/wp\/v2\/media\/13323"}],"wp:attachment":[{"href":"https:\/\/kraios.app\/news\/wp-json\/wp\/v2\/media?parent=13322"}],"wp:term":[{"taxonomy":"category","embeddable":true,"href":"https:\/\/kraios.app\/news\/wp-json\/wp\/v2\/categories?post=13322"},{"taxonomy":"post_tag","embeddable":true,"href":"https:\/\/kraios.app\/news\/wp-json\/wp\/v2\/tags?post=13322"}],"curies":[{"name":"wp","href":"https:\/\/api.w.org\/{rel}","templated":true}]}}