{"id":13301,"date":"2023-09-02T17:20:07","date_gmt":"2023-09-02T17:20:07","guid":{"rendered":"https:\/\/kraios.app\/news\/spor\/2023\/09\/02\/a-milli-erkek-voleybol-takimi-yunanistani-3-1-yendi\/"},"modified":"2023-09-02T17:20:07","modified_gmt":"2023-09-02T17:20:07","slug":"a-milli-erkek-voleybol-takimi-yunanistani-3-1-yendi","status":"publish","type":"post","link":"https:\/\/kraios.app\/news\/spor\/2023\/09\/02\/a-milli-erkek-voleybol-takimi-yunanistani-3-1-yendi\/","title":{"rendered":"A Milli Erkek Voleybol Tak\u0131m\u0131, Yunanistan&#039;\u0131 3-1 yendi"},"content":{"rendered":"<p>A Milli Erkek Voleybol Tak\u0131m\u0131, CEV Avrupa \u015eampiyonas\u0131 D Grubu&#8217;ndaki \u00fc\u00e7\u00fcnc\u00fc ma\u00e7\u0131nda Yunanistan&#8217;\u0131 3-1 yendi.<\/p>\n","protected":false},"excerpt":{"rendered":"<p>A Milli Erkek Voleybol Tak\u0131m\u0131, CEV Avrupa \u015eampiyonas\u0131 D Grubu&#8217;ndaki \u00fc\u00e7\u00fcnc\u00fc ma\u00e7\u0131nda Yunanistan&#8217;\u0131 3-1 yendi.<\/p>\n","protected":false},"author":1,"featured_media":13302,"comment_status":"","ping_status":"","sticky":false,"template":"","format":"standard","meta":[],"categories":[48],"tags":[],"_links":{"self":[{"href":"https:\/\/kraios.app\/news\/wp-json\/wp\/v2\/posts\/13301"}],"collection":[{"href":"https:\/\/kraios.app\/news\/wp-json\/wp\/v2\/posts"}],"about":[{"href":"https:\/\/kraios.app\/news\/wp-json\/wp\/v2\/types\/post"}],"author":[{"embeddable":true,"href":"https:\/\/kraios.app\/news\/wp-json\/wp\/v2\/users\/1"}],"replies":[{"embeddable":true,"href":"https:\/\/kraios.app\/news\/wp-json\/wp\/v2\/comments?post=13301"}],"version-history":[{"count":0,"href":"https:\/\/kraios.app\/news\/wp-json\/wp\/v2\/posts\/13301\/revisions"}],"wp:featuredmedia":[{"embeddable":true,"href":"https:\/\/kraios.app\/news\/wp-json\/wp\/v2\/media\/13302"}],"wp:attachment":[{"href":"https:\/\/kraios.app\/news\/wp-json\/wp\/v2\/media?parent=13301"}],"wp:term":[{"taxonomy":"category","embeddable":true,"href":"https:\/\/kraios.app\/news\/wp-json\/wp\/v2\/categories?post=13301"},{"taxonomy":"post_tag","embeddable":true,"href":"https:\/\/kraios.app\/news\/wp-json\/wp\/v2\/tags?post=13301"}],"curies":[{"name":"wp","href":"https:\/\/api.w.org\/{rel}","templated":true}]}}