{"id":13299,"date":"2023-09-02T15:20:07","date_gmt":"2023-09-02T15:20:07","guid":{"rendered":"https:\/\/kraios.app\/news\/yasam\/2023\/09\/02\/cumhuriyetin-temellerinin-atildigi-binada-350-bin-ziyaretci-hedefleniyor\/"},"modified":"2023-09-02T15:20:07","modified_gmt":"2023-09-02T15:20:07","slug":"cumhuriyetin-temellerinin-atildigi-binada-350-bin-ziyaretci-hedefleniyor","status":"publish","type":"post","link":"https:\/\/kraios.app\/news\/yasam\/2023\/09\/02\/cumhuriyetin-temellerinin-atildigi-binada-350-bin-ziyaretci-hedefleniyor\/","title":{"rendered":"Cumhuriyetin temellerinin at\u0131ld\u0131\u011f\u0131 binada 350 bin ziyaret\u00e7i hedefleniyor"},"content":{"rendered":"<p><\/p>\n<div>\n<p>Osmanl\u0131 d\u00f6neminin sivil mimari \u00f6rneklerinden olan bina, kongrenin yap\u0131ld\u0131\u011f\u0131 g\u00fcnlerdeki haliyle muhafaza ediliyor.<\/p>\n<blockquote class=\"twitter-tweet\">\n<p dir=\"ltr\" lang=\"tr\">Cumhuriyetin temellerinin at\u0131ld\u0131\u011f\u0131 Sivas&#8217;taki Atat\u00fcrk ve Kongre M\u00fczesi&#8217;nde bu y\u0131l 350 bin ziyaret\u00e7i hedefleniyor <a href=\"https:\/\/t.co\/RNPb6Gj2zH\">https:\/\/t.co\/RNPb6Gj2zH<\/a> <a href=\"https:\/\/t.co\/WyIuAOEc16\">pic.twitter.com\/WyIuAOEc16<\/a><\/p>\n<p>\u2014 Anadolu Ajans\u0131 (@anadoluajansi) <a href=\"https:\/\/twitter.com\/anadoluajansi\/status\/1697957556931694604?ref_src=twsrc%5Etfw\">September 2, 2023<\/a><\/p><\/blockquote>\n<p>M\u00fczeye d\u00f6n\u00fc\u015ft\u00fcr\u00fclen tarihi binan\u0131n, biri interaktif, 5&#8217;i te\u015fhir, 19&#8217;u karma 25 odas\u0131nda Milli M\u00fccadele ruhu ya\u015fat\u0131l\u0131yor.<\/p>\n<p>Atat\u00fcrk&#8217;\u00fcn kald\u0131\u011f\u0131 ve e\u015fyalar\u0131n\u0131n sergilendi\u011fi oda ile kongre salonunun yo\u011fun ilgi g\u00f6rd\u00fc\u011f\u00fc m\u00fczede, Milli M\u00fccadele&#8217;nin halka anlat\u0131lmas\u0131nda \u00f6nemli rol \u00fcstlenen tarihi \u0130rade-i Milliye Gazetesi&#8217;nin bas\u0131ld\u0131\u011f\u0131 135 y\u0131ll\u0131k matbaa da ziyaret\u00e7ilerin dikkatini \u00e7ekiyor.<\/p>\n<p><img decoding=\"async\" alt=\"\" src=\"https:\/\/admin.aa.com.tr\/uploads\/userFiles\/a54ea27f-6036-4f79-88c6-6bc9ba19a35d\/08_Nisan%2F05%20eyl%C3%BCl%2F15%2FAA-32054717.jpg\"\/><\/p>\n<p>\u0130stiklal M\u00fccadelesi ve Mondros M\u00fctarekesi s\u00fcrecinin anlat\u0131ld\u0131\u011f\u0131, Milli M\u00fccadele&#8217;nin kad\u0131n kahramanlar\u0131n\u0131n yer ald\u0131\u011f\u0131 interaktif odalar ise ziyaret\u00e7ileri o g\u00fcnlere g\u00f6t\u00fcrerek duygusal anlar ya\u015fat\u0131yor.<\/p>\n<p><img decoding=\"async\" alt=\"\" src=\"https:\/\/www.aa.com.tr\/uploads\/userFiles\/a54ea27f-6036-4f79-88c6-6bc9ba19a35d\/08_Nisan%2F05%20eyl%C3%BCl%2F15%2FAA-32054720.jpg\"\/><\/p>\n<h3>Y\u0131l\u0131n ilk 8 ay\u0131nda ziyaret\u00e7i say\u0131s\u0131 150 bine ula\u015ft\u0131<\/h3>\n<p>M\u00fcze M\u00fcd\u00fcr\u00fc \u0130lker Deveci, AA muhabirine, cumhuriyetin temellerinin 104 y\u0131l \u00f6nce Sivas Kongresi&#8217;nde at\u0131ld\u0131\u011f\u0131n\u0131 s\u00f6yledi.<\/p>\n<p>&#8220;Ya istiklal, ya \u00f6l\u00fcm&#8221; parolas\u0131n\u0131n ilk olarak m\u00fczedeki kongrenin yap\u0131ld\u0131\u011f\u0131 salonda s\u00f6ylendi\u011fini an\u0131msatan Deveci, &#8220;M\u00fczemizde Cumhuriyetin 100. y\u0131l\u0131na istinaden yap\u0131lan \u00e7e\u015fitli etkinlikler ve haz\u0131rl\u0131klar devam etmekte. Hem 4 Eyl\u00fcl&#8217;e, hem 29 Ekim&#8217;e haz\u0131rl\u0131klar s\u00fcr\u00fcyor.&#8221; dedi.<\/p>\n<p><img decoding=\"async\" alt=\"\" src=\"https:\/\/www.aa.com.tr\/uploads\/userFiles\/a54ea27f-6036-4f79-88c6-6bc9ba19a35d\/08_Nisan%2F05%20eyl%C3%BCl%2F15%2FAA-32054722.jpg\"\/><\/p>\n<p>Deveci, m\u00fczenin Sivas i\u00e7in \u00e7ok \u00f6nemli bir de\u011fer oldu\u011funu vurgulayarak, h\u0131zl\u0131 trenin de \u015fehre verdi\u011fi katk\u0131yla ziyaret\u00e7i say\u0131s\u0131n\u0131n artt\u0131\u011f\u0131n\u0131 dile getirdi.<\/p>\n<h3>Ziyaret\u00e7i say\u0131s\u0131n\u0131n 350 bine ula\u015fmas\u0131 bekleniyor<\/h3>\n<p>Ya\u015fanan ziyaret\u00e7i yo\u011funlu\u011funun gurur verici oldu\u011funu dile getiren Deveci, &#8220;Ge\u00e7en y\u0131la g\u00f6re ziyaret\u00e7i say\u0131s\u0131nda art\u0131\u015f var. Y\u0131l\u0131n ilk 8 ay\u0131nda 150 bin civar\u0131nda ziyaret\u00e7imiz var. Y\u0131l sonu itibariyle bu say\u0131n\u0131n 350 bini bulmas\u0131n\u0131 bekliyoruz.&#8221; diye konu\u015ftu.<\/p>\n<p><img decoding=\"async\" alt=\"\" src=\"https:\/\/www.aa.com.tr\/uploads\/userFiles\/a54ea27f-6036-4f79-88c6-6bc9ba19a35d\/08_Nisan%2F05%20eyl%C3%BCl%2F15%2FAA-32054726.jpg\"\/><\/p>\n<p>Sivas Kongresi&#8217;nin 100. y\u0131l\u0131nda T\u00fcrkiye&#8217;nin en \u00e7ok ziyaret edilen ilk 10 m\u00fczesi i\u00e7erisine girdiklerini, ayn\u0131 yo\u011funlu\u011fu Cumhuriyetin 100. y\u0131l\u0131 dolay\u0131s\u0131yla da beklediklerini anlatan Deveci, \u015funlar\u0131 kaydetti:<\/p>\n<p>&#8220;M\u00fczemizi ge\u00e7en y\u0131l 250 bin ki\u015fi ziyaret etmi\u015fti, bu y\u0131lki hedefimiz 350 bin. Ziyaret\u00e7i say\u0131m\u0131z\u0131n artmas\u0131nda h\u0131zl\u0131 trenin etkisi az\u0131msanamayacak kadar \u00e7ok. Mustafa Kemal Pa\u015fa, Sivas&#8217;\u0131 tam 108 g\u00fcn karargah olarak kullanm\u0131\u015f. Bu s\u00fcre i\u00e7erisinde istirahat etti\u011fi oday\u0131 da m\u00fczemizde g\u00f6rmekteyiz. Buras\u0131 1892 y\u0131l\u0131nda Mekteb-i Sultani olarak a\u00e7\u0131l\u0131r ve 100 y\u0131la yak\u0131n e\u011fitim verir. Burada okuyan \u00f6\u011frencilerin de an\u0131s\u0131na m\u00fczede Sivas Lisesi te\u015fhiri haz\u0131rlad\u0131k. Sivas&#8217;ta bulunan konaklar\u0131n ba\u015f odalar\u0131na ait bir te\u015fhiri ziyaret\u00e7ilerimiz g\u00f6rebilir. Mustafa Kemal Pa\u015fa&#8217;n\u0131n kullanm\u0131\u015f oldu\u011fu telgraf, Sivas&#8217;ta o d\u00f6nem \u00e7\u0131kart\u0131lan \u0130rade-i Milliye Gazetesi&#8217;ni basan matbaa makinesi m\u00fczemizde g\u00f6r\u00fclebilir. UNESCO ve Cumhurba\u015fkanl\u0131\u011f\u0131 taraf\u0131ndan 2023 y\u0131l\u0131 A\u015f\u0131k Veysel Y\u0131l\u0131 ilan edildi. \u015eehrimizin \u00f6nemli bir de\u011feri olan A\u015f\u0131k Veysel&#8217;e de m\u00fczemizde bir oda ay\u0131rd\u0131k. Ziyaret\u00e7ilerimiz A\u015f\u0131k Veysel&#8217;e ili\u015fkin \u00f6zel e\u015fyalar\u0131 da ziyaret edebilir. Milli M\u00fccadele&#8217;ye ait 20 te\u015fhir odam\u0131z var, ziyaret\u00e7ilerimiz onlar\u0131 da g\u00f6rebilir.&#8221;<\/p>\n<p><img decoding=\"async\" alt=\"\" src=\"https:\/\/www.aa.com.tr\/uploads\/userFiles\/a54ea27f-6036-4f79-88c6-6bc9ba19a35d\/08_Nisan%2F05%20eyl%C3%BCl%2F15%2FAA-32054730.jpg\"\/><\/p>\n<p>Ziyaret\u00e7ilerden Serkan Da\u011f ise Yozgat&#8217;ta \u00f6\u011fretmen olarak g\u00f6rev yapt\u0131\u011f\u0131n\u0131, Atat\u00fcrk ve Kongre M\u00fczesi&#8217;ni ziyaret etmekten mutluluk duydu\u011funu s\u00f6yledi.<\/p>\n<p>M\u00fczenin tarihinin \u00e7ok anlaml\u0131 oldu\u011funu belirten Da\u011f, &#8220;\u00c7ok g\u00fczel d\u00fczenlenmi\u015f bir m\u00fcze. \u00d6zellikle \u00e7ocuklar\u0131 buraya getirip gezdirmek, tarihin dokusunu ya\u015fatmak onlar\u0131 \u00e7ok mutlu edecektir.&#8221; ifadelerini kulland\u0131.<\/p>\n<p>                            <span class=\"detay-foto-editor\">&#13;<br \/>\n                                <a href=\"https:\/\/www.aa.com.tr\/tr\/p\/abonelik-talep-formu\/1001\" target=\"_blank\" style=\"font-size:12px; color:#444; text-decoration:none;\" rel=\"noopener\">&#13;<br \/>\n                                    Anadolu Ajans\u0131 web sitesinde, AA Haber Ak\u0131\u015f Sistemi (HAS) \u00fczerinden abonelere sunulan haberler, \u00f6zetlenerek yay\u0131mlanmaktad\u0131r. <b style=\"color:#1897F7\">Abonelik i\u00e7in l\u00fctfen ileti\u015fime ge\u00e7iniz.<\/b>&#13;<br \/>\n                                <\/a>&#13;<br \/>\n                            <\/span>\n                        <\/div>\n<p><script async src=\"\/\/platform.twitter.com\/widgets.js\" charset=\"utf-8\"><\/script><script>\n\t  window.fbAsyncInit = function() {\n\t\tFB.init({\n\t\t  appId: '1855843514662870',\n\t\t  status : true, \/\/ check login status\n\t\t  cookie : true, \/\/ enable cookies to allow the server to access the session\n\t\t  xfbml  : true  \/\/ parse XFBML\n\t\t});\n\t  };<\/p>\n<p>\t  (function() {\n\t\tvar e = document.createElement('script');\n\t\te.src=\"https:\/\/connect.facebook.net\/tr_TR\/all.js\";\n\t\te.async = true;\n\t\tdocument.getElementById('fb-root').appendChild(e);\n\t  }());\n    <\/script><\/p>\n","protected":false},"excerpt":{"rendered":"<p>Osmanl\u0131 d\u00f6neminin sivil mimari \u00f6rneklerinden olan bina, kongrenin yap\u0131ld\u0131\u011f\u0131 g\u00fcnlerdeki haliyle muhafaza ediliyor. Cumhuriyetin temellerinin at\u0131ld\u0131\u011f\u0131 Sivas&#8217;taki Atat\u00fcrk ve Kongre M\u00fczesi&#8217;nde bu y\u0131l 350 bin ziyaret\u00e7i hedefleniyor https:\/\/t.co\/RNPb6Gj2zH pic.twitter.com\/WyIuAOEc16 \u2014 Anadolu Ajans\u0131 (@anadoluajansi) September 2, 2023 M\u00fczeye d\u00f6n\u00fc\u015ft\u00fcr\u00fclen tarihi binan\u0131n, biri interaktif, 5&#8217;i te\u015fhir, 19&#8217;u karma 25 odas\u0131nda Milli M\u00fccadele ruhu ya\u015fat\u0131l\u0131yor. Atat\u00fcrk&#8217;\u00fcn kald\u0131\u011f\u0131 ve [&hellip;]<\/p>\n","protected":false},"author":1,"featured_media":13300,"comment_status":"","ping_status":"","sticky":false,"template":"","format":"standard","meta":[],"categories":[50],"tags":[],"_links":{"self":[{"href":"https:\/\/kraios.app\/news\/wp-json\/wp\/v2\/posts\/13299"}],"collection":[{"href":"https:\/\/kraios.app\/news\/wp-json\/wp\/v2\/posts"}],"about":[{"href":"https:\/\/kraios.app\/news\/wp-json\/wp\/v2\/types\/post"}],"author":[{"embeddable":true,"href":"https:\/\/kraios.app\/news\/wp-json\/wp\/v2\/users\/1"}],"replies":[{"embeddable":true,"href":"https:\/\/kraios.app\/news\/wp-json\/wp\/v2\/comments?post=13299"}],"version-history":[{"count":0,"href":"https:\/\/kraios.app\/news\/wp-json\/wp\/v2\/posts\/13299\/revisions"}],"wp:featuredmedia":[{"embeddable":true,"href":"https:\/\/kraios.app\/news\/wp-json\/wp\/v2\/media\/13300"}],"wp:attachment":[{"href":"https:\/\/kraios.app\/news\/wp-json\/wp\/v2\/media?parent=13299"}],"wp:term":[{"taxonomy":"category","embeddable":true,"href":"https:\/\/kraios.app\/news\/wp-json\/wp\/v2\/categories?post=13299"},{"taxonomy":"post_tag","embeddable":true,"href":"https:\/\/kraios.app\/news\/wp-json\/wp\/v2\/tags?post=13299"}],"curies":[{"name":"wp","href":"https:\/\/api.w.org\/{rel}","templated":true}]}}