{"id":13295,"date":"2023-09-02T13:27:41","date_gmt":"2023-09-02T13:27:41","guid":{"rendered":"https:\/\/kraios.app\/news\/siyaset\/2023\/09\/02\/aile-yapisinin-guclendirilmesi-icin-butun-gucumuzle-gayret-edecegiz\/"},"modified":"2023-09-02T13:27:41","modified_gmt":"2023-09-02T13:27:41","slug":"aile-yapisinin-guclendirilmesi-icin-butun-gucumuzle-gayret-edecegiz","status":"publish","type":"post","link":"https:\/\/kraios.app\/news\/siyaset\/2023\/09\/02\/aile-yapisinin-guclendirilmesi-icin-butun-gucumuzle-gayret-edecegiz\/","title":{"rendered":"Aile yap\u0131s\u0131n\u0131n g\u00fc\u00e7lendirilmesi i\u00e7in b\u00fct\u00fcn g\u00fcc\u00fcm\u00fczle gayret edece\u011fiz"},"content":{"rendered":"<p><\/p>\n<div>\n<p>Kurtulmu\u015f, \u00d6NDER \u0130mam Hatipliler Derne\u011finin U\u015fak \u00dcniversitesi Recep Tayyip Erdo\u011fan Kongre Merkezi&#8217;nde ger\u00e7ekle\u015ftirilen 20. \u0130mam Hatipliler Kurultay\u0131&#8217;nda yapt\u0131\u011f\u0131 konu\u015fmada, bir imam hatipli olarak kurultaya kat\u0131lmaktan duydu\u011fu memnuniyeti dile getirdi.<\/p>\n<p>\u0130mam hatip kurultay\u0131n\u0131n bug\u00fcn 20&#8217;ncisinin yap\u0131l\u0131yor olmas\u0131n\u0131n de\u011ferli ve \u00f6nemli oldu\u011funu vurgulayan Kurtulmu\u015f, hem imam hatip meselesinin hem de yeniden varolu\u015f m\u00fccadelesinin asla unutulmamas\u0131 gerekti\u011fini bildirdi.<\/p>\n<p>Kendi hayat\u0131nda \u00e7ok say\u0131da T\u00fcrkiye&#8217;nin antidemokratik ge\u00e7i\u015f noktalar\u0131na \u015fahitlik etti\u011fini anlatan Kurtulmu\u015f, \u015f\u00f6yle konu\u015ftu:<\/p>\n<p>&#8221; 12 Mart, 12 Eyl\u00fcl, 28 \u015eubat ve 15 Temmuz&#8217;u hat\u0131rlayan birisi olarak verilen m\u00fccadelenin T\u00fcrkiye&#8217;nin nitelikli gelece\u011fi i\u00e7in ne anlam ifade etti\u011fini gayet iyi biliyorum. \u0130mam hatip meselesi sadece bir okul \u00e7evresinde verilen bir m\u00fccadele de\u011fildir. Hepinizin bildi\u011fi birka\u00e7 \u00f6zelli\u011fini tekrar etmek isterim. Bunlardan birincisi; bu topraklarda Cumhuriyet tarihinin toplumsal olarak en b\u00fcy\u00fck tavan bulmu\u015f, en b\u00fcy\u00fck destek bulmu\u015f sosyal projelerinin ba\u015f\u0131nda gelen imam hatip okullar\u0131d\u0131r. Toplumun farkl\u0131 kesimleri yememi\u015f i\u00e7memi\u015f, o okullar\u0131 yapm\u0131\u015f, o okullara \u00f6\u011frenci yeti\u015ftirmi\u015f, s\u0131rt\u0131nda \u00e7uvallarla \u00e7ocuklara yiyecekler ta\u015f\u0131yarak burada okuyan \u00e7ocuklar\u0131n istikbalinin ger\u00e7ekle\u015fmesi i\u00e7in m\u00fccadele etmi\u015ftir. Dolay\u0131s\u0131yla ortak ve ger\u00e7ekten g\u00fc\u00e7l\u00fc bir proje olarak bu m\u00fccadeleyi hat\u0131rlamam\u0131z gerekiyor. \u0130kinci temel \u00f6zellik tabiri caizse T\u00fcrkiye&#8217;nin demokrasi tarihinin seyriyle paralel bir seyir, imam hatip okullar\u0131n\u0131n ge\u00e7mi\u015finde yer alm\u0131\u015ft\u0131r. Yani demokratik ortam\u0131n k\u0131s\u0131tland\u0131\u011f\u0131, zorluklar\u0131n ve millet iradesinin bask\u0131 alt\u0131na al\u0131nd\u0131\u011f\u0131 d\u00f6nemlerde imam hatip liselerinin hem programlar\u0131 de\u011fi\u015ftirilmi\u015f hem kap\u0131s\u0131na kilit vurulmu\u015f hem de \u00e7ok say\u0131da \u00f6\u011frencisinin kaybedilmesine vesile olmu\u015ftur. O g\u00fcnleri hat\u0131rl\u0131yoruz. 60 binlere \u00f6\u011frenci say\u0131s\u0131n\u0131n d\u00fc\u015ft\u00fc\u011f\u00fc g\u00fcnleri hat\u0131rl\u0131yorum. Bug\u00fcn Allah&#8217;a \u00e7ok \u015f\u00fck\u00fcr 1,5 milyona yakla\u015fan bir \u00f6\u011frenci ordusuyla birlikte T\u00fcrkiye milli e\u011fitim sisteminin temel unsurlar\u0131ndan birisi haline gelmi\u015ftir.&#8221;<\/p>\n<p>Kurtulmu\u015f, imam hatip liselerinin ayn\u0131 zamanda bir ba\u015far\u0131 \u00f6yk\u00fcs\u00fc oldu\u011funu ifade ederek, kendilerinden \u00f6nceki nesillerin yokluk, k\u0131tl\u0131k, yoksulluk ve bask\u0131 alt\u0131nda m\u00fccadele ve imtihan verdi\u011fini bildirdi.<\/p>\n<h3>&#8220;Ge\u00e7mi\u015fi unutmayaca\u011f\u0131z&#8221;<\/h3>\n<p>T\u00fcrk milletinin tarihi boyunca g\u00fcndelik i\u015flerle hi\u00e7 u\u011fra\u015fmad\u0131\u011f\u0131na dikkati \u00e7eken Kurtulmu\u015f, \u015f\u00f6yle devam etti:<\/p>\n<p>&#8220;Bizim i\u00e7in durmak, duraksamak b\u0131rak\u0131n geri gitmeyi, oldu\u011fumuz yerde saymak hi\u00e7bir zaman ger\u00e7ekle\u015fmemi\u015ftir. Ayn\u0131 zamanda Sultan Alparslan Han&#8217;\u0131n Anadolu topraklar\u0131n\u0131 M\u00fcsl\u00fcman milletimize a\u00e7t\u0131\u011f\u0131m\u0131z g\u00fcnden bu yana \u015f\u00f6yle millet\u00e7e arkam\u0131za yaslanarak, rahat i\u00e7erisinde, huzur i\u00e7erisinde ya\u015fad\u0131\u011f\u0131m\u0131z bir g\u00fcn de olmam\u0131\u015ft\u0131r. Hep bu \u00fclkeyi sa\u011fdan soldan \u00e7eki\u015ftirerek bu \u00fclkenin d\u00fc\u015fmanlar\u0131n\u0131n bu milleti bo\u011fmak istedi\u011fi nice ser\u00fcvenleri \u00e7ok ya\u015fam\u0131\u015f\u0131zd\u0131r. Onun i\u00e7in diyoruz ki hi\u00e7 ge\u00e7mi\u015fi unutmayaca\u011f\u0131z. Hangi labirentlerden ge\u00e7ti\u011fimizi, hangi zorluklara g\u00f6\u011f\u00fcs gerdi\u011fimizi, tarihsel s\u00fcre\u00e7leri hi\u00e7 unutmayaca\u011f\u0131z. Bug\u00fcn\u00fcn imkanlar\u0131ndan ve f\u0131rsatlar\u0131ndan olabildi\u011fince istifade edebilmek ama esas vazifemiz nitelikli bir gelece\u011fi in\u015fa edebilmektir. Bunun i\u00e7in her alanda m\u00fccadele etmek, gayret etmek, nitelikli bir gelece\u011fin olu\u015fmas\u0131 i\u00e7in m\u00fccadelemizi s\u00fcrd\u00fcrmeliyiz. Bunun en ba\u015f\u0131nda ifade edilmesi gereken \u015fudur; nitelikli bir gelecek ancak nitelikli insanlar\u0131n s\u0131rt\u0131nda y\u00fckselir. Onun i\u00e7in temel meselemizi nitelikli insanlar yeti\u015ftirmek her alanda ba\u015far\u0131l\u0131, g\u00fc\u00e7l\u00fc, bilgi, hikmet ve irfanla donat\u0131lm\u0131\u015f, ferasetli, basiretli, liyakatli ve ehliyetli, medeniyet de\u011ferleriyle donanm\u0131\u015f gen\u00e7lerimizi yeti\u015ftirmektir. Nitelikli bir gelecekten bahsediyorsak, her alanda b\u00f6ylesine b\u00fcy\u00fck bir gen\u00e7lik kadrosunu yeti\u015ftirmek bizim i\u00e7in \u00f6nemlidir.&#8221;<\/p>\n<h3>&#8220;Ortak, sa\u011flam bir mefkurenin olmas\u0131 gerekiyor&#8221;<\/h3>\n<p>Cumhuriyetin ilk asr\u0131n\u0131n art\u0131k geride kald\u0131\u011f\u0131n\u0131 vurgulayan Kurtulmu\u015f, 29 Ekim&#8217;le birlikte yeni bir d\u00f6neme gireceklerini aktard\u0131.<\/p>\n<p>Nitelikli gelecekten bahsetmek i\u00e7in \u00f6nce sa\u011flam bir mefkureyi ortak milli bir hedef haline getirmek mecburiyetinde olduklar\u0131n\u0131 anlatan Kurtulmu\u015f, \u015funlar\u0131 s\u00f6yledi:<\/p>\n<p>&#8220;Yani millet olarak tarihten \u00e7\u0131kard\u0131\u011f\u0131m\u0131z en b\u00fcy\u00fck derslerden birisi hep \u00f6n\u00fcm\u00fczde b\u00fcy\u00fck hedeflerin olmas\u0131d\u0131r. Hep daha b\u00fcy\u00fck hedeflerin, daha b\u00fcy\u00fck \u00fclk\u00fclerin, daha \u00e7ok ve ileri noktalarda varmak istedi\u011fimiz olmas\u0131 gerekir. Bunu sa\u011flamak i\u00e7inse ortak, sa\u011flam bir mefkurenin olmas\u0131 gerekiyor. Ayn\u0131 bir ota\u011f\u0131n \u00e7ad\u0131r\u0131n\u0131n orta dire\u011fi gibi bu ortak mefkuremiz kendi medeniyet de\u011ferlerimiz etraf\u0131nda yeniden dirilmemiz, yeniden g\u00fc\u00e7lenmemiz, yeniden k\u00f6klenmemiz ve bu anlamda kendi medeniyetimizin de\u011ferlerini kurumsalla\u015ft\u0131rmakt\u0131r. Bunun i\u00e7in ortak hedefleri belirlemek, ortak hedeflere ilerleme noktas\u0131nda yani T\u00fcrkiye Y\u00fczy\u0131l\u0131 hedefi olarak ortaya koydu\u011fumuz bu milli hedef etraf\u0131nda milli duru\u015fu ger\u00e7ekle\u015ftirmemizdir. Onun i\u00e7in nitelikli gelece\u011fin olmazsa olmaz ilk \u015fart\u0131n\u0131n sa\u011flam, esas bir mefkureye sahip olmam\u0131z oldu\u011funun alt\u0131n\u0131 \u00e7izmek istiyorum. Bu anlamda \u00e7ad\u0131r\u0131m\u0131z\u0131n orta dire\u011fi, ana dire\u011fi, sa\u011flam bir mefkureye sahip olmakt\u0131r.&#8221;<\/p>\n<p>\u0130kinci temel unsurun da bu mefkureyi y\u00fcr\u00fctecek, ileriki nesillere aktarabilecek sa\u011flam bir toplumsal yap\u0131n\u0131n olu\u015fmas\u0131, sa\u011flam bir toplumsal yap\u0131n\u0131n sonraki nesillere devredilmesi oldu\u011funu anlatan Kurtulmu\u015f, bunun en ba\u015f\u0131nda da aile yap\u0131s\u0131n\u0131n g\u00fc\u00e7lendirilmesinin temel hedeflerden oldu\u011funu aktard\u0131.<\/p>\n<p>D\u00fcnyada nesilleri mahvetmeyi kendisi i\u00e7in vazife bilen \u015fer odaklar\u0131n\u0131n b\u00fcy\u00fck bir propagandayla hedef ald\u0131\u011f\u0131 temel unsurlardan birisinin aile yap\u0131s\u0131 oldu\u011funu vurgulayan Kurtulmu\u015f, &#8220;Bu aile yap\u0131s\u0131n\u0131n g\u00fc\u00e7lendirilmesi i\u00e7in b\u00fct\u00fcn g\u00fcc\u00fcm\u00fczle gayret edece\u011fiz ve in\u015fallah \u00f6n\u00fcm\u00fczdeki d\u00f6nemde yapaca\u011f\u0131m\u0131z yeni anayasa \u00e7al\u0131\u015fmas\u0131nda da T\u00fcrk ailesinin g\u00fc\u00e7lendirilmesi ve korunmas\u0131 i\u00e7in gerekli ad\u0131mlar\u0131 in\u015fallah ataca\u011f\u0131z.&#8221; dedi.<\/p>\n<h3>&#8220;B\u00fct\u00fcn dostlar\u0131m\u0131z\u0131 karde\u015f bilerek yoluna devam edece\u011fiz&#8221;<\/h3>\n<p>Sa\u011flam bir toplumsal yap\u0131n\u0131n ileriye do\u011fru g\u00fc\u00e7l\u00fc bir \u015fekilde devam etmesi i\u00e7in olmazsa olmaz bir ba\u015fka konunun da farkl\u0131l\u0131klar\u0131, \u00e7e\u015fitlilikleri, bir g\u00fc\u00e7 unsuru olarak kabul etmek oldu\u011funa i\u015faret eden Kurtulmu\u015f, \u015f\u00f6yle devam etti:<\/p>\n<p>&#8220;Mezhep, me\u015frep, \u0131rk, k\u00f6ken, toplumsal s\u0131n\u0131f gibi b\u00fct\u00fcn farkl\u0131l\u0131klar\u0131n bir tarafa b\u0131rak\u0131larak bunlar\u0131n \u00fczerinden bu farkl\u0131l\u0131klar\u0131 bir zenginlik arac\u0131 olarak g\u00f6rerek aynen Osmanl\u0131&#8217;n\u0131n ge\u00e7mi\u015fte yapt\u0131\u011f\u0131 millet sistemi \u00fczerinden g\u00fc\u00e7lendirdi\u011fi o anlay\u0131\u015f\u0131 yeniden kuvvetlendirerek yolumuza devam edece\u011fiz. Bu \u00fclkenin 85 milyonunun tamam\u0131 birdir, beraberdir karde\u015fimizdir. Sadece T\u00fcrkiye&#8217;deki 85 milyon de\u011fil, d\u00fcnyan\u0131n d\u00f6rt bir taraf\u0131nda 100 milyonlarla ifade etti\u011fimiz millet varl\u0131\u011f\u0131m\u0131z da bizim dostumuzdur, karde\u015fimizdir, beraber oldu\u011fumuz insanlard\u0131r. Sadece 100 binler, 100 milyonlarla ifade etti\u011fimiz soyda\u015flar\u0131m\u0131z, \u0131rkda\u015flar\u0131m\u0131z millet varl\u0131\u011f\u0131m\u0131z de\u011fil bug\u00fcn art\u0131k yakla\u015f\u0131k 2 milyara yakla\u015fm\u0131\u015f olan \u0130slam \u00fcmmetinin tamam\u0131 da dostumuzdur, karde\u015fimizdir, ailemizin bir par\u00e7as\u0131d\u0131r. Bu \u00e7er\u00e7evede T\u00fcrkiye&#8217;deki farkl\u0131l\u0131klar\u0131 zenginlik arac\u0131 olarak bilmek sadece bir retorik olarak de\u011fil \u00f6n\u00fcm\u00fczdeki d\u00f6nemde d\u00fcnyay\u0131 bekleyen bir ba\u015fka \u00f6nemli tehlikenin de bertaraf edilmesi i\u00e7in asli vazifelerimizden birisidir. Nedir o? Bug\u00fcn b\u00fct\u00fcn d\u00fcnyada yabanc\u0131 d\u00fc\u015fmanl\u0131\u011f\u0131 ve \u0130slam d\u00fc\u015fmanl\u0131\u011f\u0131 \u015feklinde tezah\u00fcr eden \u00f6tekine tahamm\u00fcl etmeyen, \u00f6teki olarak tan\u0131mlad\u0131\u011f\u0131n\u0131 yok etmeye \u00e7al\u0131\u015fan, \u00f6teki olarak g\u00f6rd\u00fc\u011f\u00fcne hayat hakk\u0131 tan\u0131mayan \u0131rk\u00e7\u0131, fa\u015fist, \u00e7a\u011f d\u0131\u015f\u0131 ve \u00e7a\u011f\u0131n tamam\u0131yla \u00f6tesinde kalm\u0131\u015f olan bu karanl\u0131k anlay\u0131\u015ft\u0131r. Ne yaz\u0131k ki aynen aileyi tahrip etmek isteyen baz\u0131 g\u00f6r\u00fc\u015fler gibi insanl\u0131k ihyas\u0131nda, insanl\u0131k aleminde, insanl\u0131k ortak paydas\u0131n\u0131 yok etmek isteyen bu fa\u015fist zihniyetle, bu \u0131rk\u00e7\u0131 zihniyet de \u00e7a\u011f\u0131m\u0131z\u0131n en b\u00fcy\u00fck vir\u00fcslerinden birisidir. Bundan T\u00fcrkiye&#8217;ye Allah&#8217;a \u00e7ok \u015f\u00fck\u00fcr hi\u00e7 sirayet etmeyecek. Bunu T\u00fcrkiye&#8217;de hi\u00e7 bula\u015ft\u0131rmayaca\u011f\u0131z ve in\u015fallah T\u00fcrkiye hem 85 milyonu karde\u015f bilen, hem b\u00fct\u00fcn dostlar\u0131m\u0131z\u0131 karde\u015f bilerek yoluna devam edece\u011fiz.&#8221;<\/p>\n<p>Kurtulmu\u015f, sa\u011flam bir toplumsal yap\u0131ya sahip olman\u0131n \u00f6nemli ayaklar\u0131ndan birinin de g\u00fc\u00e7s\u00fcze, yoksula ve ma\u011fdurlara el, kucak a\u00e7mak, onlar\u0131n elinden tutmak oldu\u011funu bildirdi.<\/p>\n<h3>&#8220;Devlet ele ge\u00e7irilecek bir yer de\u011fildir&#8221;<\/h3>\n<p>Kurtulmu\u015f, nitelikli bir gelece\u011fin temel \u015fartlar\u0131ndan birinin g\u00fc\u00e7l\u00fc insan kaynaklar\u0131na sahip olmaktan ge\u00e7ti\u011fini ifade etti.<\/p>\n<p>T\u00fcrkiye&#8217;nin bug\u00fcn her alanda yeti\u015fmi\u015f elemanlar\u0131yla b\u00fcy\u00fck at\u0131l\u0131mlar ger\u00e7ekle\u015ftirdi\u011fini aktaran Kurtulmu\u015f, &#8220;Ama yetmez. Daha ileriye gitmemiz laz\u0131m. Bu anlamda milli e\u011fitim sistemimizin ba\u015far\u0131l\u0131 kurumlar\u0131ndan birisi olan imam hatip liselerinin de ortaya koydu\u011fu ba\u015far\u0131 ortadad\u0131r. Bize verilen \u00f6n\u00fcm\u00fczdeki bilimsel verilerle yeterli olan de\u011fil, d\u00fcnyada bilimsel alanda da m\u00fccadele edebilen, rekabet edebilen, \u00f6nc\u00fc olabilen nitelikli insanlar\u0131 yeti\u015ftirece\u011fiz. Bizim gen\u00e7lerimiz temel bilimlerden uzay bilimlerine, sosyal bilimlerden dini ilimlere kadar her alanda d\u00fcnyadaki ya\u015f\u0131tlar\u0131yla yar\u0131\u015facak ve d\u00fcnyada \u00f6nc\u00fc bilim adamlar\u0131 olacaklard\u0131r.&#8221; diye konu\u015ftu.<\/p>\n<p>Nitelikli bir gelece\u011fi kurabilmek i\u00e7in en temel bir di\u011fer unsurun da g\u00fc\u00e7l\u00fc bir devlet yap\u0131s\u0131na sahip olmak oldu\u011funu vurgulayan Kurtulmu\u015f, \u015f\u00f6yle devam etti:<\/p>\n<p>&#8220;Devletin i\u00e7ine k\u00fcmelenmi\u015f olan unsurlar\u0131n ne b\u00fcy\u00fck zararlar verdi\u011fini daha \u00e7ok k\u0131sa bir m\u00fcddet evvel 15 Temmuz dolay\u0131s\u0131yla bir kere daha g\u00f6rd\u00fck. Devlet ele ge\u00e7irilecek bir yer de\u011fil, devlet milletin verdi\u011fi yetkiyle millete hizmet edilecek bir makamd\u0131r, bir hizmet yeridir. Bu \u00e7er\u00e7evede devletin yeniden yap\u0131lanmas\u0131 h\u0131zl\u0131 ve etkin kararlar alan bir mekanizma haline d\u00f6n\u00fc\u015ft\u00fcr\u00fclmesi i\u00e7in yine milletimizin kararl\u0131l\u0131\u011f\u0131yla Cumhurba\u015fkanl\u0131\u011f\u0131 Y\u00f6netim Sistemi&#8217;ne ge\u00e7mi\u015f bulunuyoruz. Bu sistemin daha da g\u00fcncellenerek daha h\u0131zl\u0131 ve daha etkin bir hale getirilmesi i\u00e7in m\u00fccadele edece\u011fiz ve b\u00f6ylece etkili g\u00fc\u00e7l\u00fc bir devlet yap\u0131s\u0131n\u0131 hep beraber kuraca\u011f\u0131z. G\u00fc\u00e7l\u00fc bir devlet sisteminden kast\u0131m\u0131z sadece devletin g\u00fc\u00e7 olarak g\u00fc\u00e7l\u00fc olmas\u0131 de\u011fil, ayn\u0131 zamanda devletin yegane sahibi ve hakimi olan milletin de g\u00fc\u00e7l\u00fc olmas\u0131d\u0131r.&#8221;<\/p>\n<p>Devlet ve milletin b\u00fct\u00fcnle\u015fmesine de\u011finen ve gelinen noktada millet-devlet kayna\u015fmas\u0131n\u0131n ger\u00e7ekle\u015fti\u011fini, daha da ileriye gidece\u011fini vurgulayan Kurtulmu\u015f, &#8220;As\u0131l olan millettir. As\u0131l olan devlet de\u011fildir. Ben T\u00fcrkiye B\u00fcy\u00fck Millet Meclisi Ba\u015fkan\u0131y\u0131m. Yar\u0131n yokum. Ben otuzuncusuyum. Benden evvel 29 ki\u015fi gelmi\u015f ge\u00e7mi\u015f. Bu makamlar\u0131n hepsi gelip ge\u00e7ecek. Hepsi millete hizmet etmek i\u00e7in var olunan makamlard\u0131r. Hepimiz faniyiz.&#8221; ifadelerini kulland\u0131.<\/p>\n<p>Devletin en b\u00fcy\u00fck g\u00fcc\u00fcn\u00fcn devlet ve milletin b\u00fct\u00fcnle\u015fti\u011fi zamanlarda kazand\u0131\u011f\u0131 ba\u015far\u0131lardan geldi\u011fine i\u015faret eden Kurtulmu\u015f, &#8220;Allah&#8217;a \u00e7ok \u015f\u00fck\u00fcr T\u00fcrkiye son 20 y\u0131lda yine bir imam hatipli olan Recep Tayyip Erdo\u011fan&#8217;\u0131n \u00f6nc\u00fcl\u00fc\u011f\u00fcnde devlet ve millet b\u00fct\u00fcnle\u015fmesini sa\u011flam\u0131\u015f ve yoluna devam ediyor. G\u00fc\u00e7l\u00fc bir devlet yap\u0131s\u0131n\u0131n \u00f6nemli unsurlar\u0131ndan birisi adalet ve merhametin kurumsalla\u015fmas\u0131d\u0131r.&#8221; de\u011ferlendirmesinde bulundu.<\/p>\n<h3>&#8220;Yeni anayasa yap\u0131lmas\u0131 boynumuzun borcu&#8221;<\/h3>\n<p>T\u00fcrkiye&#8217;nin temel hukuksal metinlerinin yeni ba\u015ftan yaz\u0131lmas\u0131n\u0131n ve yeni reformlar\u0131n ortaya konulmas\u0131n\u0131n ka\u00e7\u0131n\u0131lmaz oldu\u011funu kaydeden Kurtulmu\u015f, \u015funlar\u0131 s\u00f6yledi:<\/p>\n<p>&#8220;Bunun en ba\u015f\u0131nda \u00e7a\u011fda\u015f, milli, kat\u0131l\u0131mc\u0131, kapsay\u0131c\u0131, yeni bir anayasan\u0131n yap\u0131lmas\u0131 boynumuzun borcudur. Milletin verdi\u011fi temel \u00f6devlerden birisidir. Yine ayn\u0131 \u015fekilde T\u00fcrkiye&#8217;nin T\u00fcrkiye B\u00fcy\u00fck Millet Meclisinde yeni bir i\u00e7 t\u00fcz\u00fckle i\u015fleyi\u015fin daha rasyonel, daha demokrat ve daha h\u0131zl\u0131 bir \u015fekilde olmas\u0131n\u0131 sa\u011flamak da g\u00fcndemimizdedir ve in\u015fallah bunlar\u0131 ger\u00e7ekle\u015ftirece\u011fiz. B\u00f6ylece T\u00fcrkiye&#8217;nin hem hukuk metinleri bak\u0131m\u0131ndan hem de uygulama bak\u0131m\u0131ndan y\u00fcksek nitelikli bir d\u00f6neme ge\u00e7i\u015fi sa\u011flanacakt\u0131r. Bunun i\u00e7in siyasi partiler yasas\u0131, se\u00e7im yasas\u0131 gibi di\u011fer konularda g\u00fcncelleme yapmak da herhalde \u00f6n\u00fcm\u00fczdeki konulardan baz\u0131lar\u0131d\u0131r.&#8221;<\/p>\n<h3>Notlar<\/h3>\n<p>Programda, U\u015fak Valisi Turan Erg\u00fcn, Belediye Ba\u015fkan\u0131 Mehmet \u00c7ak\u0131n ve U\u015fak \u00dcniversitesi Rekt\u00f6r\u00fc Prof. Dr. Ekrem Sava\u015f, kat\u0131l\u0131mc\u0131lar\u0131 selamlayarak, kurultay\u0131n kentte ger\u00e7ekle\u015fmesinden duyduklar\u0131 memnuniyeti dile getirdi.<\/p>\n<p>\u00d6NDER \u0130mam Hatipliler Derne\u011fi Genel Ba\u015fkan\u0131 Abdullah Ceylan ise kurultaya yurdun d\u00f6rt bir yan\u0131ndan kat\u0131l\u0131m sa\u011flayan \u00fcyelere te\u015fekk\u00fcr etti.<\/p>\n<p>Konu\u015fmalar\u0131n ard\u0131ndan TBMM Ba\u015fkan\u0131 Kurtulmu\u015f, protokol \u00fcyeleriyle U\u015fak&#8217;\u0131n tarihini anlatan sergiyi gezdi.<\/p>\n<p>Kurtulmu\u015f daha sonra U\u015fak Valili\u011fini ziyaret ederek, Vali Turan Erg\u00fcn ile g\u00f6r\u00fc\u015ft\u00fc.<\/p>\n<p>                            <span class=\"detay-foto-editor\">&#13;<br \/>\n                                <a href=\"https:\/\/www.aa.com.tr\/tr\/p\/abonelik-talep-formu\/1001\" target=\"_blank\" style=\"font-size:12px; color:#444; text-decoration:none;\" rel=\"noopener\">&#13;<br \/>\n                                    Anadolu Ajans\u0131 web sitesinde, AA Haber Ak\u0131\u015f Sistemi (HAS) \u00fczerinden abonelere sunulan haberler, \u00f6zetlenerek yay\u0131mlanmaktad\u0131r. <b style=\"color:#1897F7\">Abonelik i\u00e7in l\u00fctfen ileti\u015fime ge\u00e7iniz.<\/b>&#13;<br \/>\n                                <\/a>&#13;<br \/>\n                            <\/span>\n                        <\/div>\n<p><script>\n\t  window.fbAsyncInit = function() {\n\t\tFB.init({\n\t\t  appId: '1855843514662870',\n\t\t  status : true, \/\/ check login status\n\t\t  cookie : true, \/\/ enable cookies to allow the server to access the session\n\t\t  xfbml  : true  \/\/ parse XFBML\n\t\t});\n\t  };<\/p>\n<p>\t  (function() {\n\t\tvar e = document.createElement('script');\n\t\te.src=\"https:\/\/connect.facebook.net\/tr_TR\/all.js\";\n\t\te.async = true;\n\t\tdocument.getElementById('fb-root').appendChild(e);\n\t  }());\n    <\/script><\/p>\n","protected":false},"excerpt":{"rendered":"<p>Kurtulmu\u015f, \u00d6NDER \u0130mam Hatipliler Derne\u011finin U\u015fak \u00dcniversitesi Recep Tayyip Erdo\u011fan Kongre Merkezi&#8217;nde ger\u00e7ekle\u015ftirilen 20. \u0130mam Hatipliler Kurultay\u0131&#8217;nda yapt\u0131\u011f\u0131 konu\u015fmada, bir imam hatipli olarak kurultaya kat\u0131lmaktan duydu\u011fu memnuniyeti dile getirdi. \u0130mam hatip kurultay\u0131n\u0131n bug\u00fcn 20&#8217;ncisinin yap\u0131l\u0131yor olmas\u0131n\u0131n de\u011ferli ve \u00f6nemli oldu\u011funu vurgulayan Kurtulmu\u015f, hem imam hatip meselesinin hem de yeniden varolu\u015f m\u00fccadelesinin asla unutulmamas\u0131 gerekti\u011fini bildirdi. [&hellip;]<\/p>\n","protected":false},"author":1,"featured_media":13296,"comment_status":"","ping_status":"","sticky":false,"template":"","format":"standard","meta":[],"categories":[47],"tags":[],"_links":{"self":[{"href":"https:\/\/kraios.app\/news\/wp-json\/wp\/v2\/posts\/13295"}],"collection":[{"href":"https:\/\/kraios.app\/news\/wp-json\/wp\/v2\/posts"}],"about":[{"href":"https:\/\/kraios.app\/news\/wp-json\/wp\/v2\/types\/post"}],"author":[{"embeddable":true,"href":"https:\/\/kraios.app\/news\/wp-json\/wp\/v2\/users\/1"}],"replies":[{"embeddable":true,"href":"https:\/\/kraios.app\/news\/wp-json\/wp\/v2\/comments?post=13295"}],"version-history":[{"count":0,"href":"https:\/\/kraios.app\/news\/wp-json\/wp\/v2\/posts\/13295\/revisions"}],"wp:featuredmedia":[{"embeddable":true,"href":"https:\/\/kraios.app\/news\/wp-json\/wp\/v2\/media\/13296"}],"wp:attachment":[{"href":"https:\/\/kraios.app\/news\/wp-json\/wp\/v2\/media?parent=13295"}],"wp:term":[{"taxonomy":"category","embeddable":true,"href":"https:\/\/kraios.app\/news\/wp-json\/wp\/v2\/categories?post=13295"},{"taxonomy":"post_tag","embeddable":true,"href":"https:\/\/kraios.app\/news\/wp-json\/wp\/v2\/tags?post=13295"}],"curies":[{"name":"wp","href":"https:\/\/api.w.org\/{rel}","templated":true}]}}