{"id":13291,"date":"2023-09-02T13:26:01","date_gmt":"2023-09-02T13:26:01","guid":{"rendered":"https:\/\/kraios.app\/news\/ekonomi\/2023\/09\/02\/ic-anadoluya-uygun-alternatif-hububat-cesitleri-malyada-deneniyor\/"},"modified":"2023-09-02T13:26:01","modified_gmt":"2023-09-02T13:26:01","slug":"ic-anadoluya-uygun-alternatif-hububat-cesitleri-malyada-deneniyor","status":"publish","type":"post","link":"https:\/\/kraios.app\/news\/ekonomi\/2023\/09\/02\/ic-anadoluya-uygun-alternatif-hububat-cesitleri-malyada-deneniyor\/","title":{"rendered":"\u0130\u00e7 Anadolu&#8217;ya uygun alternatif hububat \u00e7e\u015fitleri Malya&#8217;da deneniyor"},"content":{"rendered":"<p> <br \/>\n<\/p>\n<div>\n<p>Kuruldu\u011fu 1942 y\u0131l\u0131ndan bu yana tar\u0131m ve hayvanc\u0131l\u0131\u011f\u0131n geli\u015fmesine katk\u0131 sa\u011flayan Malya Tar\u0131m \u0130\u015fletmesinde, sadece K\u0131r\u015fehir i\u00e7in de\u011fil, \u0130\u00e7 Anadolu B\u00f6lgesi&#8217;ndeki \u00e7ift\u00e7iler i\u00e7in alternatif olabilecek bu\u011fday ve arpa \u00e7e\u015fitleri deneyimlenerek ekiliyor.<\/p>\n<p><img decoding=\"async\" alt=\"\" src=\"https:\/\/admin.aa.com.tr\/uploads\/userFiles\/a54ea27f-6036-4f79-88c6-6bc9ba19a35d\/08_Nisan%2F05%20eyl%C3%BCl%2F15%2FAA-32054803.jpg\"\/><\/p>\n<p>Malya Tar\u0131m \u0130\u015fletmesi M\u00fcd\u00fcr\u00fc Ahmet Gezer, AA muhabirine, i\u015fletmenin arazi b\u00fcy\u00fckl\u00fc\u011f\u00fcn\u00fcn 218 bin 828 dekar oldu\u011funu ve bu alan\u0131n 158 bin dekar\u0131nda k\u00fclt\u00fcr alt\u0131 arazi faaliyetleri yap\u0131ld\u0131\u011f\u0131n\u0131 s\u00f6yledi.<\/p>\n<p>Gezer, \u00fcretim yap\u0131lan arazilerinin yan\u0131 ba\u015f\u0131nda 12,5 dekarl\u0131k alanda yeni \u00e7e\u015fit bu\u011fday ve arpa ekildi\u011fini aktard\u0131.<\/p>\n<p><img decoding=\"async\" alt=\"\" src=\"https:\/\/admin.aa.com.tr\/uploads\/userFiles\/a54ea27f-6036-4f79-88c6-6bc9ba19a35d\/08_Nisan%2F05%20eyl%C3%BCl%2F15%2FAA-32054801.jpg\"\/><\/p>\n<p>\u0130\u00e7 Anadolu \u015fartlar\u0131na uygun ideal \u00fcr\u00fcn i\u00e7in \u00e7al\u0131\u015fma y\u00fcr\u00fctt\u00fcklerini anlatan Gezer, deneme ekimleriyle alternatif \u00fcr\u00fcnleri de \u00e7ift\u00e7ilere tan\u0131tarak onlar\u0131 bilgilendirdiklerini kaydetti.<\/p>\n<p>Gezer, &#8220;22 deneme tohumu var, 19 \u00e7e\u015fit bu\u011fday, 3 \u00e7e\u015fit arpa olmak \u00fczere ekiyoruz. \u00c7ift\u00e7ilerimizi buraya davet ederek g\u00f6zlem yapt\u0131r\u0131yoruz.&#8221; dedi.<\/p>\n<p><img decoding=\"async\" alt=\"\" src=\"https:\/\/www.aa.com.tr\/uploads\/userFiles\/a54ea27f-6036-4f79-88c6-6bc9ba19a35d\/08_Nisan%2F05%20eyl%C3%BCl%2F15%2FAA-32054805.jpg\"\/><\/p>\n<p>Ba\u015fkurt, Ah\u0131ska, Karakalpak, Bengisu, K\u0131z\u0131ltan, Bayraktar gibi bu\u011fday \u00e7e\u015fitlerinin yan\u0131 s\u0131ra arpada da deneme ekimi yapt\u0131klar\u0131n\u0131 belirten Gezer, \u015funlar\u0131 s\u00f6yledi:<\/p>\n<p>&#8220;Deneme bu\u011fday ve arpa \u00e7e\u015fitleri ekimindeki amac\u0131m\u0131z, b\u00f6lgemiz \u015fartlar\u0131na uygun, verim kabiliyeti y\u00fcksek ve kurakl\u0131\u011fa dayan\u0131kl\u0131 \u00e7e\u015fitleri yeti\u015ftirmektir. \u00c7ift\u00e7ilerimizin daha farkl\u0131 alternatif tohumlar\u0131 tan\u0131mas\u0131 ve yeti\u015ftirmesi i\u00e7in onlara yard\u0131mc\u0131 oluyoruz. Ba\u015fta K\u0131r\u015fehir olmak \u00fczere Aksaray, Yozgat, Nev\u015fehir, Kayseri, Konya, K\u0131r\u0131kkale gibi illerimizde yeti\u015febilecek \u00fcr\u00fcnlerin deneme ekimini yap\u0131yoruz. Daha iyi verim al\u0131m kapasitesine sahip \u00e7e\u015fitlerimizi deneyip, \u00e7ift\u00e7ilerimize \u00f6neriyoruz.&#8221;<\/p>\n<p>                            <span class=\"detay-foto-editor\">&#13;<br \/>\n                                <a href=\"https:\/\/www.aa.com.tr\/tr\/p\/abonelik-talep-formu\/1001\" target=\"_blank\" style=\"font-size:12px; color:#444; text-decoration:none;\" rel=\"noopener\">&#13;<br \/>\n                                    Anadolu Ajans\u0131 web sitesinde, AA Haber Ak\u0131\u015f Sistemi (HAS) \u00fczerinden abonelere sunulan haberler, \u00f6zetlenerek yay\u0131mlanmaktad\u0131r. <b style=\"color:#1897F7\">Abonelik i\u00e7in l\u00fctfen ileti\u015fime ge\u00e7iniz.<\/b>&#13;<br \/>\n                                <\/a>&#13;<br \/>\n                            <\/span>\n                        <\/div>\n<p><script>\n\t  window.fbAsyncInit = function() {\n\t\tFB.init({\n\t\t  appId: '1855843514662870',\n\t\t  status : true, \/\/ check login status\n\t\t  cookie : true, \/\/ enable cookies to allow the server to access the session\n\t\t  xfbml  : true  \/\/ parse XFBML\n\t\t});\n\t  };<\/p>\n<p>\t  (function() {\n\t\tvar e = document.createElement('script');\n\t\te.src=\"https:\/\/connect.facebook.net\/tr_TR\/all.js\";\n\t\te.async = true;\n\t\tdocument.getElementById('fb-root').appendChild(e);\n\t  }());\n    <\/script><br \/>\n<br \/><br \/>\n<br \/><a href=\"https:\/\/www.aa.com.tr\/tr\/ekonomi\/ic-anadoluya-uygun-alternatif-hububat-cesitleri-malyada-deneniyor\/2981627\">Source link <\/a><\/p>\n","protected":false},"excerpt":{"rendered":"<p>Kuruldu\u011fu 1942 y\u0131l\u0131ndan bu yana tar\u0131m ve hayvanc\u0131l\u0131\u011f\u0131n geli\u015fmesine katk\u0131 sa\u011flayan Malya Tar\u0131m \u0130\u015fletmesinde, sadece K\u0131r\u015fehir i\u00e7in de\u011fil, \u0130\u00e7 Anadolu B\u00f6lgesi&#8217;ndeki \u00e7ift\u00e7iler i\u00e7in alternatif olabilecek bu\u011fday ve arpa \u00e7e\u015fitleri deneyimlenerek ekiliyor. Malya Tar\u0131m \u0130\u015fletmesi M\u00fcd\u00fcr\u00fc Ahmet Gezer, AA muhabirine, i\u015fletmenin arazi b\u00fcy\u00fckl\u00fc\u011f\u00fcn\u00fcn 218 bin 828 dekar oldu\u011funu ve bu alan\u0131n 158 bin dekar\u0131nda k\u00fclt\u00fcr alt\u0131 [&hellip;]<\/p>\n","protected":false},"author":1,"featured_media":13292,"comment_status":"","ping_status":"","sticky":false,"template":"","format":"standard","meta":[],"categories":[44],"tags":[],"_links":{"self":[{"href":"https:\/\/kraios.app\/news\/wp-json\/wp\/v2\/posts\/13291"}],"collection":[{"href":"https:\/\/kraios.app\/news\/wp-json\/wp\/v2\/posts"}],"about":[{"href":"https:\/\/kraios.app\/news\/wp-json\/wp\/v2\/types\/post"}],"author":[{"embeddable":true,"href":"https:\/\/kraios.app\/news\/wp-json\/wp\/v2\/users\/1"}],"replies":[{"embeddable":true,"href":"https:\/\/kraios.app\/news\/wp-json\/wp\/v2\/comments?post=13291"}],"version-history":[{"count":0,"href":"https:\/\/kraios.app\/news\/wp-json\/wp\/v2\/posts\/13291\/revisions"}],"wp:featuredmedia":[{"embeddable":true,"href":"https:\/\/kraios.app\/news\/wp-json\/wp\/v2\/media\/13292"}],"wp:attachment":[{"href":"https:\/\/kraios.app\/news\/wp-json\/wp\/v2\/media?parent=13291"}],"wp:term":[{"taxonomy":"category","embeddable":true,"href":"https:\/\/kraios.app\/news\/wp-json\/wp\/v2\/categories?post=13291"},{"taxonomy":"post_tag","embeddable":true,"href":"https:\/\/kraios.app\/news\/wp-json\/wp\/v2\/tags?post=13291"}],"curies":[{"name":"wp","href":"https:\/\/api.w.org\/{rel}","templated":true}]}}