{"id":13263,"date":"2023-09-02T12:37:14","date_gmt":"2023-09-02T12:37:14","guid":{"rendered":"https:\/\/kraios.app\/news\/ekonomi\/2023\/09\/02\/igdirda-uretilen-rafine-tuz-asya-ve-avrupa-ulkelerine-ihrac-ediliyor\/"},"modified":"2023-09-02T12:37:14","modified_gmt":"2023-09-02T12:37:14","slug":"igdirda-uretilen-rafine-tuz-asya-ve-avrupa-ulkelerine-ihrac-ediliyor","status":"publish","type":"post","link":"https:\/\/kraios.app\/news\/ekonomi\/2023\/09\/02\/igdirda-uretilen-rafine-tuz-asya-ve-avrupa-ulkelerine-ihrac-ediliyor\/","title":{"rendered":"I\u011fd\u0131r&#8217;da \u00fcretilen rafine tuz Asya ve Avrupa \u00fclkelerine ihra\u00e7 ediliyor"},"content":{"rendered":"<p> <br \/>\n<\/p>\n<div>\n<p>I\u011fd\u0131r Organize Sanayi B\u00f6lgesinde (OSB) 7 bin 500 metrekaresi kapal\u0131 15 bin metrekare alanda kurulan tuz i\u015fletmesinin, Tuzluca ve Kars&#8217;\u0131n Ka\u011f\u0131zman il\u00e7elerindeki tuz da\u011flar\u0131nda bulunan dev ma\u011faralardan tonlarca tuz \u00e7\u0131kar\u0131l\u0131yor.<\/p>\n<p>\u00c7\u0131kar\u0131lan tuz, i\u015flenerek sanayi ve karla m\u00fccadelede kullan\u0131l\u0131yor.<\/p>\n<p><img decoding=\"async\" alt=\"\" src=\"https:\/\/admin.aa.com.tr\/uploads\/userFiles\/a54ea27f-6036-4f79-88c6-6bc9ba19a35d\/08_Nisan%2F05%20eyl%C3%BCl%2F15%2FAA-32054809.jpg\"\/><\/p>\n<p>Ge\u00e7en y\u0131l faaliyete ba\u015flayan tuz i\u015fletmesinde ise y\u0131ll\u0131k 70 bin ton rafine tuz elde ediliyor.<\/p>\n<p>Fabrikada i\u015flemlerden ge\u00e7irilerek elde edilen tuz, i\u00e7 piyasan\u0131n yan\u0131 s\u0131ra Romanya, Polonya, Bulgaristan, Azerbaycan, G\u00fcrcistan, Rusya, Slovakya ve Avrupa&#8217;n\u0131n \u00e7e\u015fitli \u00fclkelerine ihra\u00e7 ediliyor.<\/p>\n<p>120 ki\u015finin istihdam edildi\u011fi fabrika sayesinde hem istihdama hem de b\u00f6lge ve \u00fclke ekonomisine katk\u0131 sa\u011flan\u0131yor.<\/p>\n<p><img decoding=\"async\" alt=\"\" src=\"https:\/\/www.aa.com.tr\/uploads\/userFiles\/a54ea27f-6036-4f79-88c6-6bc9ba19a35d\/08_Nisan%2F05%20eyl%C3%BCl%2F15%2FAA-32054815.jpg\"\/><\/p>\n<p>\u0130\u015fletmenin Genel M\u00fcd\u00fcr\u00fc K\u0131van\u00e7 \u00c7antay, AA muhabirine, Tuzluca ve Kars&#8217;\u0131n Ka\u011f\u0131zman il\u00e7esinde bulunan madenlerden \u00e7\u0131kard\u0131klar\u0131 kaya tuzundan i\u015fletmelerinde rafineri tuz \u00fcrettiklerini s\u00f6yledi.<\/p>\n<p>2022 y\u0131l\u0131nda \u00fcretime ge\u00e7en fabrikalar\u0131nda y\u0131ll\u0131k 70 bin ton rafineri tuz elde etkilerini ifade eden \u00c7antay, &#8220;\u00dcretti\u011fimiz tuzun y\u00fczde 30&#8217;nu \u00fclkemizin i\u00e7 pazar\u0131nda de\u011ferlendiriyoruz, y\u00fczde 70&#8217;ini de Romanya, Polonya, Bulgaristan, Azerbaycan, G\u00fcrcistan, Rusya, Slovakya ve Avrupa&#8217;n\u0131n \u00e7e\u015fitli \u00fclkelerine yay\u0131lan ihracat hacmimiz var. \u015eu anda yurt d\u0131\u015f\u0131ndan gelen t\u00fcm sipari\u015fleri kar\u015f\u0131layan ve h\u0131zl\u0131 aksiyon olmakta \u00f6nc\u00fc bir marka haline gelmekteyiz.&#8221; dedi.<\/p>\n<p><img decoding=\"async\" alt=\"\" src=\"https:\/\/www.aa.com.tr\/uploads\/userFiles\/a54ea27f-6036-4f79-88c6-6bc9ba19a35d\/08_Nisan%2F05%20eyl%C3%BCl%2F15%2FAA-32054817.jpg\"\/><\/p>\n<h3>&#8220;Y\u00fczde 100&#8217;e yak\u0131n saf tuz \u00fcretimiz mevcut&#8221;<\/h3>\n<p>Fabrika M\u00fcd\u00fcr\u00fc Cengiz Sar\u0131 da madenlerden \u00e7\u0131kar\u0131lan tuzun i\u015flenme s\u00fcrecini anlatt\u0131.<\/p>\n<p><img decoding=\"async\" alt=\"\" src=\"https:\/\/www.aa.com.tr\/uploads\/userFiles\/a54ea27f-6036-4f79-88c6-6bc9ba19a35d\/08_Nisan%2F05%20eyl%C3%BCl%2F15%2FAA-32054819.jpg\"\/><\/p>\n<p>Madenlerden \u00e7\u0131kart\u0131lan saf kaya tuzunu \u00e7e\u015fitli a\u015famalardan ge\u00e7irerek rafineri tuz haline getirildi\u011fini dile getiren Sar\u0131, \u015funlar\u0131 kaydetti:<\/p>\n<p>&#8220;S\u0131cak suyla lapa haline getirdi\u011fimiz tuzu i\u00e7erisindeki ta\u015f ve kire\u00e7 ta\u015f\u0131ndan ayr\u0131\u015ft\u0131r\u0131yoruz. Dekant\u00f6rlerin i\u00e7inde kalan temiz sol\u00fcsyonu \u00fc\u00e7 s\u0131ral\u0131 aktar\u0131p tuz \u00fcretimi ger\u00e7ekle\u015ftiriyoruz. Tuz kalitesi olarak T\u00fcrkiye&#8217;deki \u00fcretimde \u00e7ok iyiyiz. Y\u00fczde 100&#8217;e yak\u0131n saf tuz \u00fcretimiz mevcut. \u0130yi bir konumda oldu\u011fumuzu d\u00fc\u015f\u00fcn\u00fcyorum. T\u00fcrkiye&#8217;de bu kaya tuzdan rafine tuz elde eden 3 fabrika var. Biz de onlardan biriyiz.&#8221;<\/p>\n<p>                            <span class=\"detay-foto-editor\">&#13;<br \/>\n                                <a href=\"https:\/\/www.aa.com.tr\/tr\/p\/abonelik-talep-formu\/1001\" target=\"_blank\" style=\"font-size:12px; color:#444; text-decoration:none;\" rel=\"noopener\">&#13;<br \/>\n                                    Anadolu Ajans\u0131 web sitesinde, AA Haber Ak\u0131\u015f Sistemi (HAS) \u00fczerinden abonelere sunulan haberler, \u00f6zetlenerek yay\u0131mlanmaktad\u0131r. <b style=\"color:#1897F7\">Abonelik i\u00e7in l\u00fctfen ileti\u015fime ge\u00e7iniz.<\/b>&#13;<br \/>\n                                <\/a>&#13;<br \/>\n                            <\/span>\n                        <\/div>\n<p><script>\n\t  window.fbAsyncInit = function() {\n\t\tFB.init({\n\t\t  appId: '1855843514662870',\n\t\t  status : true, \/\/ check login status\n\t\t  cookie : true, \/\/ enable cookies to allow the server to access the session\n\t\t  xfbml  : true  \/\/ parse XFBML\n\t\t});\n\t  };<\/p>\n<p>\t  (function() {\n\t\tvar e = document.createElement('script');\n\t\te.src=\"https:\/\/connect.facebook.net\/tr_TR\/all.js\";\n\t\te.async = true;\n\t\tdocument.getElementById('fb-root').appendChild(e);\n\t  }());\n    <\/script><br \/>\n<br \/><br \/>\n<br \/><a href=\"https:\/\/www.aa.com.tr\/tr\/ekonomi\/igdirda-uretilen-rafine-tuz-asya-ve-avrupa-ulkelerine-ihrac-ediliyor\/2981631\">Source link <\/a><\/p>\n","protected":false},"excerpt":{"rendered":"<p>I\u011fd\u0131r Organize Sanayi B\u00f6lgesinde (OSB) 7 bin 500 metrekaresi kapal\u0131 15 bin metrekare alanda kurulan tuz i\u015fletmesinin, Tuzluca ve Kars&#8217;\u0131n Ka\u011f\u0131zman il\u00e7elerindeki tuz da\u011flar\u0131nda bulunan dev ma\u011faralardan tonlarca tuz \u00e7\u0131kar\u0131l\u0131yor. \u00c7\u0131kar\u0131lan tuz, i\u015flenerek sanayi ve karla m\u00fccadelede kullan\u0131l\u0131yor. Ge\u00e7en y\u0131l faaliyete ba\u015flayan tuz i\u015fletmesinde ise y\u0131ll\u0131k 70 bin ton rafine tuz elde ediliyor. Fabrikada i\u015flemlerden [&hellip;]<\/p>\n","protected":false},"author":1,"featured_media":13264,"comment_status":"","ping_status":"","sticky":false,"template":"","format":"standard","meta":[],"categories":[44],"tags":[],"_links":{"self":[{"href":"https:\/\/kraios.app\/news\/wp-json\/wp\/v2\/posts\/13263"}],"collection":[{"href":"https:\/\/kraios.app\/news\/wp-json\/wp\/v2\/posts"}],"about":[{"href":"https:\/\/kraios.app\/news\/wp-json\/wp\/v2\/types\/post"}],"author":[{"embeddable":true,"href":"https:\/\/kraios.app\/news\/wp-json\/wp\/v2\/users\/1"}],"replies":[{"embeddable":true,"href":"https:\/\/kraios.app\/news\/wp-json\/wp\/v2\/comments?post=13263"}],"version-history":[{"count":0,"href":"https:\/\/kraios.app\/news\/wp-json\/wp\/v2\/posts\/13263\/revisions"}],"wp:featuredmedia":[{"embeddable":true,"href":"https:\/\/kraios.app\/news\/wp-json\/wp\/v2\/media\/13264"}],"wp:attachment":[{"href":"https:\/\/kraios.app\/news\/wp-json\/wp\/v2\/media?parent=13263"}],"wp:term":[{"taxonomy":"category","embeddable":true,"href":"https:\/\/kraios.app\/news\/wp-json\/wp\/v2\/categories?post=13263"},{"taxonomy":"post_tag","embeddable":true,"href":"https:\/\/kraios.app\/news\/wp-json\/wp\/v2\/tags?post=13263"}],"curies":[{"name":"wp","href":"https:\/\/api.w.org\/{rel}","templated":true}]}}