{"id":13261,"date":"2023-09-02T12:20:05","date_gmt":"2023-09-02T12:20:05","guid":{"rendered":"https:\/\/kraios.app\/news\/spor\/2023\/09\/02\/devlet-korumasindaki-cocuklar-ulusal-spor-musabakalarinda-175-kez-dereceye-girdi\/"},"modified":"2023-09-02T12:20:05","modified_gmt":"2023-09-02T12:20:05","slug":"devlet-korumasindaki-cocuklar-ulusal-spor-musabakalarinda-175-kez-dereceye-girdi","status":"publish","type":"post","link":"https:\/\/kraios.app\/news\/spor\/2023\/09\/02\/devlet-korumasindaki-cocuklar-ulusal-spor-musabakalarinda-175-kez-dereceye-girdi\/","title":{"rendered":"Devlet korumas\u0131ndaki \u00e7ocuklar ulusal spor m\u00fcsabakalar\u0131nda 175 kez dereceye girdi"},"content":{"rendered":"<p><\/p>\n<div>\n<p>Bakanl\u0131ktan yap\u0131lan a\u00e7\u0131klamaya g\u00f6re, Aile ve Sosyal Hizmetler Bakanl\u0131\u011f\u0131, koruma ve bak\u0131m alt\u0131ndaki \u00e7ocuklar\u0131n ilgi ve yeteneklerini ortaya \u00e7\u0131karabilmek i\u00e7in \u00e7ocuklar\u0131 her alanda destekliyor.<\/p>\n<p>Sportif ve sanatsal alanlarda \u00e7ocuklar\u0131n yeteneklerinin belirlenebilmesi amac\u0131yla \u00fcniversitelerle, federasyonlarla, kamu kurum ve kurulu\u015flar\u0131 ile i\u015fbirli\u011fi yap\u0131larak \u00e7ocuklar\u0131n yetenekleri tespit ediliyor. \u00c7ocuklar\u0131n geli\u015fimlerini desteklemek amac\u0131yla bak\u0131m ve koruma alt\u0131nda bulunan t\u00fcm \u00e7ocuklar, en az bir spor dal\u0131na y\u00f6nlendiriliyor.<\/p>\n<p>Kurulu\u015flarda kalan \u00e7ocuklar g\u00fcre\u015f, ok\u00e7uluk, badminton, kempo, halter, boks, bisiklet, da\u011fc\u0131l\u0131k, kayak, judo, hokey ve ko\u015fu gibi \u00e7e\u015fitli spor dallar\u0131nda T\u00fcrkiye&#8217;yi uluslararas\u0131 m\u00fcsabakalarda temsil ediyor.<\/p>\n<h3>Koruma ve bak\u0131m alt\u0131nda olan 20 milli sporcu bulunuyor<\/h3>\n<p>2023 itibar\u0131yla Bakanl\u0131\u011fa ait kurulu\u015flarda koruma ve bak\u0131m alt\u0131nda olan toplam 20 milli sporcu bulunuyor. 18&#8217;i k\u0131z \u00e7ocuk, ikisi erkek \u00e7ocuk olan milli sporcular\u0131n 8 farkl\u0131 bran\u015fta dereceleri yer al\u0131yor.<\/p>\n<p>Ayr\u0131ca 56 farkl\u0131 spor bran\u015f\u0131nda, 766&#8217;s\u0131 k\u0131z, 791&#8217;i erkek olmak \u00fczere toplam 1557 lisansl\u0131 \u00e7ocuk sporcu da bakanl\u0131\u011fa ba\u011fl\u0131 kurumlarda kal\u0131yor.<\/p>\n<p>Bakanl\u0131\u011fa ba\u011fl\u0131 kurulu\u015flarda koruma ve bak\u0131m alt\u0131nda bulunan \u00e7ocuklar, bu y\u0131l uluslararas\u0131 m\u00fcsabakalarda 1 g\u00fcm\u00fc\u015f madalya kazand\u0131, ulusal m\u00fcsabakalarda ise 175 kez dereceye girdi.<\/p>\n<p>Bakanl\u0131k, \u00e7ocuklar\u0131n sportif, sanatsal ve k\u00fclt\u00fcrel alanlardaki bilgi, beceri ve ba\u015far\u0131lar\u0131n\u0131n devam etmesi i\u00e7in \u00e7al\u0131\u015fma ve i\u015fbirliklerini g\u00fc\u00e7lendirerek s\u00fcrd\u00fcr\u00fcyor.<\/p>\n<p>                            <span class=\"detay-foto-editor\">&#13;<br \/>\n                                <a href=\"https:\/\/www.aa.com.tr\/tr\/p\/abonelik-talep-formu\/1001\" target=\"_blank\" style=\"font-size:12px; color:#444; text-decoration:none;\" rel=\"noopener\">&#13;<br \/>\n                                    Anadolu Ajans\u0131 web sitesinde, AA Haber Ak\u0131\u015f Sistemi (HAS) \u00fczerinden abonelere sunulan haberler, \u00f6zetlenerek yay\u0131mlanmaktad\u0131r. <b style=\"color:#1897F7\">Abonelik i\u00e7in l\u00fctfen ileti\u015fime ge\u00e7iniz.<\/b>&#13;<br \/>\n                                <\/a>&#13;<br \/>\n                            <\/span>\n                        <\/div>\n<p><script>\n\t  window.fbAsyncInit = function() {\n\t\tFB.init({\n\t\t  appId: '1855843514662870',\n\t\t  status : true, \/\/ check login status\n\t\t  cookie : true, \/\/ enable cookies to allow the server to access the session\n\t\t  xfbml  : true  \/\/ parse XFBML\n\t\t});\n\t  };<\/p>\n<p>\t  (function() {\n\t\tvar e = document.createElement('script');\n\t\te.src=\"https:\/\/connect.facebook.net\/tr_TR\/all.js\";\n\t\te.async = true;\n\t\tdocument.getElementById('fb-root').appendChild(e);\n\t  }());\n    <\/script><\/p>\n","protected":false},"excerpt":{"rendered":"<p>Bakanl\u0131ktan yap\u0131lan a\u00e7\u0131klamaya g\u00f6re, Aile ve Sosyal Hizmetler Bakanl\u0131\u011f\u0131, koruma ve bak\u0131m alt\u0131ndaki \u00e7ocuklar\u0131n ilgi ve yeteneklerini ortaya \u00e7\u0131karabilmek i\u00e7in \u00e7ocuklar\u0131 her alanda destekliyor. Sportif ve sanatsal alanlarda \u00e7ocuklar\u0131n yeteneklerinin belirlenebilmesi amac\u0131yla \u00fcniversitelerle, federasyonlarla, kamu kurum ve kurulu\u015flar\u0131 ile i\u015fbirli\u011fi yap\u0131larak \u00e7ocuklar\u0131n yetenekleri tespit ediliyor. \u00c7ocuklar\u0131n geli\u015fimlerini desteklemek amac\u0131yla bak\u0131m ve koruma alt\u0131nda bulunan t\u00fcm [&hellip;]<\/p>\n","protected":false},"author":1,"featured_media":13262,"comment_status":"","ping_status":"","sticky":false,"template":"","format":"standard","meta":[],"categories":[48],"tags":[],"_links":{"self":[{"href":"https:\/\/kraios.app\/news\/wp-json\/wp\/v2\/posts\/13261"}],"collection":[{"href":"https:\/\/kraios.app\/news\/wp-json\/wp\/v2\/posts"}],"about":[{"href":"https:\/\/kraios.app\/news\/wp-json\/wp\/v2\/types\/post"}],"author":[{"embeddable":true,"href":"https:\/\/kraios.app\/news\/wp-json\/wp\/v2\/users\/1"}],"replies":[{"embeddable":true,"href":"https:\/\/kraios.app\/news\/wp-json\/wp\/v2\/comments?post=13261"}],"version-history":[{"count":0,"href":"https:\/\/kraios.app\/news\/wp-json\/wp\/v2\/posts\/13261\/revisions"}],"wp:featuredmedia":[{"embeddable":true,"href":"https:\/\/kraios.app\/news\/wp-json\/wp\/v2\/media\/13262"}],"wp:attachment":[{"href":"https:\/\/kraios.app\/news\/wp-json\/wp\/v2\/media?parent=13261"}],"wp:term":[{"taxonomy":"category","embeddable":true,"href":"https:\/\/kraios.app\/news\/wp-json\/wp\/v2\/categories?post=13261"},{"taxonomy":"post_tag","embeddable":true,"href":"https:\/\/kraios.app\/news\/wp-json\/wp\/v2\/tags?post=13261"}],"curies":[{"name":"wp","href":"https:\/\/api.w.org\/{rel}","templated":true}]}}