{"id":13239,"date":"2023-09-02T09:20:14","date_gmt":"2023-09-02T09:20:14","guid":{"rendered":"https:\/\/kraios.app\/news\/yasam\/2023\/09\/02\/karadenizli-balikcilar-tekirdagda-vira-bismillah-diyecek\/"},"modified":"2023-09-02T09:20:14","modified_gmt":"2023-09-02T09:20:14","slug":"karadenizli-balikcilar-tekirdagda-vira-bismillah-diyecek","status":"publish","type":"post","link":"https:\/\/kraios.app\/news\/yasam\/2023\/09\/02\/karadenizli-balikcilar-tekirdagda-vira-bismillah-diyecek\/","title":{"rendered":"Karadenizli bal\u0131k\u00e7\u0131lar Tekirda\u011f&#039;da &quot;vira bismillah&quot; diyecek"},"content":{"rendered":"<p>Karadeniz B\u00f6lgesi&#8217;ndeki baz\u0131 illerden av sezonunda teknelerde tayfa olarak \u00e7al\u0131\u015fmak i\u00e7in Tekirda\u011f&#8217;a gelen denizin mevsimlik i\u015f\u00e7ileri Marmara Denizi&#8217;ne a\u011f at\u0131p nasiplerini arayacak.<\/p>\n","protected":false},"excerpt":{"rendered":"<p>Karadeniz B\u00f6lgesi&#8217;ndeki baz\u0131 illerden av sezonunda teknelerde tayfa olarak \u00e7al\u0131\u015fmak i\u00e7in Tekirda\u011f&#8217;a gelen denizin mevsimlik i\u015f\u00e7ileri Marmara Denizi&#8217;ne a\u011f at\u0131p nasiplerini arayacak.<\/p>\n","protected":false},"author":1,"featured_media":13240,"comment_status":"","ping_status":"","sticky":false,"template":"","format":"standard","meta":[],"categories":[50],"tags":[],"_links":{"self":[{"href":"https:\/\/kraios.app\/news\/wp-json\/wp\/v2\/posts\/13239"}],"collection":[{"href":"https:\/\/kraios.app\/news\/wp-json\/wp\/v2\/posts"}],"about":[{"href":"https:\/\/kraios.app\/news\/wp-json\/wp\/v2\/types\/post"}],"author":[{"embeddable":true,"href":"https:\/\/kraios.app\/news\/wp-json\/wp\/v2\/users\/1"}],"replies":[{"embeddable":true,"href":"https:\/\/kraios.app\/news\/wp-json\/wp\/v2\/comments?post=13239"}],"version-history":[{"count":0,"href":"https:\/\/kraios.app\/news\/wp-json\/wp\/v2\/posts\/13239\/revisions"}],"wp:featuredmedia":[{"embeddable":true,"href":"https:\/\/kraios.app\/news\/wp-json\/wp\/v2\/media\/13240"}],"wp:attachment":[{"href":"https:\/\/kraios.app\/news\/wp-json\/wp\/v2\/media?parent=13239"}],"wp:term":[{"taxonomy":"category","embeddable":true,"href":"https:\/\/kraios.app\/news\/wp-json\/wp\/v2\/categories?post=13239"},{"taxonomy":"post_tag","embeddable":true,"href":"https:\/\/kraios.app\/news\/wp-json\/wp\/v2\/tags?post=13239"}],"curies":[{"name":"wp","href":"https:\/\/api.w.org\/{rel}","templated":true}]}}