{"id":13225,"date":"2023-09-02T08:24:59","date_gmt":"2023-09-02T08:24:59","guid":{"rendered":"https:\/\/kraios.app\/news\/spor\/2023\/09\/02\/filenin-sultanlari-sampiyonluga-bir-mac-uzakta\/"},"modified":"2023-09-02T08:24:59","modified_gmt":"2023-09-02T08:24:59","slug":"filenin-sultanlari-sampiyonluga-bir-mac-uzakta","status":"publish","type":"post","link":"https:\/\/kraios.app\/news\/spor\/2023\/09\/02\/filenin-sultanlari-sampiyonluga-bir-mac-uzakta\/","title":{"rendered":"&#8220;Filenin Sultanlar\u0131&#8221; \u015fampiyonlu\u011fa &#8220;bir&#8221; ma\u00e7 uzakta"},"content":{"rendered":"<p><\/p>\n<div>\n<p>Bel\u00e7ika&#8217;n\u0131n ba\u015fkenti Br\u00fcksel&#8217;deki Paleis 12 Salonu&#8217;nda oynanacak ma\u00e7, TS\u0130 21.00&#8217;de ba\u015flayacak. Ma\u00e7 TRT 1&#8217;den canl\u0131 yay\u0131mlanacak.<\/p>\n<p>Organizasyonda C Grubu ma\u00e7lar\u0131n\u0131n 5&#8217;ini de kazanarak ad\u0131n\u0131 son 16 turuna yazd\u0131ran, Bel\u00e7ika&#8217;y\u0131 da yenerek \u00e7eyrek finale y\u00fckseldi. T\u00fcrkiye, \u00e7eyrek finalde Polonya&#8217;y\u0131 da ma\u011flup etti ve rakiplerine set vermeden yar\u0131 finale kadar gelmeyi ba\u015faran \u0130talya ile e\u015fle\u015fti.<\/p>\n<p>Son Avrupa \u015eampiyonu \u0130talya&#8217;y\u0131 geriye d\u00fc\u015ft\u00fc\u011f\u00fc kar\u015f\u0131la\u015fman\u0131n sonunda 3-2 yenerek organizasyonda 8&#8217;de 8 yapan Filenin Sultanlar\u0131, 2019 y\u0131l\u0131nda \u015fampiyonlu\u011fu kaybetti\u011fi S\u0131rbistan&#8217;\u0131n finaldeki rakibi oldu.<\/p>\n<p>S\u0131rbistan A Grubu&#8217;nda Ukrayna, Slovenya, Polonya, Macaristan ve Bel\u00e7ika&#8217;y\u0131 ma\u011flup ederek 5&#8217;te 5 yapt\u0131 ve son 16 turuna kald\u0131.<\/p>\n<p>Son 16 turunda \u0130sve\u00e7&#8217;i yenerek organizasyonun \u00e7eyrek finalinde \u00c7ekya&#8217;n\u0131n kar\u015f\u0131s\u0131na \u00e7\u0131kan S\u0131rbistan, yar\u0131 finalde de Hollanda&#8217;y\u0131 ge\u00e7erek ad\u0131n\u0131 finale yazd\u0131rd\u0131.<\/p>\n<p><img decoding=\"async\" alt=\"\" src=\"https:\/\/www.aa.com.tr\/uploads\/userFiles\/76bad36d-1411-48e8-a1ae-b65e58872c06\/02.06%2F16%2FAA-32052234.jpg\"\/><\/p>\n<h3>2019 T\u00fcrkiye&#8217;nin r\u00f6van\u015f\u0131<\/h3>\n<p>Avrupa Voleybol \u015eampiyonas\u0131, 2019 y\u0131l\u0131nda Macaristan, Polonya, Slovakya ve T\u00fcrkiye&#8217;de d\u00fczenlendi.<\/p>\n<p>Ba\u015fkent Ankara&#8217;da oynanan yar\u0131 final kar\u015f\u0131la\u015fmalar\u0131nda T\u00fcrkiye Polonya&#8217;y\u0131, S\u0131rbistan da \u0130talya&#8217;y\u0131 yenerek finale kald\u0131.<\/p>\n<p>Finalde T\u00fcrkiye&#8217;yi 3-2 yenen S\u0131rbistan, \u015fampiyon olurken, milli tak\u0131m g\u00fcm\u00fc\u015f, \u0130talya da bronz madalya kazand\u0131.<\/p>\n<p>Olimpiyat Oyunlar\u0131&#8217;nda ikincilik ve \u00fc\u00e7\u00fcnc\u00fcl\u00fc\u011f\u00fc olan S\u0131rbistan&#8217;\u0131n d\u00fcnya \u015fampiyonalar\u0131nda 2 alt\u0131n, 1 bronzu, Avrupa \u015fampiyonalar\u0131nda ise 3 alt\u0131n, 2 g\u00fcm\u00fc\u015f, 1 bronz madalyas\u0131 bulunuyor.<\/p>\n<p><img decoding=\"async\" alt=\"\" src=\"https:\/\/www.aa.com.tr\/uploads\/userFiles\/76bad36d-1411-48e8-a1ae-b65e58872c06\/02.06%2F16%2FAA-32034134.jpg\"\/><\/p>\n<h3>S\u0131rbistan, Guidetti y\u00f6netiminde parkeye \u00e7\u0131kacak <\/h3>\n<p>Avrupa \u015eampiyonas\u0131&#8217;na 2019 y\u0131l\u0131nda ev sahipli\u011fi yapan T\u00fcrkiye&#8217;nin ba\u015fantren\u00f6rl\u00fc\u011f\u00fcn\u00fc \u0130talyan Giovanni Guidetti yap\u0131yordu.<\/p>\n<p>Zoran Terzic&#8217;in \u00e7al\u0131\u015ft\u0131rd\u0131\u011f\u0131 S\u0131rbistan, Ankara&#8217;daki final kar\u015f\u0131la\u015fmas\u0131nda Guidetti y\u00f6netimindeki T\u00fcrkiye&#8217;yi 3-2 yenerek \u015fampiyonluk kupas\u0131na uzand\u0131.<\/p>\n<p>S\u0131rbistan, Br\u00fcksel&#8217;de yar\u0131n oynanacak finalde parkeye Guidetti y\u00f6netiminde \u00e7\u0131kacak.<\/p>\n<p>Filenin Sultanlar\u0131 ise eksik tek madalyas\u0131 alt\u0131na, S\u0131rbistan&#8217;\u0131 daha \u00f6nce d\u00fcnya \u015fampiyonu yapan \u0130talyan Daniele Santarelli ile ula\u015fmaya \u00e7al\u0131\u015facak.<\/p>\n<p>Guidetti, kul\u00fcp kariyerinde Sultanlar Ligi ekiplerinden Vak\u0131fBank&#8217;\u0131 \u00e7al\u0131\u015ft\u0131rmaya devam ediyor.<\/p>\n<p><img decoding=\"async\" alt=\"\" src=\"https:\/\/www.aa.com.tr\/uploads\/userFiles\/76bad36d-1411-48e8-a1ae-b65e58872c06\/02.06%2F16%2FAA-32033098.jpg\"\/><\/p>\n<h3>Santarelli, &#8220;2&#8217;de 2&#8221; yapabilir<\/h3>\n<p>A Milli Kad\u0131n Voleybol Tak\u0131m\u0131&#8217;n\u0131n ba\u015f\u0131na ge\u00e7ti\u011fi 27 Aral\u0131k 2022&#8217;de duyurulan \u0130talyan ba\u015fantren\u00f6r Daniele Santarelli, Antalya&#8217;da d\u00fczenlenen FIVB Milletler Ligi&#8217;nin ilk haftas\u0131nda oynanan G\u00fcney Kore ma\u00e7\u0131yla ilk m\u00fcsabakas\u0131na \u00e7\u0131kt\u0131.<\/p>\n<p>Santarelli y\u00f6netiminde \u00e7\u0131kt\u0131\u011f\u0131 ligin ilk \u00fc\u00e7 haftas\u0131nda 12 kar\u015f\u0131la\u015fmadan 9 galibiyet alan milli tak\u0131m, \u00fc\u00e7\u00fcnc\u00fc s\u0131radan finallere kat\u0131lmaya hak kazand\u0131.<\/p>\n<p>Milletler Ligi \u00e7eyrek finalinde son \u015fampiyon \u0130talya&#8217;y\u0131, yar\u0131 finalde de 3 alt\u0131n madalyal\u0131 ev sahibi ABD&#8217;yi ge\u00e7en &#8220;Filenin Sultanlar\u0131&#8221;, Santarelli ile kat\u0131ld\u0131\u011f\u0131 ilk organizasyonu alt\u0131n madalyayla tamamlad\u0131.<\/p>\n<p>Ba\u015fantren\u00f6rl\u00fck kariyerinde ilk kez FIVB Milletler Ligi&#8217;nde alt\u0131n madalya kazanan \u0130talyan ba\u015fantren\u00f6r, T\u00fcrkiye ile Avrupa \u015eampiyonas\u0131&#8217;nda alt\u0131nla yaz\u0131lm\u0131\u015f ilk ba\u015far\u0131s\u0131n\u0131 kariyerine eklemeye \u00e7al\u0131\u015facak.<\/p>\n<p>Santarelli, H\u0131rvatistan ile Avrupa Ligi&#8217;nde iki g\u00fcm\u00fc\u015f, S\u0131rbistan ile FIVB Kad\u0131nlar Milletler Ligi&#8217;nde bronz ve 2022 FIVB Kad\u0131nlar D\u00fcnya \u015eampiyonas\u0131&#8217;nda alt\u0131n madalya ald\u0131.<\/p>\n<p><img decoding=\"async\" alt=\"\" src=\"https:\/\/www.aa.com.tr\/uploads\/userFiles\/76bad36d-1411-48e8-a1ae-b65e58872c06\/02.06%2F16%2FAA-31695645.jpg\"\/><\/p>\n<h3>Tek alt\u0131n eksik<\/h3>\n<p>A Milli Kad\u0131n Voleybol Tak\u0131m\u0131, Avrupa \u015eampiyonas\u0131&#8217;nda \u00fc\u00e7\u00fcnc\u00fc kez finale y\u00fckselmeyi ba\u015fard\u0131.<\/p>\n<p>Tarihinde 2003 ve 2019&#8217;da finalde m\u00fccadele eden &#8220;Filenin Sultanlar\u0131&#8221;, bu iki ma\u00e7\u0131 da kazanamad\u0131 ve k\u00fcrs\u00fcn\u00fcn ikinci basama\u011f\u0131nda yer ald\u0131.<\/p>\n<p>Avrupa \u015fampiyonalar\u0131nda 2 g\u00fcm\u00fc\u015f\u00fcn yan\u0131 s\u0131ra 3 de bronz madalyas\u0131 bulunan T\u00fcrkiye, Milletler Ligi \u015fampiyonlu\u011funun ard\u0131ndan &#8220;1&#8221; numara olarak kat\u0131ld\u0131\u011f\u0131 Bel\u00e7ika&#8217;daki organizasyonda da alt\u0131n almaya sadece bir galibiyet uzakl\u0131kta bulunuyor.<\/p>\n<p>T\u00fcrkiye, FIVB \u00fclkeler s\u0131ralamas\u0131nda ilk basamakta yer al\u0131yor.<\/p>\n<h3>\u00dcst \u00fcste 14. galibiyet<\/h3>\n<p>&#8220;Filenin Sultanlar\u0131&#8221;, resmi ma\u00e7larda \u00fcst \u00fcste 14 ma\u00e7t\u0131r yenilmiyor.<\/p>\n<p>FIVB Milletler Ligi&#8217;nde alt\u0131n madalya alan ve bu organizasyonda son 6 ma\u00e7\u0131n\u0131 kazanan T\u00fcrkiye, Avrupa \u015eampiyonas\u0131&#8217;nda da sahaya \u00e7\u0131kt\u0131\u011f\u0131 8 ma\u00e7\u0131 galip bitirdi.<\/p>\n<p>T\u00fcrkiye, bu 14 ma\u00e7ta rakiplerine sadece 6 set verdi.<\/p>\n<p>                            <span class=\"detay-foto-editor\">&#13;<br \/>\n                                <a href=\"https:\/\/www.aa.com.tr\/tr\/p\/abonelik-talep-formu\/1001\" target=\"_blank\" style=\"font-size:12px; color:#444; text-decoration:none;\" rel=\"noopener\">&#13;<br \/>\n                                    Anadolu Ajans\u0131 web sitesinde, AA Haber Ak\u0131\u015f Sistemi (HAS) \u00fczerinden abonelere sunulan haberler, \u00f6zetlenerek yay\u0131mlanmaktad\u0131r. <b style=\"color:#1897F7\">Abonelik i\u00e7in l\u00fctfen ileti\u015fime ge\u00e7iniz.<\/b>&#13;<br \/>\n                                <\/a>&#13;<br \/>\n                            <\/span>\n                        <\/div>\n<p><script>\n\t  window.fbAsyncInit = function() {\n\t\tFB.init({\n\t\t  appId: '1855843514662870',\n\t\t  status : true, \/\/ check login status\n\t\t  cookie : true, \/\/ enable cookies to allow the server to access the session\n\t\t  xfbml  : true  \/\/ parse XFBML\n\t\t});\n\t  };<\/p>\n<p>\t  (function() {\n\t\tvar e = document.createElement('script');\n\t\te.src=\"https:\/\/connect.facebook.net\/tr_TR\/all.js\";\n\t\te.async = true;\n\t\tdocument.getElementById('fb-root').appendChild(e);\n\t  }());\n    <\/script><\/p>\n","protected":false},"excerpt":{"rendered":"<p>Bel\u00e7ika&#8217;n\u0131n ba\u015fkenti Br\u00fcksel&#8217;deki Paleis 12 Salonu&#8217;nda oynanacak ma\u00e7, TS\u0130 21.00&#8217;de ba\u015flayacak. Ma\u00e7 TRT 1&#8217;den canl\u0131 yay\u0131mlanacak. Organizasyonda C Grubu ma\u00e7lar\u0131n\u0131n 5&#8217;ini de kazanarak ad\u0131n\u0131 son 16 turuna yazd\u0131ran, Bel\u00e7ika&#8217;y\u0131 da yenerek \u00e7eyrek finale y\u00fckseldi. T\u00fcrkiye, \u00e7eyrek finalde Polonya&#8217;y\u0131 da ma\u011flup etti ve rakiplerine set vermeden yar\u0131 finale kadar gelmeyi ba\u015faran \u0130talya ile e\u015fle\u015fti. Son Avrupa [&hellip;]<\/p>\n","protected":false},"author":1,"featured_media":13226,"comment_status":"","ping_status":"","sticky":false,"template":"","format":"standard","meta":[],"categories":[48],"tags":[],"_links":{"self":[{"href":"https:\/\/kraios.app\/news\/wp-json\/wp\/v2\/posts\/13225"}],"collection":[{"href":"https:\/\/kraios.app\/news\/wp-json\/wp\/v2\/posts"}],"about":[{"href":"https:\/\/kraios.app\/news\/wp-json\/wp\/v2\/types\/post"}],"author":[{"embeddable":true,"href":"https:\/\/kraios.app\/news\/wp-json\/wp\/v2\/users\/1"}],"replies":[{"embeddable":true,"href":"https:\/\/kraios.app\/news\/wp-json\/wp\/v2\/comments?post=13225"}],"version-history":[{"count":0,"href":"https:\/\/kraios.app\/news\/wp-json\/wp\/v2\/posts\/13225\/revisions"}],"wp:featuredmedia":[{"embeddable":true,"href":"https:\/\/kraios.app\/news\/wp-json\/wp\/v2\/media\/13226"}],"wp:attachment":[{"href":"https:\/\/kraios.app\/news\/wp-json\/wp\/v2\/media?parent=13225"}],"wp:term":[{"taxonomy":"category","embeddable":true,"href":"https:\/\/kraios.app\/news\/wp-json\/wp\/v2\/categories?post=13225"},{"taxonomy":"post_tag","embeddable":true,"href":"https:\/\/kraios.app\/news\/wp-json\/wp\/v2\/tags?post=13225"}],"curies":[{"name":"wp","href":"https:\/\/api.w.org\/{rel}","templated":true}]}}