{"id":13219,"date":"2023-09-02T08:20:09","date_gmt":"2023-09-02T08:20:09","guid":{"rendered":"https:\/\/kraios.app\/news\/yasam\/2023\/09\/02\/sivasli-baglama-ve-mobilya-ustalarinin-ahsapla-kapladigi-otomobil-ilgi-odagi-oldu\/"},"modified":"2023-09-02T08:20:09","modified_gmt":"2023-09-02T08:20:09","slug":"sivasli-baglama-ve-mobilya-ustalarinin-ahsapla-kapladigi-otomobil-ilgi-odagi-oldu","status":"publish","type":"post","link":"https:\/\/kraios.app\/news\/yasam\/2023\/09\/02\/sivasli-baglama-ve-mobilya-ustalarinin-ahsapla-kapladigi-otomobil-ilgi-odagi-oldu\/","title":{"rendered":"Sivasl\u0131 ba\u011flama ve mobilya ustalar\u0131n\u0131n ah\u015fapla kaplad\u0131\u011f\u0131 otomobil ilgi oda\u011f\u0131 oldu"},"content":{"rendered":"<p><\/p>\n<div>\n<p>Sivas 4 Eyl\u00fcl Sanayi Sitesi&#8217;nde faaliyet g\u00f6steren ba\u011flama ustas\u0131 \u015eent\u00fcrk \u0130yido\u011fan ile mobilya ustas\u0131 Bahattin Okurkan, sat\u0131n ald\u0131klar\u0131 1990 model bir otomobilin kaportas\u0131n\u0131 tamamen s\u00f6k\u00fcp arac\u0131 ah\u015fapla kaplad\u0131.<\/p>\n<p>Ustalar\u0131n el i\u015f\u00e7ili\u011finin \u00f6nemini anlatmak i\u00e7in tasarlad\u0131klar\u0131 ah\u015faptan yap\u0131lan araba ise b\u00fcy\u00fck ilgi g\u00f6rd\u00fc.<\/p>\n<p>Saz ustas\u0131 \u0130yido\u011fan, gazetecilere, arac\u0131 ceviz ve ladin a\u011fac\u0131 kullan\u0131larak tasarlad\u0131klar\u0131n\u0131 s\u00f6yledi.<\/p>\n<p><img decoding=\"async\" alt=\"\" src=\"https:\/\/www.aa.com.tr\/uploads\/userFiles\/caec1b32-8257-4f58-87b0-6657c62b92b3\/New%20folder%2FNew%20folder%20(4)%2FAA-32053883.jpg\"\/><\/p>\n<p>Arac\u0131n ah\u015fap tasar\u0131m\u0131n\u0131 yakla\u015f\u0131k 2,5 y\u0131lda tamamlad\u0131klar\u0131n\u0131 belirten \u0130yido\u011fan, otomobili g\u00f6renlerin b\u00fcy\u00fck bir merakla otomobile bakt\u0131klar\u0131n\u0131 ifade etti.<\/p>\n<p>Kendisinin ba\u011flama imalat ustas\u0131 oldu\u011funu belirten \u0130yido\u011fan, &#8220;At\u00f6lyemizde ah\u015fap masalar, sandalyeler yap\u0131yorduk. Bir g\u00fcn at\u00f6lyeye gitti\u011fimde Bahattin usta ah\u015faptan 1903 model bir Amerikan Chrysler yapm\u0131\u015ft\u0131. Araba \u00e7ok ho\u015fuma gidince bende bunun b\u00fcy\u00fc\u011f\u00fcn\u00fc yap binelim dedim. Oda bana bir tane ara\u00e7 al yapal\u0131m dedi. Gidip ona uyacak bir araba ald\u0131k. Onun da kaporta b\u00f6l\u00fcm\u00fcn\u00fc kestik ve bu ah\u015faptan arabay\u0131 yapt\u0131k. Yapt\u0131\u011f\u0131m\u0131z araba saz gibi oldu. Saz yap\u0131m\u0131nda kulland\u0131\u011f\u0131m\u0131z a\u011fa\u00e7lar\u0131 burada da kulland\u0131k. &#8221; dedi.<\/p>\n<p><img decoding=\"async\" alt=\"\" src=\"https:\/\/www.aa.com.tr\/uploads\/userFiles\/caec1b32-8257-4f58-87b0-6657c62b92b3\/New%20folder%2FNew%20folder%20(4)%2FAA-32053886.jpg\"\/><\/p>\n<p>\u0130\u015fe ba\u015flad\u0131klar\u0131 zaman bunun \u00e7ok zor olaca\u011f\u0131n\u0131 bildiklerini anlatan \u0130yido\u011fan, \u015funlar\u0131 kaydetti:<\/p>\n<p>&#8220;Bahattin usta zaman zaman umutsuzlu\u011fa kap\u0131ld\u0131. B\u00f6yle oldu\u011fu zaman da ben ustaya gelecek ku\u015faklara \u0131\u015f\u0131k tutmak i\u00e7in bu i\u015fi yapmal\u0131y\u0131z. Onlara ak\u0131ll\u0131 insanlar\u0131n neler yapaca\u011f\u0131n\u0131 g\u00f6stermek i\u00e7in bunu yapmak zorunday\u0131z dedim. Yakla\u015f\u0131k 2,5 y\u0131l s\u00fcrd\u00fc. Zor bir s\u00fcre\u00e7ti. Bazen umutsuzlu\u011fa kap\u0131ld\u0131\u011f\u0131m\u0131z, acaba olmayacak m\u0131? dedi\u011fimiz zamanlar oldu. Ama Bahattin usta her a\u015f\u0131lmaz dedi\u011fimiz anlarda bize yol a\u00e7t\u0131. Bug\u00fcnlere geldik. Bug\u00fcnde binip geziyoruz. T\u00fcrkiye&#8217;deki en b\u00fcy\u00fck s\u0131k\u0131nt\u0131 ustalar, meslekler bir bir ortadan kay\u0131p oluyorlar. Geriden eleman da gelmiyor. Bundan kazanaca\u011f\u0131m\u0131z paralar ile bu ustalar\u0131m\u0131za birer tane s\u0131n\u0131f a\u00e7\u0131p, bunlar\u0131n yan\u0131na \u00f6\u011frenci alal\u0131m istiyoruz. Bu mesleklerin \u00f6lmemesi i\u00e7in bunu yapmak istiyoruz.&#8221;<\/p>\n<p>Bahattin Okurkan da bu tip ara\u00e7lara merakl\u0131 oldu\u011funu belirterek, &#8220;Klasik arabalara merak\u0131m var. B\u00f6yle bir \u015fey de ortaya \u00e7\u0131k\u0131nca mutlu oldum. Sanat\u0131 \u00e7ok seviyorum. Bizim tek gayemiz gen\u00e7lere bir \u015feyler \u00f6\u011fretmek. Milli serveti aya\u011fa kald\u0131rmak istiyoruz. Bu ara\u00e7ta 3-4 \u00e7e\u015fit a\u011fa\u00e7 var. Y\u00fczde 60&#8217;\u0131 ceviz a\u011fac\u0131, ara\u00e7 sa\u011flam olsun diye ceviz a\u011fac\u0131 kulland\u0131k. Baz\u0131 yerlerinde ise ladin a\u011fac\u0131 kulland\u0131k.&#8221; ifadelerini kulland\u0131.<\/p>\n<p>                            <span class=\"detay-foto-editor\">&#13;<br \/>\n                                <a href=\"https:\/\/www.aa.com.tr\/tr\/p\/abonelik-talep-formu\/1001\" target=\"_blank\" style=\"font-size:12px; color:#444; text-decoration:none;\" rel=\"noopener\">&#13;<br \/>\n                                    Anadolu Ajans\u0131 web sitesinde, AA Haber Ak\u0131\u015f Sistemi (HAS) \u00fczerinden abonelere sunulan haberler, \u00f6zetlenerek yay\u0131mlanmaktad\u0131r. <b style=\"color:#1897F7\">Abonelik i\u00e7in l\u00fctfen ileti\u015fime ge\u00e7iniz.<\/b>&#13;<br \/>\n                                <\/a>&#13;<br \/>\n                            <\/span>\n                        <\/div>\n<p><script>\n\t  window.fbAsyncInit = function() {\n\t\tFB.init({\n\t\t  appId: '1855843514662870',\n\t\t  status : true, \/\/ check login status\n\t\t  cookie : true, \/\/ enable cookies to allow the server to access the session\n\t\t  xfbml  : true  \/\/ parse XFBML\n\t\t});\n\t  };<\/p>\n<p>\t  (function() {\n\t\tvar e = document.createElement('script');\n\t\te.src=\"https:\/\/connect.facebook.net\/tr_TR\/all.js\";\n\t\te.async = true;\n\t\tdocument.getElementById('fb-root').appendChild(e);\n\t  }());\n    <\/script><\/p>\n","protected":false},"excerpt":{"rendered":"<p>Sivas 4 Eyl\u00fcl Sanayi Sitesi&#8217;nde faaliyet g\u00f6steren ba\u011flama ustas\u0131 \u015eent\u00fcrk \u0130yido\u011fan ile mobilya ustas\u0131 Bahattin Okurkan, sat\u0131n ald\u0131klar\u0131 1990 model bir otomobilin kaportas\u0131n\u0131 tamamen s\u00f6k\u00fcp arac\u0131 ah\u015fapla kaplad\u0131. Ustalar\u0131n el i\u015f\u00e7ili\u011finin \u00f6nemini anlatmak i\u00e7in tasarlad\u0131klar\u0131 ah\u015faptan yap\u0131lan araba ise b\u00fcy\u00fck ilgi g\u00f6rd\u00fc. Saz ustas\u0131 \u0130yido\u011fan, gazetecilere, arac\u0131 ceviz ve ladin a\u011fac\u0131 kullan\u0131larak tasarlad\u0131klar\u0131n\u0131 s\u00f6yledi. Arac\u0131n [&hellip;]<\/p>\n","protected":false},"author":1,"featured_media":13220,"comment_status":"","ping_status":"","sticky":false,"template":"","format":"standard","meta":[],"categories":[50],"tags":[],"_links":{"self":[{"href":"https:\/\/kraios.app\/news\/wp-json\/wp\/v2\/posts\/13219"}],"collection":[{"href":"https:\/\/kraios.app\/news\/wp-json\/wp\/v2\/posts"}],"about":[{"href":"https:\/\/kraios.app\/news\/wp-json\/wp\/v2\/types\/post"}],"author":[{"embeddable":true,"href":"https:\/\/kraios.app\/news\/wp-json\/wp\/v2\/users\/1"}],"replies":[{"embeddable":true,"href":"https:\/\/kraios.app\/news\/wp-json\/wp\/v2\/comments?post=13219"}],"version-history":[{"count":0,"href":"https:\/\/kraios.app\/news\/wp-json\/wp\/v2\/posts\/13219\/revisions"}],"wp:featuredmedia":[{"embeddable":true,"href":"https:\/\/kraios.app\/news\/wp-json\/wp\/v2\/media\/13220"}],"wp:attachment":[{"href":"https:\/\/kraios.app\/news\/wp-json\/wp\/v2\/media?parent=13219"}],"wp:term":[{"taxonomy":"category","embeddable":true,"href":"https:\/\/kraios.app\/news\/wp-json\/wp\/v2\/categories?post=13219"},{"taxonomy":"post_tag","embeddable":true,"href":"https:\/\/kraios.app\/news\/wp-json\/wp\/v2\/tags?post=13219"}],"curies":[{"name":"wp","href":"https:\/\/api.w.org\/{rel}","templated":true}]}}