{"id":13187,"date":"2023-09-02T01:20:04","date_gmt":"2023-09-02T01:20:04","guid":{"rendered":"https:\/\/kraios.app\/news\/yasam\/2023\/09\/02\/toruldaki-cam-seyir-terasindan-120-bin-kisi-manzara-izledi\/"},"modified":"2023-09-02T01:20:04","modified_gmt":"2023-09-02T01:20:04","slug":"toruldaki-cam-seyir-terasindan-120-bin-kisi-manzara-izledi","status":"publish","type":"post","link":"https:\/\/kraios.app\/news\/yasam\/2023\/09\/02\/toruldaki-cam-seyir-terasindan-120-bin-kisi-manzara-izledi\/","title":{"rendered":"Torul&#8217;daki cam seyir teras\u0131ndan 120 bin ki\u015fi manzara izledi"},"content":{"rendered":"<p><\/p>\n<div>\n<p>Torul Kalesi&#8217;nin yan\u0131 ba\u015f\u0131nda il\u00e7enin ku\u015f bak\u0131\u015f\u0131 izlenebildi\u011fi 90 metrekarelik cam seyir teras\u0131, Zigana Da\u011f\u0131, Limni G\u00f6l\u00fc ve Karaca Ma\u011faras\u0131&#8217;na yak\u0131nl\u0131\u011f\u0131yla da ziyaret\u00e7iler taraf\u0131ndan tercih ediliyor.<\/p>\n<p>Ayn\u0131 anda 50 ki\u015finin manzara izleyebildi\u011fi teras\u0131n \u00e7evresindeki kafe ve restoranlar da turistlere hizmet veriyor.<\/p>\n<p>Torul Belediye Ba\u015fkan\u0131 Evren Evrim \u00d6zdemir, AA muhabirine, b\u00f6lgedeki turizm merkezlerine yak\u0131n oldu\u011fu i\u00e7in cam seyir teras\u0131na yurt i\u00e7inden ve yurt d\u0131\u015f\u0131ndan \u00e7ok say\u0131da ziyaret\u00e7i geldi\u011fini s\u00f6yledi.<\/p>\n<p>\u00d6zdemir, ziyaret\u00e7i say\u0131s\u0131n\u0131n her ge\u00e7en y\u0131l artt\u0131\u011f\u0131n\u0131 belirterek, &#8220;Kuruldu\u011fundan itibaren bu y\u0131la kadar a\u011f\u0131rlad\u0131\u011f\u0131m\u0131z misafir say\u0131s\u0131 687 bin civar\u0131nda. Bu y\u0131l da 120 bine yak\u0131n yerli ve yabanc\u0131 turisti a\u011f\u0131rlad\u0131k.&#8221; dedi.<\/p>\n<p><img decoding=\"async\" alt=\"\" src=\"https:\/\/www.aa.com.tr\/uploads\/userFiles\/54a427bf-71c5-4e63-a83d-6196709e92a3\/009_2023%2F004_2023%2F30_Eyl%C3%BCl%2F16%2F20230901_2_60093962_92377295.jpg\"\/><\/p>\n<p>Cam seyir teras\u0131n\u0131n bulundu\u011fu b\u00f6lgede \u00e7e\u015fitli d\u00fczenlemeler yapt\u0131klar\u0131n\u0131 ifade eden \u00d6zdemir, &#8220;Farkl\u0131 ya\u015fam alanlar\u0131 da olu\u015fturmak i\u00e7in elimizden geleni yap\u0131yoruz. Teras\u0131n \u00e7evresine yap\u0131lan k\u0131l ota\u011f\u0131m\u0131z\u0131n yan\u0131nda yeni bir restoran\u0131 halk\u0131m\u0131z\u0131n hizmetine sunmak i\u00e7in u\u011fra\u015f\u0131yoruz.&#8221; diye konu\u015ftu.<\/p>\n<p>\u00d6zdemir, seyir noktas\u0131na, y\u00fcr\u00fcy\u00fc\u015f yolu ve teleferikle ula\u015f\u0131m sa\u011flamak i\u00e7in projeleri oldu\u011funu anlatarak, projeler hayata ge\u00e7ti\u011finde ziyaret\u00e7ilerin b\u00f6lgede daha da verimli, g\u00fczel zaman ge\u00e7ireceklerine i\u015faret etti.<\/p>\n<p>Cam seyir teras\u0131n\u0131n son teknoloji kullan\u0131larak in\u015fa edildi\u011fini an\u0131msatan \u00d6zdemir, her y\u0131l bak\u0131m\u0131n\u0131n d\u00fczenli olarak yap\u0131ld\u0131\u011f\u0131n\u0131n alt\u0131n\u0131 \u00e7izdi.<\/p>\n<p>\u00d6zdemir, seyir teras\u0131n\u0131n yerden y\u00fcksekli\u011finin 200 metrenin \u00fcst\u00fcnde oldu\u011funu vurgulayarak, &#8220;Tabii y\u00fckseklik 200 metrenin \u00fcst\u00fcnde olunca insanlar buraya \u00e7\u0131k\u0131nca haliyle adrenalin seviyesi \u00e7ok y\u00fckseliyor. T\u00fcrkiye&#8217;de belki de y\u00fckseltisi en b\u00fcy\u00fck olan ikinci cam teras buras\u0131. Korkacak hi\u00e7bir \u015fey yok. Vatanda\u015flar\u0131m\u0131z buray\u0131 g\u00fcvenle gelip ziyaret edebilir.&#8221; ifadesini kulland\u0131.<\/p>\n<p><img decoding=\"async\" alt=\"\" src=\"https:\/\/www.aa.com.tr\/uploads\/userFiles\/54a427bf-71c5-4e63-a83d-6196709e92a3\/009_2023%2F004_2023%2F30_Eyl%C3%BCl%2F16%2F20230901_2_60093962_92377296.jpg\"\/><\/p>\n<h3>Y\u00fcksekten korkmalar\u0131na ra\u011fmen terasa \u00e7\u0131kmay\u0131 deniyorlar<\/h3>\n<p>\u0130stanbul&#8217;dan G\u00fcm\u00fc\u015fhane&#8217;ye tatile gelen Dilek G\u00fcl, terasta biraz korktuklar\u0131n\u0131 fakat \u00e7ok e\u011flendiklerini dile getirerek, &#8220;Birka\u00e7 haftal\u0131\u011f\u0131na tatile geldik. G\u00fcm\u00fc\u015fhane her \u015feyi ile \u00e7ok g\u00fczel bence. \u00c7ok y\u00fcksek, ben mesela \u015fu camlar\u0131n aras\u0131na, demir olmayan yerlere basam\u0131yorum korktu\u011fum i\u00e7in.&#8221; dedi.<\/p>\n<p>G\u00fcl, \u00f6zellikle demirlerin \u00fczerinden y\u00fcr\u00fcmeye gayret etti\u011fini belirterek, &#8220;Ama g\u00fczel \u00e7ok g\u00fczel, g\u00f6rmeye de\u011fer ger\u00e7ekten. Burada camlara basarak da y\u00fckseklik korkumu yendim.&#8221; diye konu\u015ftu.<\/p>\n<p><img decoding=\"async\" alt=\"\" src=\"https:\/\/www.aa.com.tr\/uploads\/userFiles\/54a427bf-71c5-4e63-a83d-6196709e92a3\/009_2023%2F004_2023%2F30_Eyl%C3%BCl%2F16%2F20230901_2_60093962_92377299.jpg\"\/><\/p>\n<p>Ziyaret\u00e7ilerden Hasan Ba\u015ftosun ise seyir teras\u0131na ne\u015feli geldi\u011fini ancak g\u00f6rd\u00fc\u011f\u00fc manzara kar\u015f\u0131s\u0131nda \u00fcrkt\u00fc\u011f\u00fcn\u00fc s\u00f6yledi.<\/p>\n<p>Terasa \u00e7\u0131kt\u0131\u011f\u0131n\u0131 ancak a\u015fa\u011f\u0131ya bakamad\u0131\u011f\u0131n\u0131 anlatan Ba\u015ftosun, \u015funlar\u0131 kaydetti:<\/p>\n<p>&#8220;Bakarken ger\u00e7ekten \u00fcrk\u00fct\u00fcc\u00fc. Hani y\u00fcksekten korkusu olan varsa tavsiye etmiyorum, kesinlikle ilk \u00f6nce o korkuyu ats\u0131n ondan sonra gelsin buraya. Aksi takdirde korkular\u0131yla y\u00fczle\u015fiyor burada insan. Radyo kulelerinde \u00e7al\u0131\u015f\u0131yorum \u00f6zel bir firmada. Tecr\u00fcbeliyim bu konuda, 20-30 metre yukar\u0131lara \u00e7\u0131k\u0131yorum ama buras\u0131 tabii \u00e7ok daha y\u00fcksek oldu\u011fu i\u00e7in daha \u00e7ok insan\u0131 \u00fcrk\u00fct\u00fcyor. Buran\u0131n y\u00fcksekli\u011fi bir farkl\u0131.&#8221;<\/p>\n<p>                            <span class=\"detay-foto-editor\">&#13;<br \/>\n                                <a href=\"https:\/\/www.aa.com.tr\/tr\/p\/abonelik-talep-formu\/1001\" target=\"_blank\" style=\"font-size:12px; color:#444; text-decoration:none;\" rel=\"noopener\">&#13;<br \/>\n                                    Anadolu Ajans\u0131 web sitesinde, AA Haber Ak\u0131\u015f Sistemi (HAS) \u00fczerinden abonelere sunulan haberler, \u00f6zetlenerek yay\u0131mlanmaktad\u0131r. <b style=\"color:#1897F7\">Abonelik i\u00e7in l\u00fctfen ileti\u015fime ge\u00e7iniz.<\/b>&#13;<br \/>\n                                <\/a>&#13;<br \/>\n                            <\/span>\n                        <\/div>\n<p><script>\n\t  window.fbAsyncInit = function() {\n\t\tFB.init({\n\t\t  appId: '1855843514662870',\n\t\t  status : true, \/\/ check login status\n\t\t  cookie : true, \/\/ enable cookies to allow the server to access the session\n\t\t  xfbml  : true  \/\/ parse XFBML\n\t\t});\n\t  };<\/p>\n<p>\t  (function() {\n\t\tvar e = document.createElement('script');\n\t\te.src=\"https:\/\/connect.facebook.net\/tr_TR\/all.js\";\n\t\te.async = true;\n\t\tdocument.getElementById('fb-root').appendChild(e);\n\t  }());\n    <\/script><\/p>\n","protected":false},"excerpt":{"rendered":"<p>Torul Kalesi&#8217;nin yan\u0131 ba\u015f\u0131nda il\u00e7enin ku\u015f bak\u0131\u015f\u0131 izlenebildi\u011fi 90 metrekarelik cam seyir teras\u0131, Zigana Da\u011f\u0131, Limni G\u00f6l\u00fc ve Karaca Ma\u011faras\u0131&#8217;na yak\u0131nl\u0131\u011f\u0131yla da ziyaret\u00e7iler taraf\u0131ndan tercih ediliyor. Ayn\u0131 anda 50 ki\u015finin manzara izleyebildi\u011fi teras\u0131n \u00e7evresindeki kafe ve restoranlar da turistlere hizmet veriyor. Torul Belediye Ba\u015fkan\u0131 Evren Evrim \u00d6zdemir, AA muhabirine, b\u00f6lgedeki turizm merkezlerine yak\u0131n oldu\u011fu i\u00e7in [&hellip;]<\/p>\n","protected":false},"author":1,"featured_media":13188,"comment_status":"","ping_status":"","sticky":false,"template":"","format":"standard","meta":[],"categories":[50],"tags":[],"_links":{"self":[{"href":"https:\/\/kraios.app\/news\/wp-json\/wp\/v2\/posts\/13187"}],"collection":[{"href":"https:\/\/kraios.app\/news\/wp-json\/wp\/v2\/posts"}],"about":[{"href":"https:\/\/kraios.app\/news\/wp-json\/wp\/v2\/types\/post"}],"author":[{"embeddable":true,"href":"https:\/\/kraios.app\/news\/wp-json\/wp\/v2\/users\/1"}],"replies":[{"embeddable":true,"href":"https:\/\/kraios.app\/news\/wp-json\/wp\/v2\/comments?post=13187"}],"version-history":[{"count":0,"href":"https:\/\/kraios.app\/news\/wp-json\/wp\/v2\/posts\/13187\/revisions"}],"wp:featuredmedia":[{"embeddable":true,"href":"https:\/\/kraios.app\/news\/wp-json\/wp\/v2\/media\/13188"}],"wp:attachment":[{"href":"https:\/\/kraios.app\/news\/wp-json\/wp\/v2\/media?parent=13187"}],"wp:term":[{"taxonomy":"category","embeddable":true,"href":"https:\/\/kraios.app\/news\/wp-json\/wp\/v2\/categories?post=13187"},{"taxonomy":"post_tag","embeddable":true,"href":"https:\/\/kraios.app\/news\/wp-json\/wp\/v2\/tags?post=13187"}],"curies":[{"name":"wp","href":"https:\/\/api.w.org\/{rel}","templated":true}]}}