{"id":13171,"date":"2023-09-01T23:20:06","date_gmt":"2023-09-01T23:20:06","guid":{"rendered":"https:\/\/kraios.app\/news\/spor\/2023\/09\/01\/barcelona-atletico-madridden-joao-felixi-kiraladi\/"},"modified":"2023-09-01T23:20:06","modified_gmt":"2023-09-01T23:20:06","slug":"barcelona-atletico-madridden-joao-felixi-kiraladi","status":"publish","type":"post","link":"https:\/\/kraios.app\/news\/spor\/2023\/09\/01\/barcelona-atletico-madridden-joao-felixi-kiraladi\/","title":{"rendered":"Barcelona, Atletico Madrid&#039;den Joao Felix&#039;i kiralad\u0131"},"content":{"rendered":"<p>\u0130spanya ekibi Barcelona, Atletico Madrid&#8217;den Portekizli futbolcu Joao Felix&#8217;i kiral\u0131k olarak kadrosuna katt\u0131.<\/p>\n","protected":false},"excerpt":{"rendered":"<p>\u0130spanya ekibi Barcelona, Atletico Madrid&#8217;den Portekizli futbolcu Joao Felix&#8217;i kiral\u0131k olarak kadrosuna katt\u0131.<\/p>\n","protected":false},"author":1,"featured_media":13172,"comment_status":"","ping_status":"","sticky":false,"template":"","format":"standard","meta":[],"categories":[48],"tags":[],"_links":{"self":[{"href":"https:\/\/kraios.app\/news\/wp-json\/wp\/v2\/posts\/13171"}],"collection":[{"href":"https:\/\/kraios.app\/news\/wp-json\/wp\/v2\/posts"}],"about":[{"href":"https:\/\/kraios.app\/news\/wp-json\/wp\/v2\/types\/post"}],"author":[{"embeddable":true,"href":"https:\/\/kraios.app\/news\/wp-json\/wp\/v2\/users\/1"}],"replies":[{"embeddable":true,"href":"https:\/\/kraios.app\/news\/wp-json\/wp\/v2\/comments?post=13171"}],"version-history":[{"count":0,"href":"https:\/\/kraios.app\/news\/wp-json\/wp\/v2\/posts\/13171\/revisions"}],"wp:featuredmedia":[{"embeddable":true,"href":"https:\/\/kraios.app\/news\/wp-json\/wp\/v2\/media\/13172"}],"wp:attachment":[{"href":"https:\/\/kraios.app\/news\/wp-json\/wp\/v2\/media?parent=13171"}],"wp:term":[{"taxonomy":"category","embeddable":true,"href":"https:\/\/kraios.app\/news\/wp-json\/wp\/v2\/categories?post=13171"},{"taxonomy":"post_tag","embeddable":true,"href":"https:\/\/kraios.app\/news\/wp-json\/wp\/v2\/tags?post=13171"}],"curies":[{"name":"wp","href":"https:\/\/api.w.org\/{rel}","templated":true}]}}