{"id":13169,"date":"2023-09-01T21:20:14","date_gmt":"2023-09-01T21:20:14","guid":{"rendered":"https:\/\/kraios.app\/news\/yasam\/2023\/09\/01\/filistinli-genc-kadin-egitmen-binicilik-alaninda-kiz-cocuklarina-rol-model-oldu\/"},"modified":"2023-09-01T21:20:14","modified_gmt":"2023-09-01T21:20:14","slug":"filistinli-genc-kadin-egitmen-binicilik-alaninda-kiz-cocuklarina-rol-model-oldu","status":"publish","type":"post","link":"https:\/\/kraios.app\/news\/yasam\/2023\/09\/01\/filistinli-genc-kadin-egitmen-binicilik-alaninda-kiz-cocuklarina-rol-model-oldu\/","title":{"rendered":"Filistinli gen\u00e7 kad\u0131n e\u011fitmen, binicilik alan\u0131nda k\u0131z \u00e7ocuklar\u0131na &#8220;rol model&#8221; oldu"},"content":{"rendered":"<p><\/p>\n<div>\n<p>Filistinli gen\u00e7 kad\u0131n e\u011fitmen Meyar el-Eyayide, i\u015fgal alt\u0131ndaki <strong>Bat\u0131 \u015eeria<\/strong>\u2019n\u0131n El Halil kentinde \u00e7ocuk ve gen\u00e7lere at binmenin inceliklerini \u00f6\u011fretiyor.<\/p>\n<p>Filistinli 20 ya\u015f\u0131ndaki Eyayide, kask\u0131, \u00e7izmeleri ve elinde kam\u00e7\u0131s\u0131yla, \u00e7o\u011fu k\u0131z \u00e7ocu\u011fu olan minik kursiyerlere binicilik talimatlar\u0131 veriyor, onlara bu sporun ipu\u00e7lar\u0131n\u0131 aktar\u0131yor.<\/p>\n<p>Bu manzara, binicilik sporunun ve e\u011fitmenli\u011finin genellikle erkekler taraf\u0131ndan icra edildi\u011fi <strong>Filistin<\/strong> topraklar\u0131nda pek de al\u0131\u015f\u0131ld\u0131k bir durum de\u011fil.<\/p>\n<p><img decoding=\"async\" alt=\"\" src=\"https:\/\/www.aa.com.tr\/uploads\/userFiles\/40b5e6df-807a-4c96-8fee-5e91cbea23a3\/2023%2FAgustos%2Fjibr2.jpg\"\/><\/p>\n<p>Bu nedenle gen\u00e7 e\u011fitmen, b\u00f6lgede bu spora ilgi duyan Filistinli k\u0131z \u00e7ocuklar\u0131 i\u00e7in adeta bir rol model haline geldi.<\/p>\n<p>Meyar el-Eyayide, AA muhabirine yapt\u0131\u011f\u0131 a\u00e7\u0131klamada, toplumsal kal\u0131plar\u0131n \u00f6n\u00fcne \u00e7\u0131kard\u0131\u011f\u0131 \u201cengellerden atlayarak\u201d Filistinli ilk kad\u0131n binicilik antren\u00f6r\u00fc oldu\u011funu belirtti.<\/p>\n<p>Bug\u00fcn \u00e7o\u011funlu\u011fu k\u0131zlardan olu\u015fan yakla\u015f\u0131k 50 \u00f6\u011frencisi bulunan Eyayide, \u201cBinicili\u011fin belirli bir kesimle s\u0131n\u0131rl\u0131 olmayan ve pop\u00fclerle\u015fen bir spor dal\u0131 haline gelmesi i\u00e7in ilk ad\u0131mlar\u0131 atm\u0131\u015f olmaktan dolay\u0131 mutluyum.&#8221; dedi.<\/p>\n<p><img decoding=\"async\" alt=\"\" src=\"https:\/\/www.aa.com.tr\/uploads\/userFiles\/40b5e6df-807a-4c96-8fee-5e91cbea23a3\/2023%2FAgustos%2Fjibr3.jpg\"\/><\/p>\n<h3>En b\u00fcy\u00fck destek\u00e7isi a\u011fabeyi<\/h3>\n<p>Filistinli binici, atlarla olan hikayesinin 12 ya\u015f\u0131nda ata binmesiyle ba\u015flad\u0131\u011f\u0131n\u0131 kaydetti.<\/p>\n<p>\u00c7ocuklu\u011funda ailesiyle kasabalar\u0131n\u0131n yak\u0131n\u0131ndaki k\u0131rsalda ata binmek i\u00e7in d\u0131\u015far\u0131 \u00e7\u0131kt\u0131\u011f\u0131n\u0131 s\u00f6yleyen Filistinli sporcu, \u201cGiderek at bak\u0131m\u0131na al\u0131\u015ft\u0131m ve psikolojik rahatl\u0131\u011f\u0131 atlarda buldum. \u00dczg\u00fcn oldu\u011fumda ata binmeye gidiyorum ve sanki beni hissediyormu\u015f gibi onunla konu\u015fmaya ba\u015fl\u0131yorum.&#8221; ifadelerini kulland\u0131.<\/p>\n<p><img decoding=\"async\" alt=\"\" src=\"https:\/\/www.aa.com.tr\/uploads\/userFiles\/40b5e6df-807a-4c96-8fee-5e91cbea23a3\/2023%2FAgustos%2Fjibr4.jpg\"\/><\/p>\n<p>Eyayide, &#8220;Ailem at sahibi oldu\u011fu i\u00e7in atlara kar\u015f\u0131 bir sevgim ve tutkum vard\u0131. A\u011fabeyim Muntas\u0131r, binicilik sporu ve antren\u00f6rl\u00fc\u011f\u00fcnde ilk ilham kayna\u011f\u0131m oldu.&#8221; diye konu\u015ftu.<\/p>\n<p>Yakla\u015f\u0131k bir bu\u00e7uk y\u0131l \u00f6nce El Halil&#8217;deki El-Esmer Binicilik Kul\u00fcb\u00fc\u2019nde e\u011fitmenlik yapan aa\u011fabeyinin te\u015fvikiyle, ona asistanl\u0131k yaparak e\u011fitmenlik yolculu\u011funa ba\u015flad\u0131\u011f\u0131n\u0131 kaydeden Eyayide, \u015funlar\u0131 s\u00f6yledi:<\/p>\n<p>\u201cBu a\u015fama, e\u011fitmenlik sanat\u0131nda uzmanla\u015fma ve becerilerimi geli\u015ftirmeme katk\u0131da bulundu. Uzun u\u011fra\u015flar ve \u00e7al\u0131\u015fmalar sonucunda binicilik e\u011fitmeni olmay\u0131 ba\u015fard\u0131m ve \u015fu anda 50&#8217;ye yak\u0131n \u00f6\u011frencim var.\u201d<\/p>\n<p>Filistinli sporcu, &#8220;Arap d\u00fcnyas\u0131 ve uluslararas\u0131 alanda yar\u0131\u015fmalara kat\u0131lmay\u0131 arzulad\u0131\u011f\u0131n\u0131&#8221; dile getirdi.<\/p>\n<p><img decoding=\"async\" alt=\"\" src=\"https:\/\/www.aa.com.tr\/uploads\/userFiles\/40b5e6df-807a-4c96-8fee-5e91cbea23a3\/2023%2FAgustos%2Fjibr5.jpg\"\/><\/p>\n<h3>Onun i\u00e7in &#8220;engel atlama&#8221; sadece binicilikle s\u0131n\u0131rl\u0131 de\u011fil<\/h3>\n<p>Eyayide, e\u011fitim ald\u0131\u011f\u0131 s\u00fcre boyunca tahta bariyerlerin \u00fczerinden atlama konusunda ustala\u015fmas\u0131n\u0131n, kendisini, &#8220;t\u00fcm toplumsal engellerin ve bariyerlerin de \u00fczerinden atl\u0131yormu\u015f gibi&#8221; hissettirdi\u011fini s\u00f6yledi.<\/p>\n<p>Binicilik yolculu\u011fu s\u0131ras\u0131nda pek \u00e7ok toplumsal engelle kar\u015f\u0131la\u015ft\u0131\u011f\u0131n\u0131 ancak bunlar\u0131n hepsini a\u015fmay\u0131 ba\u015fard\u0131\u011f\u0131n\u0131 kaydeden gen\u00e7 kad\u0131n, \u201cAta binmenin sadece erkeklere \u00f6zg\u00fc oldu\u011fu y\u00f6n\u00fcnde olumsuz yorumlar alm\u0131\u015ft\u0131m. Peki bir k\u0131z\u0131 ata binmekten, dinimizin de te\u015fvik etti\u011fi hobi ve sporlar\u0131 yapmaktan al\u0131koyan \u015fey nedir?\u201d ifadelerini kulland\u0131.<\/p>\n<p>Eyayide, e\u011fitmenlik g\u00f6revinin bir\u00e7ok aileyi k\u0131zlar\u0131na at binme kursuna g\u00f6ndermeleri i\u00e7in te\u015fvik etti\u011fini, kursiyerleri aras\u0131nda \u00e7ok say\u0131da k\u0131z \u00e7ocu\u011funun bulundu\u011funu belirtti.<\/p>\n<p>Kursiyerlerden 14 ya\u015f\u0131ndaki Rimas \u0130sifan, &#8220;Birka\u00e7 ay \u00f6nce Meyar ile antrenmanlara ba\u015flad\u0131m. \u0130lk ba\u015fta atlardan korkuyordum ama bug\u00fcn durum farkl\u0131, kendime g\u00fcveniyorum ve ba\u015fkalar\u0131n\u0131 da bu sporu yapmaya te\u015fvik ediyorum.&#8221; diye konu\u015ftu.<\/p>\n<p><img decoding=\"async\" alt=\"\" src=\"https:\/\/www.aa.com.tr\/uploads\/userFiles\/40b5e6df-807a-4c96-8fee-5e91cbea23a3\/2023%2FAgustos%2Fjibr7.jpg\"\/><\/p>\n<p>\u0130sifan, binicilik e\u011fitimine devam etmeyi, \u00e7e\u015fitli yar\u0131\u015fmalara kat\u0131lmay\u0131 ve dereceler elde etmeyi hayal etti\u011fini dile getirdi.<\/p>\n<p>Binicilik okulunun ba\u015f antren\u00f6r\u00fc, Meyar\u2019\u0131n a\u011fabeyi Muntas\u0131r el-Eyayide de ailesinin k\u0131z karde\u015fiyle ve i\u015findeki ba\u015far\u0131s\u0131yla gurur duydu\u011funu ifade etti.<\/p>\n<p>Muntas\u0131r, &#8220;Meyar&#8217;\u0131n e\u011fitmen olmas\u0131n\u0131 sa\u011flayan g\u00fc\u00e7l\u00fc bir ki\u015fili\u011fi var ve onun varl\u0131\u011f\u0131 k\u0131zlar\u0131 binicilik e\u011fitimi almaya motive eden \u00f6nemli bir fakt\u00f6r.&#8221; diye konu\u015ftu.<\/p>\n<p>                            <span class=\"detay-foto-editor\">&#13;<br \/>\n                                <a href=\"https:\/\/www.aa.com.tr\/tr\/p\/abonelik-talep-formu\/1001\" target=\"_blank\" style=\"font-size:12px; color:#444; text-decoration:none;\" rel=\"noopener\">&#13;<br \/>\n                                    Anadolu Ajans\u0131 web sitesinde, AA Haber Ak\u0131\u015f Sistemi (HAS) \u00fczerinden abonelere sunulan haberler, \u00f6zetlenerek yay\u0131mlanmaktad\u0131r. <b style=\"color:#1897F7\">Abonelik i\u00e7in l\u00fctfen ileti\u015fime ge\u00e7iniz.<\/b>&#13;<br \/>\n                                <\/a>&#13;<br \/>\n                            <\/span>\n                        <\/div>\n<p><script>\n\t  window.fbAsyncInit = function() {\n\t\tFB.init({\n\t\t  appId: '1855843514662870',\n\t\t  status : true, \/\/ check login status\n\t\t  cookie : true, \/\/ enable cookies to allow the server to access the session\n\t\t  xfbml  : true  \/\/ parse XFBML\n\t\t});\n\t  };<\/p>\n<p>\t  (function() {\n\t\tvar e = document.createElement('script');\n\t\te.src=\"https:\/\/connect.facebook.net\/tr_TR\/all.js\";\n\t\te.async = true;\n\t\tdocument.getElementById('fb-root').appendChild(e);\n\t  }());\n    <\/script><\/p>\n","protected":false},"excerpt":{"rendered":"<p>Filistinli gen\u00e7 kad\u0131n e\u011fitmen Meyar el-Eyayide, i\u015fgal alt\u0131ndaki Bat\u0131 \u015eeria\u2019n\u0131n El Halil kentinde \u00e7ocuk ve gen\u00e7lere at binmenin inceliklerini \u00f6\u011fretiyor. Filistinli 20 ya\u015f\u0131ndaki Eyayide, kask\u0131, \u00e7izmeleri ve elinde kam\u00e7\u0131s\u0131yla, \u00e7o\u011fu k\u0131z \u00e7ocu\u011fu olan minik kursiyerlere binicilik talimatlar\u0131 veriyor, onlara bu sporun ipu\u00e7lar\u0131n\u0131 aktar\u0131yor. Bu manzara, binicilik sporunun ve e\u011fitmenli\u011finin genellikle erkekler taraf\u0131ndan icra edildi\u011fi Filistin [&hellip;]<\/p>\n","protected":false},"author":1,"featured_media":13170,"comment_status":"","ping_status":"","sticky":false,"template":"","format":"standard","meta":[],"categories":[50],"tags":[],"_links":{"self":[{"href":"https:\/\/kraios.app\/news\/wp-json\/wp\/v2\/posts\/13169"}],"collection":[{"href":"https:\/\/kraios.app\/news\/wp-json\/wp\/v2\/posts"}],"about":[{"href":"https:\/\/kraios.app\/news\/wp-json\/wp\/v2\/types\/post"}],"author":[{"embeddable":true,"href":"https:\/\/kraios.app\/news\/wp-json\/wp\/v2\/users\/1"}],"replies":[{"embeddable":true,"href":"https:\/\/kraios.app\/news\/wp-json\/wp\/v2\/comments?post=13169"}],"version-history":[{"count":0,"href":"https:\/\/kraios.app\/news\/wp-json\/wp\/v2\/posts\/13169\/revisions"}],"wp:featuredmedia":[{"embeddable":true,"href":"https:\/\/kraios.app\/news\/wp-json\/wp\/v2\/media\/13170"}],"wp:attachment":[{"href":"https:\/\/kraios.app\/news\/wp-json\/wp\/v2\/media?parent=13169"}],"wp:term":[{"taxonomy":"category","embeddable":true,"href":"https:\/\/kraios.app\/news\/wp-json\/wp\/v2\/categories?post=13169"},{"taxonomy":"post_tag","embeddable":true,"href":"https:\/\/kraios.app\/news\/wp-json\/wp\/v2\/tags?post=13169"}],"curies":[{"name":"wp","href":"https:\/\/api.w.org\/{rel}","templated":true}]}}