{"id":13162,"date":"2023-09-01T17:20:11","date_gmt":"2023-09-01T17:20:11","guid":{"rendered":"https:\/\/kraios.app\/news\/spor\/2023\/09\/01\/motokrosta-dunya-ve-avrupa-klasmaninda-4-yaris-afyonkarahisarda-yapilacak\/"},"modified":"2023-09-01T17:20:11","modified_gmt":"2023-09-01T17:20:11","slug":"motokrosta-dunya-ve-avrupa-klasmaninda-4-yaris-afyonkarahisarda-yapilacak","status":"publish","type":"post","link":"https:\/\/kraios.app\/news\/spor\/2023\/09\/01\/motokrosta-dunya-ve-avrupa-klasmaninda-4-yaris-afyonkarahisarda-yapilacak\/","title":{"rendered":"Motokrosta D\u00fcnya ve Avrupa klasman\u0131nda 4 yar\u0131\u015f, Afyonkarahisar&#039;da yap\u0131lacak"},"content":{"rendered":"<p>FIM D\u00fcnya Motokros \u015eampiyonas\u0131n\u0131n (MXGP) 17. aya\u011f\u0131 ile Avrupa klasman\u0131nda 4 yar\u0131\u015f, yar\u0131n Afyonkarahisar&#8217;da ba\u015flayacak.<\/p>\n","protected":false},"excerpt":{"rendered":"<p>FIM D\u00fcnya Motokros \u015eampiyonas\u0131n\u0131n (MXGP) 17. aya\u011f\u0131 ile Avrupa klasman\u0131nda 4 yar\u0131\u015f, yar\u0131n Afyonkarahisar&#8217;da ba\u015flayacak.<\/p>\n","protected":false},"author":1,"featured_media":13163,"comment_status":"","ping_status":"","sticky":false,"template":"","format":"standard","meta":[],"categories":[48],"tags":[],"_links":{"self":[{"href":"https:\/\/kraios.app\/news\/wp-json\/wp\/v2\/posts\/13162"}],"collection":[{"href":"https:\/\/kraios.app\/news\/wp-json\/wp\/v2\/posts"}],"about":[{"href":"https:\/\/kraios.app\/news\/wp-json\/wp\/v2\/types\/post"}],"author":[{"embeddable":true,"href":"https:\/\/kraios.app\/news\/wp-json\/wp\/v2\/users\/1"}],"replies":[{"embeddable":true,"href":"https:\/\/kraios.app\/news\/wp-json\/wp\/v2\/comments?post=13162"}],"version-history":[{"count":0,"href":"https:\/\/kraios.app\/news\/wp-json\/wp\/v2\/posts\/13162\/revisions"}],"wp:featuredmedia":[{"embeddable":true,"href":"https:\/\/kraios.app\/news\/wp-json\/wp\/v2\/media\/13163"}],"wp:attachment":[{"href":"https:\/\/kraios.app\/news\/wp-json\/wp\/v2\/media?parent=13162"}],"wp:term":[{"taxonomy":"category","embeddable":true,"href":"https:\/\/kraios.app\/news\/wp-json\/wp\/v2\/categories?post=13162"},{"taxonomy":"post_tag","embeddable":true,"href":"https:\/\/kraios.app\/news\/wp-json\/wp\/v2\/tags?post=13162"}],"curies":[{"name":"wp","href":"https:\/\/api.w.org\/{rel}","templated":true}]}}