{"id":13158,"date":"2023-09-01T15:20:05","date_gmt":"2023-09-01T15:20:05","guid":{"rendered":"https:\/\/kraios.app\/news\/yasam\/2023\/09\/01\/gazzeli-genc-hayata-gecirdigi-cevre-dostu-projeyle-eski-lastikleri-ekonomiye-kazandiriyor\/"},"modified":"2023-09-01T15:20:05","modified_gmt":"2023-09-01T15:20:05","slug":"gazzeli-genc-hayata-gecirdigi-cevre-dostu-projeyle-eski-lastikleri-ekonomiye-kazandiriyor","status":"publish","type":"post","link":"https:\/\/kraios.app\/news\/yasam\/2023\/09\/01\/gazzeli-genc-hayata-gecirdigi-cevre-dostu-projeyle-eski-lastikleri-ekonomiye-kazandiriyor\/","title":{"rendered":"Gazzeli gen\u00e7 hayata ge\u00e7irdi\u011fi &#8220;\u00e7evre dostu&#8221; projeyle eski lastikleri ekonomiye kazand\u0131r\u0131yor"},"content":{"rendered":"<p><\/p>\n<div>\n<p>Eski lastiklerin havay\u0131 ve topra\u011f\u0131 kirletecek \u015fekilde yak\u0131lmas\u0131 \u00e7e\u015fitli <strong>\u00e7evre kirlili\u011finin<\/strong> yan\u0131 s\u0131ra farkl\u0131 hastal\u0131klara da yol a\u00e7abiliyor.<\/p>\n<p>Bu d\u00fc\u015f\u00fcnceden yola \u00e7\u0131kan 27 ya\u015f\u0131ndaki <strong>Middeyn\u00a0H\u0131ll\u0131s<\/strong>, hasarl\u0131 lastikleri i\u015flemden ge\u00e7irerek sanayi veya tar\u0131m sekt\u00f6rlerinde kullan\u0131lan tel, iplik ve kau\u00e7uk gibi malzemelere ayr\u0131\u015ft\u0131ran bir at\u00f6lye kurdu.<\/p>\n<p>El-Ezher \u00dcniversitesi Fen Fak\u00fcltesi \u00c7evre Jeolojisi ve Su Kaynaklar\u0131 B\u00f6l\u00fcm\u00fc mezunu olan H\u0131ll\u0131s, AA muhabirine yapt\u0131\u011f\u0131 a\u00e7\u0131klamada, geli\u015fmi\u015f \u00fclkelerin eski lastikleri, geri d\u00f6n\u00fc\u015f\u00fcmden sonra sanayiye katk\u0131s\u0131 ve \u00f6nemi nedeniyle &#8220;kara hazine&#8221; olarak tan\u0131mlad\u0131\u011f\u0131n\u0131 s\u00f6yledi.<\/p>\n<p>Kendisinin de 2021 y\u0131l\u0131nda &#8220;Polimer&#8221; ad\u0131n\u0131 verdi\u011fi projesini geli\u015ftirdi\u011fini, bunun da evinin yak\u0131n\u0131ndaki arazinin hasarl\u0131 lastik mezarl\u0131\u011f\u0131na d\u00f6n\u00fc\u015ft\u00fcr\u00fclmesi ve lastiklerin burada s\u0131k s\u0131k yak\u0131lmas\u0131 \u00fczerine ortaya \u00e7\u0131kt\u0131\u011f\u0131n\u0131 ifade etti.<\/p>\n<p><img decoding=\"async\" alt=\"\" src=\"https:\/\/www.aa.com.tr\/uploads\/userFiles\/40b5e6df-807a-4c96-8fee-5e91cbea23a3\/2023%2FAgustos%2Flast1.jpg\"\/><\/p>\n<p>&#8220;Hasarl\u0131 lastikler benim de ya\u015fad\u0131\u011f\u0131m \u015fehrin \u00fccra bir k\u00f6\u015fesinde yer alan e\u015f-\u015eucaiyye Mahallesindeki bir b\u00f6lgeye getirilir. Lastikler birikti\u011finde yak\u0131larak yok edilir. Yak\u0131lan lastikler kal\u0131n siyah bir duman \u00e7\u0131k\u0131yor ve emisyona neden oluyor. Bu \u00e7evreye ve insanlara zararl\u0131 bir duman.&#8221; diyen H\u0131ll\u0131s, gece ge\u00e7 saatlere kadar yak\u0131m i\u015fleminin devam etti\u011fini, bu nedenle uzun saatler boyunca t\u00fcm pencereleri kapatmak zorunda kald\u0131klar\u0131n\u0131 vurgulad\u0131.<\/p>\n<p>\u00d6zellikle yaz aylar\u0131nda ve s\u0131caklar\u0131n artmas\u0131yla \u00e7ok s\u0131k\u0131nt\u0131 \u00e7ektiklerini dile getiren Filistinli gen\u00e7, bunun \u00fczerine, bu lastikleri g\u00fcvenli bir \u015fekilde imha etmenin ve \u00e7evre ile insanlar\u0131n yarar\u0131na olacak \u00e7\u00f6z\u00fcmler bulman\u0131n bir yolunu d\u00fc\u015f\u00fcnmeye ba\u015flad\u0131\u011f\u0131n\u0131 kaydetti.<\/p>\n<p><img decoding=\"async\" alt=\"\" src=\"https:\/\/www.aa.com.tr\/uploads\/userFiles\/40b5e6df-807a-4c96-8fee-5e91cbea23a3\/2023%2FAgustos%2Flast2.jpg\"\/><\/p>\n<h3>\u0130thal edemedi\u011fi makineyi tasarlad\u0131<\/h3>\n<p>\u00d6mr\u00fcn\u00fc tamamlam\u0131\u015f lastiklerin geri d\u00f6n\u00fc\u015f\u00fcm\u00fc ve g\u00fcvenli bir \u015fekilde imha edilmesi i\u00e7in kullan\u0131lan makineleri, kendi imkanlar\u0131 dahilinde basit\u00e7e \u00fcretmeye \u00e7al\u0131\u015ft\u0131\u011f\u0131n\u0131, zorlu ekonomik \u015fartlar\u0131n, daha kapsaml\u0131 makinelerin \u00fcretilmesine imkan vermedi\u011fini anlatan H\u0131ll\u0131s, \u015f\u00f6yle devam etti:<\/p>\n<p>&#8220;Lastiklerin geri d\u00f6n\u00fc\u015f\u00fcm\u00fcnde kullan\u0131lacak makinelerin ithal edilmesi de imkans\u0131z. \u00c7\u00fcnk\u00fc bu makinalar, sivil ve askeri ikili kullan\u0131m bahanesiyle \u0130srail&#8217;in yasakl\u0131lar listesinde yer al\u0131yor.<\/p>\n<p><img decoding=\"async\" alt=\"\" src=\"https:\/\/www.aa.com.tr\/uploads\/userFiles\/40b5e6df-807a-4c96-8fee-5e91cbea23a3\/2023%2FAgustos%2Flast3.jpg\"\/><\/p>\n<p>D\u00fcnyada bu i\u015f i\u00e7in kullan\u0131lan makinelere benzer bir makineyi (\u0130srail&#8217;in Gazze&#8217;ye ablukas\u0131 sebebiyle ithal edemedi\u011fi i\u00e7in) ad\u0131m ad\u0131m kendi imkanlar\u0131mla denemeler sonucu her g\u00fcn yeni bir par\u00e7a ekleyerek, geli\u015ftirip ayn\u0131 sonucu sa\u011flamaya \u00e7al\u0131\u015fmaktan ba\u015fka bir \u00e7\u00f6z\u00fcm bulamad\u0131m. Makinenin \u00fcretim s\u00fcreci, s\u0131n\u0131rl\u0131 imkanlar\u0131n yan\u0131 s\u0131ra tasar\u0131m ve montaj\u0131n\u0131n tamamen tek bir ki\u015fiye ba\u011fl\u0131 olmas\u0131 nedeniyle yakla\u015f\u0131k bir y\u0131l s\u00fcrd\u00fc.&#8221;<\/p>\n<p>Tasarlad\u0131klar\u0131 makineyle ilk denemelerinde \u00f6mr\u00fcn\u00fc tamamlam\u0131\u015f yakla\u015f\u0131k 500 lasti\u011fin tellerini \u00e7\u0131kard\u0131\u011f\u0131n\u0131 daha sonra par\u00e7alad\u0131\u011f\u0131n\u0131 aktaran Filistinli gen\u00e7, \u00fcretti\u011fi makinenin kapasitesi d\u00fc\u015f\u00fck olsa da bir haftada yakla\u015f\u0131k 200-300 lasti\u011fi i\u015fleyebildi\u011fini s\u00f6yledi.<\/p>\n<p><img decoding=\"async\" alt=\"\" src=\"https:\/\/www.aa.com.tr\/uploads\/userFiles\/40b5e6df-807a-4c96-8fee-5e91cbea23a3\/2023%2FAgustos%2Flast4.jpg\"\/><\/p>\n<h3>D\u00f6n\u00fc\u015ft\u00fcr\u00fclen lastikler farkl\u0131 alanlarda kullan\u0131l\u0131yor<\/h3>\n<p>H\u0131ll\u0131s, devam eden \u00e7al\u0131\u015fmalar\u0131 sonucunda 3 ay \u00f6nce geri d\u00f6n\u00fc\u015f\u00fcm i\u00e7in lastikleri i\u015flemlerden sonra kau\u00e7uk gran\u00fcl, \u00e7elik tel ve kord bezine (tekstil par\u00e7ac\u0131klar\u0131) d\u00f6n\u00fc\u015ft\u00fcr\u00fclmesi i\u015flemini ba\u015fard\u0131\u011f\u0131n\u0131 ifade etti.<\/p>\n<p>\u00d6mr\u00fcn\u00fc tamamlam\u0131\u015f lastikleri hurdac\u0131lardan temin ettikten sonra tellerini ayr\u0131\u015ft\u0131rd\u0131klar\u0131n\u0131 anlatan H\u0131ll\u0131s, geri d\u00f6n\u00fc\u015ft\u00fcr\u00fclen lastiklerin kullan\u0131m alanlar\u0131na ili\u015fkin ise \u015fu bilgileri verdi:<\/p>\n<p>&#8220;Kau\u00e7uk gran\u00fcllerinin \u00fc\u00e7 \u00e7e\u015fidi var. \u0130lki suni \u00e7im sahalarda, ikincisi yap\u0131\u015fkan, yal\u0131tkan ve kaymaz zeminlerin \u00fcretiminde bir di\u011feri de hayvansal ve tar\u0131msal \u00fcretim alan\u0131nda kullan\u0131l\u0131yor.&#8221;<\/p>\n<p>H\u0131ll\u0131s, \u00e7\u0131kar\u0131lan tellerin ya hurdac\u0131lara ince tel olarak sat\u0131ld\u0131\u011f\u0131n\u0131 kal\u0131n olan tellerin ise i\u015flenerek yay haline getirildi\u011fini, bu yaylar\u0131n da araba par\u00e7as\u0131 imalat\u0131, hayvansal ve tar\u0131msal \u00fcretimde kullan\u0131ld\u0131\u011f\u0131n\u0131 belirtti.<\/p>\n<p><img decoding=\"async\" alt=\"\" src=\"https:\/\/www.aa.com.tr\/uploads\/userFiles\/40b5e6df-807a-4c96-8fee-5e91cbea23a3\/2023%2FAgustos%2Flastsss1.jpg\"\/><\/p>\n<p>Filistinli gen\u00e7 giri\u015fimci, &#8220;Bu projenin, Gazze \u015eeridi&#8217;ni kapsayacak \u015fekilde devlet kurumlar\u0131 taraf\u0131ndan benimsenmesini umut ediyorum. B\u00f6ylece \u00e7evre kirlili\u011finden ka\u00e7\u0131n\u0131lmas\u0131 i\u00e7in \u00e7al\u0131\u015f\u0131labilir ve gen\u00e7 n\u00fcfusa i\u015f imkan\u0131 sa\u011flanabilir. Ayr\u0131ca bu yolla \u00fcretilen malzemeler yerli \u00fcr\u00fcn olarak piyasaya sunulabilir.&#8221; dedi.<\/p>\n<p>\u0130srail&#8217;in yakla\u015f\u0131k 16 y\u0131ld\u0131r hava, kara ve denizden abluka alt\u0131nda tuttu\u011fu Gazze \u015eeridi, b\u00fcy\u00fck bir insani drama sahne oluyor. Seyahat \u00f6zg\u00fcrl\u00fc\u011f\u00fc olmayan yakla\u015f\u0131k 2 milyon Filistinli, istisnai durumlar hari\u00e7 Gazze d\u0131\u015f\u0131na \u00e7\u0131kam\u0131yor.<\/p>\n<p>                            <span class=\"detay-foto-editor\">&#13;<br \/>\n                                <a href=\"https:\/\/www.aa.com.tr\/tr\/p\/abonelik-talep-formu\/1001\" target=\"_blank\" style=\"font-size:12px; color:#444; text-decoration:none;\" rel=\"noopener\">&#13;<br \/>\n                                    Anadolu Ajans\u0131 web sitesinde, AA Haber Ak\u0131\u015f Sistemi (HAS) \u00fczerinden abonelere sunulan haberler, \u00f6zetlenerek yay\u0131mlanmaktad\u0131r. <b style=\"color:#1897F7\">Abonelik i\u00e7in l\u00fctfen ileti\u015fime ge\u00e7iniz.<\/b>&#13;<br \/>\n                                <\/a>&#13;<br \/>\n                            <\/span>\n                        <\/div>\n<p><script>\n\t  window.fbAsyncInit = function() {\n\t\tFB.init({\n\t\t  appId: '1855843514662870',\n\t\t  status : true, \/\/ check login status\n\t\t  cookie : true, \/\/ enable cookies to allow the server to access the session\n\t\t  xfbml  : true  \/\/ parse XFBML\n\t\t});\n\t  };<\/p>\n<p>\t  (function() {\n\t\tvar e = document.createElement('script');\n\t\te.src=\"https:\/\/connect.facebook.net\/tr_TR\/all.js\";\n\t\te.async = true;\n\t\tdocument.getElementById('fb-root').appendChild(e);\n\t  }());\n    <\/script><\/p>\n","protected":false},"excerpt":{"rendered":"<p>Eski lastiklerin havay\u0131 ve topra\u011f\u0131 kirletecek \u015fekilde yak\u0131lmas\u0131 \u00e7e\u015fitli \u00e7evre kirlili\u011finin yan\u0131 s\u0131ra farkl\u0131 hastal\u0131klara da yol a\u00e7abiliyor. Bu d\u00fc\u015f\u00fcnceden yola \u00e7\u0131kan 27 ya\u015f\u0131ndaki Middeyn\u00a0H\u0131ll\u0131s, hasarl\u0131 lastikleri i\u015flemden ge\u00e7irerek sanayi veya tar\u0131m sekt\u00f6rlerinde kullan\u0131lan tel, iplik ve kau\u00e7uk gibi malzemelere ayr\u0131\u015ft\u0131ran bir at\u00f6lye kurdu. El-Ezher \u00dcniversitesi Fen Fak\u00fcltesi \u00c7evre Jeolojisi ve Su Kaynaklar\u0131 B\u00f6l\u00fcm\u00fc mezunu [&hellip;]<\/p>\n","protected":false},"author":1,"featured_media":13159,"comment_status":"","ping_status":"","sticky":false,"template":"","format":"standard","meta":[],"categories":[50],"tags":[],"_links":{"self":[{"href":"https:\/\/kraios.app\/news\/wp-json\/wp\/v2\/posts\/13158"}],"collection":[{"href":"https:\/\/kraios.app\/news\/wp-json\/wp\/v2\/posts"}],"about":[{"href":"https:\/\/kraios.app\/news\/wp-json\/wp\/v2\/types\/post"}],"author":[{"embeddable":true,"href":"https:\/\/kraios.app\/news\/wp-json\/wp\/v2\/users\/1"}],"replies":[{"embeddable":true,"href":"https:\/\/kraios.app\/news\/wp-json\/wp\/v2\/comments?post=13158"}],"version-history":[{"count":0,"href":"https:\/\/kraios.app\/news\/wp-json\/wp\/v2\/posts\/13158\/revisions"}],"wp:featuredmedia":[{"embeddable":true,"href":"https:\/\/kraios.app\/news\/wp-json\/wp\/v2\/media\/13159"}],"wp:attachment":[{"href":"https:\/\/kraios.app\/news\/wp-json\/wp\/v2\/media?parent=13158"}],"wp:term":[{"taxonomy":"category","embeddable":true,"href":"https:\/\/kraios.app\/news\/wp-json\/wp\/v2\/categories?post=13158"},{"taxonomy":"post_tag","embeddable":true,"href":"https:\/\/kraios.app\/news\/wp-json\/wp\/v2\/tags?post=13158"}],"curies":[{"name":"wp","href":"https:\/\/api.w.org\/{rel}","templated":true}]}}