{"id":13146,"date":"2023-09-01T11:25:55","date_gmt":"2023-09-01T11:25:55","guid":{"rendered":"https:\/\/kraios.app\/news\/yasam\/2023\/09\/01\/turkiye-18-si-abla-ile-turkiye-41-si-kardesi-6-yil-arayla-ayni-universitede-bulustu\/"},"modified":"2023-09-01T11:25:55","modified_gmt":"2023-09-01T11:25:55","slug":"turkiye-18-si-abla-ile-turkiye-41-si-kardesi-6-yil-arayla-ayni-universitede-bulustu","status":"publish","type":"post","link":"https:\/\/kraios.app\/news\/yasam\/2023\/09\/01\/turkiye-18-si-abla-ile-turkiye-41-si-kardesi-6-yil-arayla-ayni-universitede-bulustu\/","title":{"rendered":"T\u00fcrkiye 18.&#8217;si abla ile T\u00fcrkiye 41.&#8217;si karde\u015fi 6 y\u0131l arayla ayn\u0131 \u00fcniversitede bulu\u015ftu"},"content":{"rendered":"<p><\/p>\n<div>\n<p>Ayn\u0131 \u00f6zel lisede burslu okuyan karde\u015flerden abla Selcan Beyza Kocab\u0131y\u0131k \u00fcniversiteye ge\u00e7i\u015f s\u0131nav\u0131nda T\u00fcrkiye 18.&#8217;si, karde\u015fi Ensar Kocab\u0131y\u0131k 41.&#8217;si oldu. Ayn\u0131 \u00fcniversitenin t\u0131p fak\u00fcltelerini 6 y\u0131l arayla kazanan Kocab\u0131y\u0131k karde\u015fler, 2023-2024 e\u011fitim \u00f6\u011fretim y\u0131l\u0131n\u0131 birlikte okuyacak.<\/p>\n<p>\u0130stanbul Medipol \u00dcniversitesi T\u0131p Fak\u00fcltesini kazanan Ensar Kocab\u0131y\u0131k, AA muhabirine, lisenin ilk y\u0131llar\u0131nda s\u0131nava dair yo\u011fun bir haz\u0131rl\u0131k yapmad\u0131\u011f\u0131n\u0131 ancak son senede s\u0131nav ciddiyetini kavrad\u0131\u011f\u0131n\u0131 ve kendisine uygun bir \u00e7al\u0131\u015fma program\u0131 takip etti\u011fini belirtti.<\/p>\n<p><img decoding=\"async\" alt=\"\" src=\"https:\/\/www.aa.com.tr\/uploads\/userFiles\/de89f914-66b1-4a0b-9347-13c0eafe70cc\/2023%2F09%2F20230901_2_60094423_92378275.jpg\"\/><\/p>\n<p>Saatlerce ders \u00e7al\u0131\u015ft\u0131\u011f\u0131n\u0131 dile getiren Kocab\u0131y\u0131k, &#8220;12 saatlere kadar \u00e7al\u0131\u015ft\u0131m ama ikinci d\u00f6nem art\u0131k bir yerden sonra insan yoruluyor 6 saatte durdum. Belki daha fazla \u00e7al\u0131\u015fanlar vard\u0131 ama g\u00fcc\u00fcm yetmiyordu.&#8221; dedi.<\/p>\n<p>Kocab\u0131y\u0131k, s\u0131nav s\u00fcrecindeki en temel motivasyonunun ailesinin eme\u011fi oldu\u011funa dikkati \u00e7ekerek, ablas\u0131n\u0131n kendisine \u00f6rnek oldu\u011funu s\u00f6yledi.<\/p>\n<h3>&#8220;Sen yapacaks\u0131n&#8217; dedi&#8221;<\/h3>\n<p>Kahramanmara\u015f merkezli 6 \u015eubat&#8217;taki depremlerin ard\u0131ndan Kayseri&#8217;deki ailesinin yan\u0131ndan \u0130stanbul&#8217;daki ablas\u0131n\u0131n yan\u0131na geldi\u011fini anlatan Kocab\u0131y\u0131k, &#8220;Burada en d\u00fc\u015f\u00fck net yapt\u0131\u011f\u0131m zamanlarda moral motivasyon verdi, &#8216;Herkesin k\u00f6t\u00fc zaman\u0131 olur.&#8217; diyordu. S\u0131nava son bir ay kala yine en b\u00fcy\u00fck d\u00fc\u015f\u00fc\u015f\u00fc ya\u015fad\u0131\u011f\u0131mda &#8216;Ayn\u0131lar\u0131n\u0131 ben de ya\u015fad\u0131m.&#8217; Bu tarz \u015feylerin oldu\u011funu s\u00f6yledi. \u0130nanmad\u0131m, &#8216;Sen yapacaks\u0131n.&#8217; dedi. Bana en \u00e7ok g\u00fcvenen oydu, hakl\u0131ym\u0131\u015f. Sa\u011f olsun.&#8221; diye konu\u015ftu.<\/p>\n<p><img decoding=\"async\" alt=\"\" src=\"https:\/\/admin.aa.com.tr\/uploads\/userFiles\/de89f914-66b1-4a0b-9347-13c0eafe70cc\/2023%2F09%2F20230901_2_60094423_92378283.jpg\"\/><\/p>\n<h3>&#8220;Sadece zeka bir i\u015fe yaram\u0131yor&#8221;<\/h3>\n<p>Zekan\u0131n genetikten \u00e7ok \u00e7evresel fakt\u00f6rlerle geli\u015fti\u011fini iddia eden Kocab\u0131y\u0131k, &#8220;Ben e\u011fitim hayat\u0131m\u0131n ilk y\u0131llar\u0131nda o kadar olmasam da \u00e7ocukken olu\u015fan zekayla herhalde ba\u015far\u0131l\u0131 oldu\u011fumu d\u00fc\u015f\u00fcn\u00fcyorum. Ama son senemde tamamen \u00e7al\u0131\u015fmam\u0131 artt\u0131rd\u0131m \u00e7\u00fcnk\u00fc \u00e7al\u0131\u015fmad\u0131\u011f\u0131m zamanda olmad\u0131\u011f\u0131n\u0131 net bir \u015fekilde g\u00f6rd\u00fcm. Sadece zeka bir i\u015fe yaram\u0131yor e\u011fer bende varsa zeka.&#8221; ifadelerini kulland\u0131.<\/p>\n<h3>Abla Kocab\u0131y\u0131k&#8217;\u0131n hedefi psikiyatrist olmak<\/h3>\n<p>Ayn\u0131 \u00fcniversitenin Uluslararas\u0131 T\u0131p Fak\u00fcltesi 6. s\u0131n\u0131f \u00f6\u011frencisi abla Selcan Beyza Kocab\u0131y\u0131k, T\u00fcrkiye 18.&#8217;si olarak kazand\u0131\u011f\u0131 b\u00f6l\u00fcmden mezun olurken T\u0131pta Uzmanl\u0131k S\u0131nav\u0131&#8217;na (TUS) haz\u0131rland\u0131\u011f\u0131n\u0131, psikiyatrist olmak istedi\u011fini anlatt\u0131.<\/p>\n<p><img decoding=\"async\" alt=\"\" src=\"https:\/\/admin.aa.com.tr\/uploads\/userFiles\/de89f914-66b1-4a0b-9347-13c0eafe70cc\/2023%2F09%2F20230901_2_60094423_92378278.jpg\"\/><\/p>\n<p>Karde\u015fine s\u0131nav d\u00f6neminde rol model olan abla Kocab\u0131y\u0131k, bu s\u00fcre\u00e7te dikkat etti\u011fi hususlarla ilgili olarak \u015f\u00f6yle konu\u015ftu:<\/p>\n<p>&#8220;Elimden geldi\u011fince \u00e7ok y\u00f6nlendirmeden ama her \u015feyi g\u00f6r\u00fcp analiz etti\u011finden emin olarak de\u011ferlendirmesi i\u00e7in u\u011fra\u015ft\u0131m. Buray\u0131 da gelip gezmesini istedim ama sadece kendi ya\u015fad\u0131klar\u0131m\u0131 payla\u015farak \u00e7ok y\u00f6nlendirici olmadan kendi yolunu bulmas\u0131n\u0131 istedim. Bana g\u00f6re t\u0131p fak\u00fcltesi ger\u00e7ekten \u00e7ok farkl\u0131 se\u00e7eneklere gidebilen bir b\u00f6l\u00fcm. Klinisyen olmak da ara\u015ft\u0131rmac\u0131 hekim olmak da m\u00fcmk\u00fcn.&#8221;<\/p>\n<p>Abla Kocab\u0131y\u0131k, \u00fcniversite s\u0131nav\u0131na haz\u0131rlanan gen\u00e7lere baz\u0131 tavsiyelerde bulunarak, &#8220;S\u0131nav s\u00fcrecinin ger\u00e7ekten en \u00f6nemli y\u00f6n\u00fc psikolojik dayan\u0131kl\u0131l\u0131k bence. \u00c7ok \u00e7al\u0131\u015fmay\u0131 uzun vadede s\u00fcrd\u00fcrebilmek her zaman m\u00fcmk\u00fcn olmuyor. En \u00f6nemli nokta irade oluyor bu konuda, sonras\u0131nda da kariyer se\u00e7eneklerini deneyimlerken her \u015feyi yerinde g\u00f6rmek ve deneyimleyenlerden fikir almak \u00e7ok \u00f6nemli. &#8221; ifadelerini kulland\u0131.<\/p>\n<p>                            <span class=\"detay-foto-editor\">&#13;<br \/>\n                                <a href=\"https:\/\/www.aa.com.tr\/tr\/p\/abonelik-talep-formu\/1001\" target=\"_blank\" style=\"font-size:12px; color:#444; text-decoration:none;\" rel=\"noopener\">&#13;<br \/>\n                                    Anadolu Ajans\u0131 web sitesinde, AA Haber Ak\u0131\u015f Sistemi (HAS) \u00fczerinden abonelere sunulan haberler, \u00f6zetlenerek yay\u0131mlanmaktad\u0131r. <b style=\"color:#1897F7\">Abonelik i\u00e7in l\u00fctfen ileti\u015fime ge\u00e7iniz.<\/b>&#13;<br \/>\n                                <\/a>&#13;<br \/>\n                            <\/span>\n                        <\/div>\n<p><script>\n\t  window.fbAsyncInit = function() {\n\t\tFB.init({\n\t\t  appId: '1855843514662870',\n\t\t  status : true, \/\/ check login status\n\t\t  cookie : true, \/\/ enable cookies to allow the server to access the session\n\t\t  xfbml  : true  \/\/ parse XFBML\n\t\t});\n\t  };<\/p>\n<p>\t  (function() {\n\t\tvar e = document.createElement('script');\n\t\te.src=\"https:\/\/connect.facebook.net\/tr_TR\/all.js\";\n\t\te.async = true;\n\t\tdocument.getElementById('fb-root').appendChild(e);\n\t  }());\n    <\/script><\/p>\n","protected":false},"excerpt":{"rendered":"<p>Ayn\u0131 \u00f6zel lisede burslu okuyan karde\u015flerden abla Selcan Beyza Kocab\u0131y\u0131k \u00fcniversiteye ge\u00e7i\u015f s\u0131nav\u0131nda T\u00fcrkiye 18.&#8217;si, karde\u015fi Ensar Kocab\u0131y\u0131k 41.&#8217;si oldu. Ayn\u0131 \u00fcniversitenin t\u0131p fak\u00fcltelerini 6 y\u0131l arayla kazanan Kocab\u0131y\u0131k karde\u015fler, 2023-2024 e\u011fitim \u00f6\u011fretim y\u0131l\u0131n\u0131 birlikte okuyacak. \u0130stanbul Medipol \u00dcniversitesi T\u0131p Fak\u00fcltesini kazanan Ensar Kocab\u0131y\u0131k, AA muhabirine, lisenin ilk y\u0131llar\u0131nda s\u0131nava dair yo\u011fun bir haz\u0131rl\u0131k yapmad\u0131\u011f\u0131n\u0131 [&hellip;]<\/p>\n","protected":false},"author":1,"featured_media":13147,"comment_status":"","ping_status":"","sticky":false,"template":"","format":"standard","meta":[],"categories":[50],"tags":[],"_links":{"self":[{"href":"https:\/\/kraios.app\/news\/wp-json\/wp\/v2\/posts\/13146"}],"collection":[{"href":"https:\/\/kraios.app\/news\/wp-json\/wp\/v2\/posts"}],"about":[{"href":"https:\/\/kraios.app\/news\/wp-json\/wp\/v2\/types\/post"}],"author":[{"embeddable":true,"href":"https:\/\/kraios.app\/news\/wp-json\/wp\/v2\/users\/1"}],"replies":[{"embeddable":true,"href":"https:\/\/kraios.app\/news\/wp-json\/wp\/v2\/comments?post=13146"}],"version-history":[{"count":0,"href":"https:\/\/kraios.app\/news\/wp-json\/wp\/v2\/posts\/13146\/revisions"}],"wp:featuredmedia":[{"embeddable":true,"href":"https:\/\/kraios.app\/news\/wp-json\/wp\/v2\/media\/13147"}],"wp:attachment":[{"href":"https:\/\/kraios.app\/news\/wp-json\/wp\/v2\/media?parent=13146"}],"wp:term":[{"taxonomy":"category","embeddable":true,"href":"https:\/\/kraios.app\/news\/wp-json\/wp\/v2\/categories?post=13146"},{"taxonomy":"post_tag","embeddable":true,"href":"https:\/\/kraios.app\/news\/wp-json\/wp\/v2\/tags?post=13146"}],"curies":[{"name":"wp","href":"https:\/\/api.w.org\/{rel}","templated":true}]}}