{"id":13116,"date":"2023-09-01T05:20:13","date_gmt":"2023-09-01T05:20:13","guid":{"rendered":"https:\/\/kraios.app\/news\/yasam\/2023\/09\/01\/aksarayli-64-yasindaki-gurbetci-yillardir-rengarenk-giyiniyor\/"},"modified":"2023-09-01T05:20:13","modified_gmt":"2023-09-01T05:20:13","slug":"aksarayli-64-yasindaki-gurbetci-yillardir-rengarenk-giyiniyor","status":"publish","type":"post","link":"https:\/\/kraios.app\/news\/yasam\/2023\/09\/01\/aksarayli-64-yasindaki-gurbetci-yillardir-rengarenk-giyiniyor\/","title":{"rendered":"Aksarayl\u0131 64 ya\u015f\u0131ndaki gurbet\u00e7i y\u0131llard\u0131r rengarenk giyiniyor"},"content":{"rendered":"<p>Hollanda&#8217;da ya\u015fayan 64 ya\u015f\u0131ndaki Aksarayl\u0131 gurbet\u00e7i Kadir Demir, ruh halini yans\u0131tt\u0131\u011f\u0131n\u0131 d\u00fc\u015f\u00fcnd\u00fc\u011f\u00fc rengarenk giysilerinden y\u0131llard\u0131r vazge\u00e7miyor.<\/p>\n","protected":false},"excerpt":{"rendered":"<p>Hollanda&#8217;da ya\u015fayan 64 ya\u015f\u0131ndaki Aksarayl\u0131 gurbet\u00e7i Kadir Demir, ruh halini yans\u0131tt\u0131\u011f\u0131n\u0131 d\u00fc\u015f\u00fcnd\u00fc\u011f\u00fc rengarenk giysilerinden y\u0131llard\u0131r vazge\u00e7miyor.<\/p>\n","protected":false},"author":1,"featured_media":13117,"comment_status":"","ping_status":"","sticky":false,"template":"","format":"standard","meta":[],"categories":[50],"tags":[],"_links":{"self":[{"href":"https:\/\/kraios.app\/news\/wp-json\/wp\/v2\/posts\/13116"}],"collection":[{"href":"https:\/\/kraios.app\/news\/wp-json\/wp\/v2\/posts"}],"about":[{"href":"https:\/\/kraios.app\/news\/wp-json\/wp\/v2\/types\/post"}],"author":[{"embeddable":true,"href":"https:\/\/kraios.app\/news\/wp-json\/wp\/v2\/users\/1"}],"replies":[{"embeddable":true,"href":"https:\/\/kraios.app\/news\/wp-json\/wp\/v2\/comments?post=13116"}],"version-history":[{"count":0,"href":"https:\/\/kraios.app\/news\/wp-json\/wp\/v2\/posts\/13116\/revisions"}],"wp:featuredmedia":[{"embeddable":true,"href":"https:\/\/kraios.app\/news\/wp-json\/wp\/v2\/media\/13117"}],"wp:attachment":[{"href":"https:\/\/kraios.app\/news\/wp-json\/wp\/v2\/media?parent=13116"}],"wp:term":[{"taxonomy":"category","embeddable":true,"href":"https:\/\/kraios.app\/news\/wp-json\/wp\/v2\/categories?post=13116"},{"taxonomy":"post_tag","embeddable":true,"href":"https:\/\/kraios.app\/news\/wp-json\/wp\/v2\/tags?post=13116"}],"curies":[{"name":"wp","href":"https:\/\/api.w.org\/{rel}","templated":true}]}}