{"id":13110,"date":"2023-09-01T02:42:06","date_gmt":"2023-09-01T02:42:06","guid":{"rendered":"https:\/\/kraios.app\/news\/ekonomi\/2023\/09\/01\/karadenize-ag-atacak-kirklarelili-balikcilar-av-yasaginin-sona-erecegi-saati-bekliyor\/"},"modified":"2023-09-01T02:42:06","modified_gmt":"2023-09-01T02:42:06","slug":"karadenize-ag-atacak-kirklarelili-balikcilar-av-yasaginin-sona-erecegi-saati-bekliyor","status":"publish","type":"post","link":"https:\/\/kraios.app\/news\/ekonomi\/2023\/09\/01\/karadenize-ag-atacak-kirklarelili-balikcilar-av-yasaginin-sona-erecegi-saati-bekliyor\/","title":{"rendered":"Karadeniz&#039;e a\u011f atacak K\u0131rklarelili bal\u0131k\u00e7\u0131lar, av yasa\u011f\u0131n\u0131n sona erece\u011fi saati bekliyor"},"content":{"rendered":"<p> <br \/>\n<br \/>K\u0131rklareli&#8217;nin Vize il\u00e7esine ba\u011fl\u0131 K\u0131y\u0131k\u00f6y beldesinde, bal\u0131k av\u0131 yasa\u011f\u0131n\u0131n sona erece\u011fi gece yar\u0131s\u0131ndan sonra Karadeniz&#8217;e a\u011f b\u0131rakacak bal\u0131k\u00e7\u0131lar i\u00e7in t\u00f6ren d\u00fczenlendi.<br \/>\n<br \/><br \/>\n<br \/><a href=\"https:\/\/www.aa.com.tr\/tr\/ekonomi\/karadenize-ag-atacak-kirklarelili-balikcilar-av-yasaginin-sona-erecegi-saati-bekliyor\/2980432\">Source link <\/a><\/p>\n","protected":false},"excerpt":{"rendered":"<p>K\u0131rklareli&#8217;nin Vize il\u00e7esine ba\u011fl\u0131 K\u0131y\u0131k\u00f6y beldesinde, bal\u0131k av\u0131 yasa\u011f\u0131n\u0131n sona erece\u011fi gece yar\u0131s\u0131ndan sonra Karadeniz&#8217;e a\u011f b\u0131rakacak bal\u0131k\u00e7\u0131lar i\u00e7in t\u00f6ren d\u00fczenlendi. Source link<\/p>\n","protected":false},"author":1,"featured_media":13111,"comment_status":"","ping_status":"","sticky":false,"template":"","format":"standard","meta":[],"categories":[44],"tags":[],"_links":{"self":[{"href":"https:\/\/kraios.app\/news\/wp-json\/wp\/v2\/posts\/13110"}],"collection":[{"href":"https:\/\/kraios.app\/news\/wp-json\/wp\/v2\/posts"}],"about":[{"href":"https:\/\/kraios.app\/news\/wp-json\/wp\/v2\/types\/post"}],"author":[{"embeddable":true,"href":"https:\/\/kraios.app\/news\/wp-json\/wp\/v2\/users\/1"}],"replies":[{"embeddable":true,"href":"https:\/\/kraios.app\/news\/wp-json\/wp\/v2\/comments?post=13110"}],"version-history":[{"count":0,"href":"https:\/\/kraios.app\/news\/wp-json\/wp\/v2\/posts\/13110\/revisions"}],"wp:featuredmedia":[{"embeddable":true,"href":"https:\/\/kraios.app\/news\/wp-json\/wp\/v2\/media\/13111"}],"wp:attachment":[{"href":"https:\/\/kraios.app\/news\/wp-json\/wp\/v2\/media?parent=13110"}],"wp:term":[{"taxonomy":"category","embeddable":true,"href":"https:\/\/kraios.app\/news\/wp-json\/wp\/v2\/categories?post=13110"},{"taxonomy":"post_tag","embeddable":true,"href":"https:\/\/kraios.app\/news\/wp-json\/wp\/v2\/tags?post=13110"}],"curies":[{"name":"wp","href":"https:\/\/api.w.org\/{rel}","templated":true}]}}