{"id":13108,"date":"2023-09-01T02:19:42","date_gmt":"2023-09-01T02:19:42","guid":{"rendered":"https:\/\/kraios.app\/news\/spor\/2023\/09\/01\/futbolcularimizla-gurur-duyuyoruz\/"},"modified":"2023-09-01T02:19:42","modified_gmt":"2023-09-01T02:19:42","slug":"futbolcularimizla-gurur-duyuyoruz","status":"publish","type":"post","link":"https:\/\/kraios.app\/news\/spor\/2023\/09\/01\/futbolcularimizla-gurur-duyuyoruz\/","title":{"rendered":"&#039;Futbolcular\u0131m\u0131zla gurur duyuyoruz&#039;"},"content":{"rendered":"<p>UEFA Avrupa Konferans Ligi play-off turu r\u00f6van\u015f\u0131nda Bel\u00e7ika ekibi Genk&#8217;e penalt\u0131larda 5-4 yenilerek turnuvadan elenen Yukatel Adana Demirspor&#8217;un teknik direkt\u00f6r\u00fc Patrick Kluivert, &#8220;Futbolcular\u0131m\u0131zla gurur duyuyoruz.&#8221; dedi.<\/p>\n","protected":false},"excerpt":{"rendered":"<p>UEFA Avrupa Konferans Ligi play-off turu r\u00f6van\u015f\u0131nda Bel\u00e7ika ekibi Genk&#8217;e penalt\u0131larda 5-4 yenilerek turnuvadan elenen Yukatel Adana Demirspor&#8217;un teknik direkt\u00f6r\u00fc Patrick Kluivert, &#8220;Futbolcular\u0131m\u0131zla gurur duyuyoruz.&#8221; dedi.<\/p>\n","protected":false},"author":1,"featured_media":13109,"comment_status":"","ping_status":"","sticky":false,"template":"","format":"standard","meta":[],"categories":[48],"tags":[],"_links":{"self":[{"href":"https:\/\/kraios.app\/news\/wp-json\/wp\/v2\/posts\/13108"}],"collection":[{"href":"https:\/\/kraios.app\/news\/wp-json\/wp\/v2\/posts"}],"about":[{"href":"https:\/\/kraios.app\/news\/wp-json\/wp\/v2\/types\/post"}],"author":[{"embeddable":true,"href":"https:\/\/kraios.app\/news\/wp-json\/wp\/v2\/users\/1"}],"replies":[{"embeddable":true,"href":"https:\/\/kraios.app\/news\/wp-json\/wp\/v2\/comments?post=13108"}],"version-history":[{"count":0,"href":"https:\/\/kraios.app\/news\/wp-json\/wp\/v2\/posts\/13108\/revisions"}],"wp:featuredmedia":[{"embeddable":true,"href":"https:\/\/kraios.app\/news\/wp-json\/wp\/v2\/media\/13109"}],"wp:attachment":[{"href":"https:\/\/kraios.app\/news\/wp-json\/wp\/v2\/media?parent=13108"}],"wp:term":[{"taxonomy":"category","embeddable":true,"href":"https:\/\/kraios.app\/news\/wp-json\/wp\/v2\/categories?post=13108"},{"taxonomy":"post_tag","embeddable":true,"href":"https:\/\/kraios.app\/news\/wp-json\/wp\/v2\/tags?post=13108"}],"curies":[{"name":"wp","href":"https:\/\/api.w.org\/{rel}","templated":true}]}}