{"id":13100,"date":"2023-08-31T21:58:08","date_gmt":"2023-08-31T21:58:08","guid":{"rendered":"https:\/\/kraios.app\/news\/ekonomi\/2023\/08\/31\/moodys-turkiye-ekonomisine-iliskin-buyume-tahminlerini-yukseltti\/"},"modified":"2023-08-31T21:58:08","modified_gmt":"2023-08-31T21:58:08","slug":"moodys-turkiye-ekonomisine-iliskin-buyume-tahminlerini-yukseltti","status":"publish","type":"post","link":"https:\/\/kraios.app\/news\/ekonomi\/2023\/08\/31\/moodys-turkiye-ekonomisine-iliskin-buyume-tahminlerini-yukseltti\/","title":{"rendered":"Moody&#8217;s T\u00fcrkiye ekonomisine ili\u015fkin b\u00fcy\u00fcme tahminlerini y\u00fckseltti"},"content":{"rendered":"<p> <br \/>\n<\/p>\n<div>\n<p>Moody&#8217;s, K\u00fcresel Makro G\u00f6r\u00fcn\u00fcm 2023-24 raporunun a\u011fustos say\u0131s\u0131n\u0131 yay\u0131mlad\u0131.<\/p>\n<p>Raporda, T\u00fcrkiye ekonomisinin bu y\u0131l y\u00fczde 4,2 ve gelecek y\u0131l y\u00fczde 3 b\u00fcy\u00fcmesinin beklendi\u011fi bildirildi.<\/p>\n<p>Moody&#8217;s, may\u0131s ay\u0131nda yay\u0131mlad\u0131\u011f\u0131 tahminlerinde T\u00fcrkiye ekonomisinin bu y\u0131l y\u00fczde 2,6 ve gelecek y\u0131l y\u00fczde 2 b\u00fcy\u00fcyece\u011fini \u00f6ng\u00f6rm\u00fc\u015ft\u00fc.<\/p>\n<p>Raporda, 2023 y\u0131l\u0131n\u0131n ilk yar\u0131s\u0131nda ABD, \u0130ngiltere, Kanada, Fransa, Brezilya, Meksika, Hindistan ve T\u00fcrkiye&#8217;nin de aralar\u0131nda bulundu\u011fu bir\u00e7ok \u00fclkede ekonomik faaliyetin beklentileri a\u015ft\u0131\u011f\u0131 aktar\u0131ld\u0131.<\/p>\n<p>Enflasyon tahminlerine de yer verilen raporda, T\u00fcrkiye&#8217;de y\u0131l sonu enflasyonun bu y\u0131l y\u00fczde 51,2 ve gelecek y\u0131l y\u00fczde 48,7 olmas\u0131n\u0131n beklendi\u011fi kaydedildi.<\/p>\n<h3>&#8220;S\u0131k\u0131 finansal ko\u015fullar k\u00fcresel ekonomik b\u00fcy\u00fcmeyi bask\u0131lamaya devam edecek&#8221;<\/h3>\n<p>Raporda, s\u0131k\u0131 finansal ko\u015fullar\u0131n bu y\u0131l k\u00fcresel ekonomik b\u00fcy\u00fcmeyi bask\u0131lamaya devam edece\u011fi ve b\u00fcy\u00fcmeyi 2024 y\u0131l\u0131nda trendin alt\u0131nda tutaca\u011f\u0131 belirtildi.<\/p>\n<p>G20 ekonomilerinin ge\u00e7en y\u0131l y\u00fczde 2,7 b\u00fcy\u00fcd\u00fc\u011f\u00fc an\u0131msat\u0131lan raporda, bu ekonomilerde b\u00fcy\u00fcmenin yava\u015flayarak bu y\u0131l y\u00fczde 2,5 ve gelecek y\u0131l y\u00fczde 2,1 olmas\u0131n\u0131n beklendi\u011fi aktar\u0131ld\u0131.<\/p>\n<p>Moody&#8217;s, bir \u00f6nceki tahminlerinde G20 ekonomilerinin bu y\u0131l y\u00fczde 2,1 ve gelecek y\u0131l y\u00fczde 2,2 b\u00fcy\u00fcyece\u011fini \u00f6ng\u00f6rm\u00fc\u015ft\u00fc.<\/p>\n<p>\u00c7in ekonomisinin \u00f6nemli b\u00fcy\u00fcme zorluklar\u0131yla kar\u015f\u0131 kar\u015f\u0131ya oldu\u011funa i\u015faret edilen raporda, \u00fclke ekonomisi i\u00e7in bu y\u0131la ili\u015fkin b\u00fcy\u00fcme tahmini y\u00fczde 5 olarak korunurken, 2024 y\u0131l\u0131 i\u00e7in y\u00fczde 4,5&#8217;ten y\u00fczde 4&#8217;e d\u00fc\u015f\u00fcr\u00fcld\u00fc.<\/p>\n<p>ABD&#8217;de ise resesyon riskinin azald\u0131\u011f\u0131 belirtilen raporda, ancak enflasyonun s\u00fcrd\u00fcr\u00fclebilir bir \u015fekilde ABD Merkez Bankas\u0131&#8217;n\u0131n (Fed) hedefine d\u00fc\u015fmesi i\u00e7in trendin alt\u0131nda \u00fcretim gerekti\u011fi aktar\u0131ld\u0131.<\/p>\n<p>Raporda, ABD ekonomisi i\u00e7in bu y\u0131la ili\u015fkin b\u00fcy\u00fcme tahmini y\u00fczde 1,1&#8217;den y\u00fczde 1,9&#8217;a ve gelecek y\u0131l i\u00e7in y\u00fczde 0,9&#8217;dan y\u00fczde 1&#8217;e y\u00fckseltildi.<\/p>\n<p>Enflasyonun beklendi\u011fi gibi d\u00fc\u015ft\u00fc\u011f\u00fc ve gelecek y\u0131l da d\u00fc\u015fmeye devam edece\u011fi belirtilen raporda, ancak risklerin s\u00fcrd\u00fc\u011f\u00fc aktar\u0131ld\u0131. Raporda, b\u00fcy\u00fck merkez bankalar\u0131n\u0131n 2024 y\u0131l\u0131na kadar k\u0131s\u0131tlay\u0131c\u0131 politika duru\u015flar\u0131n\u0131 s\u00fcrd\u00fcrece\u011fi belirtildi.<\/p>\n<p>                            <span class=\"detay-foto-editor\">&#13;<br \/>\n                                <a href=\"https:\/\/www.aa.com.tr\/tr\/p\/abonelik-talep-formu\/1001\" target=\"_blank\" style=\"font-size:12px; color:#444; text-decoration:none;\" rel=\"noopener\">&#13;<br \/>\n                                    Anadolu Ajans\u0131 web sitesinde, AA Haber Ak\u0131\u015f Sistemi (HAS) \u00fczerinden abonelere sunulan haberler, \u00f6zetlenerek yay\u0131mlanmaktad\u0131r. <b style=\"color:#1897F7\">Abonelik i\u00e7in l\u00fctfen ileti\u015fime ge\u00e7iniz.<\/b>&#13;<br \/>\n                                <\/a>&#13;<br \/>\n                            <\/span>\n                        <\/div>\n<p><script>\n\t  window.fbAsyncInit = function() {\n\t\tFB.init({\n\t\t  appId: '1855843514662870',\n\t\t  status : true, \/\/ check login status\n\t\t  cookie : true, \/\/ enable cookies to allow the server to access the session\n\t\t  xfbml  : true  \/\/ parse XFBML\n\t\t});\n\t  };<\/p>\n<p>\t  (function() {\n\t\tvar e = document.createElement('script');\n\t\te.src=\"https:\/\/connect.facebook.net\/tr_TR\/all.js\";\n\t\te.async = true;\n\t\tdocument.getElementById('fb-root').appendChild(e);\n\t  }());\n    <\/script><br \/>\n<br \/><br \/>\n<br \/><a href=\"https:\/\/www.aa.com.tr\/tr\/ekonomi\/moodys-turkiye-ekonomisine-iliskin-buyume-tahminlerini-yukseltti-\/2980591\">Source link <\/a><\/p>\n","protected":false},"excerpt":{"rendered":"<p>Moody&#8217;s, K\u00fcresel Makro G\u00f6r\u00fcn\u00fcm 2023-24 raporunun a\u011fustos say\u0131s\u0131n\u0131 yay\u0131mlad\u0131. Raporda, T\u00fcrkiye ekonomisinin bu y\u0131l y\u00fczde 4,2 ve gelecek y\u0131l y\u00fczde 3 b\u00fcy\u00fcmesinin beklendi\u011fi bildirildi. Moody&#8217;s, may\u0131s ay\u0131nda yay\u0131mlad\u0131\u011f\u0131 tahminlerinde T\u00fcrkiye ekonomisinin bu y\u0131l y\u00fczde 2,6 ve gelecek y\u0131l y\u00fczde 2 b\u00fcy\u00fcyece\u011fini \u00f6ng\u00f6rm\u00fc\u015ft\u00fc. Raporda, 2023 y\u0131l\u0131n\u0131n ilk yar\u0131s\u0131nda ABD, \u0130ngiltere, Kanada, Fransa, Brezilya, Meksika, Hindistan ve [&hellip;]<\/p>\n","protected":false},"author":1,"featured_media":13101,"comment_status":"","ping_status":"","sticky":false,"template":"","format":"standard","meta":[],"categories":[44],"tags":[],"_links":{"self":[{"href":"https:\/\/kraios.app\/news\/wp-json\/wp\/v2\/posts\/13100"}],"collection":[{"href":"https:\/\/kraios.app\/news\/wp-json\/wp\/v2\/posts"}],"about":[{"href":"https:\/\/kraios.app\/news\/wp-json\/wp\/v2\/types\/post"}],"author":[{"embeddable":true,"href":"https:\/\/kraios.app\/news\/wp-json\/wp\/v2\/users\/1"}],"replies":[{"embeddable":true,"href":"https:\/\/kraios.app\/news\/wp-json\/wp\/v2\/comments?post=13100"}],"version-history":[{"count":0,"href":"https:\/\/kraios.app\/news\/wp-json\/wp\/v2\/posts\/13100\/revisions"}],"wp:featuredmedia":[{"embeddable":true,"href":"https:\/\/kraios.app\/news\/wp-json\/wp\/v2\/media\/13101"}],"wp:attachment":[{"href":"https:\/\/kraios.app\/news\/wp-json\/wp\/v2\/media?parent=13100"}],"wp:term":[{"taxonomy":"category","embeddable":true,"href":"https:\/\/kraios.app\/news\/wp-json\/wp\/v2\/categories?post=13100"},{"taxonomy":"post_tag","embeddable":true,"href":"https:\/\/kraios.app\/news\/wp-json\/wp\/v2\/tags?post=13100"}],"curies":[{"name":"wp","href":"https:\/\/api.w.org\/{rel}","templated":true}]}}