{"id":13090,"date":"2023-08-31T21:57:00","date_gmt":"2023-08-31T21:57:00","guid":{"rendered":"https:\/\/kraios.app\/news\/spor\/2023\/08\/31\/guzel-bir-gun-oldu-mutluyuz\/"},"modified":"2023-08-31T21:57:00","modified_gmt":"2023-08-31T21:57:00","slug":"guzel-bir-gun-oldu-mutluyuz","status":"publish","type":"post","link":"https:\/\/kraios.app\/news\/spor\/2023\/08\/31\/guzel-bir-gun-oldu-mutluyuz\/","title":{"rendered":"&#8216;G\u00fczel bir g\u00fcn oldu, mutluyuz&#8217;"},"content":{"rendered":"<p><\/p>\n<div>\n<p>Be\u015fikta\u015f Park&#8217;ta oynanan kar\u015f\u0131la\u015fman\u0131n ard\u0131ndan d\u00fczenlenen bas\u0131n toplant\u0131s\u0131nda a\u00e7\u0131klamalarda bulunan G\u00fcne\u015f, g\u00f6sterilen performansla gruplara kat\u0131lmay\u0131 hak ettiklerini s\u00f6yledi.<\/p>\n<p>Oyun olarak iyi bir g\u00fcn oldu\u011funun alt\u0131n\u0131 \u00e7izen G\u00fcne\u015f, rakibe oynama izni vermediklerini de belirterek \u015fu a\u00e7\u0131klamay\u0131 yapt\u0131:<\/p>\n<p>&#8220;\u0130lk yar\u0131n\u0131n sonlar\u0131nda rakibe bir b\u00f6l\u00fcmde izin verdik. Kontrata\u011fa iyi \u00e7\u0131k\u0131yorlar. Bug\u00fcn \u00f6nemli bir imtihan oldu bizim i\u00e7in. B\u00fct\u00fcn oyuncular\u0131m\u0131z\u0131 tebrik ediyorum. Taraftar da hem stad\u0131 doldurdu hem heyecan ve sinerjisini sahaya yans\u0131tt\u0131. Pazar g\u00fcn\u00fc de buna ihtiyac\u0131m\u0131z var. Tak\u0131m fiziksel olarak yorgun olacakt\u0131r, zihinsel olarak da rehaveti \u00fczerimizden atmam\u0131z gerekiyor. Dinamo Kiev normal olarak k\u00f6t\u00fc bir d\u00f6nemden ge\u00e7iyor. Kaybettikleri i\u00e7in \u00fcz\u00fclmesinler. As\u0131l \u00fczg\u00fcn olunmas\u0131 gereken konular ba\u015fka. Y\u00f6netim ve ba\u015fkan\u0131n da bu sonuca ihtiyac\u0131 vard\u0131. G\u00fcc\u00fcm\u00fcz\u00fc kaybettirmek isteyen suni konular\u0131n bitmesini istiyoruz. Yakalad\u0131\u011f\u0131m\u0131z seri \u00f6ncesinde en son Sivasspor&#8217;a yenilmi\u015ftik ve yine Sivasspor&#8217;la oynayaca\u011f\u0131z. Bug\u00fcn g\u00fczel bir g\u00fcn oldu, mutluyuz.<\/p>\n<h3>&#8220;Taraftar\u0131n jestine te\u015fekk\u00fcr ediyorum&#8221;<\/h3>\n<p>Gemi\u015fte al\u0131nan ba\u015far\u0131 ve ba\u015far\u0131s\u0131zl\u0131klar\u0131n geride kald\u0131\u011f\u0131n\u0131, bunlardan ders almay\u0131 sevdi\u011fini vurgulayan G\u00fcne\u015f, &#8220;Bug\u00fcn de geride kald\u0131. Bir an \u00f6nce toparlan\u0131p pazar g\u00fcn\u00fcne haz\u0131rlanmam\u0131z gerekiyor. Taraftarlara ayr\u0131 bir parantez a\u00e7mak gerekiyor. Taraftar\u0131n sevgisi kar\u015f\u0131s\u0131nda bor\u00e7lu hissediyorum kendimi. Tak\u0131ma da ne kadar \u00e7ok sinerji verirseniz, olumlu olur. Tersi ise farkl\u0131 etki eder. Sahada i\u015fimi yaparken trib\u00fcne selam verdim, taraftar\u0131n jestine te\u015fekk\u00fcr ediyorum. Hatalar\u0131m\u0131z\u0131 ele\u015ftirirken moralimizi sarsmayal\u0131m ve saflar\u0131 s\u0131kla\u015ft\u0131ral\u0131m diyorum.&#8221; ifadelerini kulland\u0131.<\/p>\n<p>Tak\u0131m\u0131n\u0131n Dinamo Kiev kar\u015f\u0131s\u0131nda oynad\u0131\u011f\u0131 oyundan keyif ald\u0131\u011f\u0131n\u0131n da alt\u0131n\u0131 \u00e7izen G\u00fcne\u015f, \u015f\u00f6yle devam etti:<\/p>\n<p>&#8220;Oyunun ba\u015f\u0131ndan itibaren \u00f6nde bask\u0131 yapmak ve bunu 90 dakika yapmak keyif vericiydi. Pozisyonlar da vard\u0131. Golleri atsayd\u0131k 4&#8217;e, 5&#8217;e gidebilirdik. Rakibin \u00e7\u0131kmas\u0131na izin vermeden oynay\u0131p tekrar h\u00fccum etmek \u00f6nemliydi. Belki de en \u00e7ok gol ka\u00e7\u0131ran Muleka ama rakibi de \u00e7ok kovalad\u0131. Ayn\u0131 \u015fey Rashica i\u00e7in de ge\u00e7erli. \u0130ki kanat da \u00e7ok \u00e7al\u0131\u015fmak zorundayd\u0131. Skor lehimize oldu\u011funda da pozisyonlar bulduk. Gol yemeden kazand\u0131\u011f\u0131m\u0131z, rakibe \u00e7ok az pozisyon verdi\u011fimiz bir ma\u00e7ta \u00e7ok mutlu oldum. Taraftarlar\u0131n da mutlu oldu\u011funu d\u00fc\u015f\u00fcn\u00fcyorum. Bug\u00fcn oyuna giren isimler de olumluydu. Arada milli tak\u0131mlara gitmeyen isimleri de biraz \u00e7al\u0131\u015ft\u0131raca\u011f\u0131z. Ama \u00f6ncesinde pazar g\u00fcnk\u00fc ma\u00e7\u0131 atlatmam\u0131z laz\u0131m.&#8221;<\/p>\n<h3>&#8220;Yo\u011fun bir d\u00f6nem ya\u015fayaca\u011f\u0131z&#8221;<br \/><\/h3>\n<p>Oyuna sonradan giren isimlerin performans\u0131ndan dolay\u0131 mutlu oldu\u011funu vurgulayan \u015eenol G\u00fcne\u015f, yeni transferlerin tak\u0131ma uyumunun s\u00fcre alabilece\u011fini belirtti.<\/p>\n<p>Milli tak\u0131mlara giden oyuncular\u0131n eyl\u00fcl ay\u0131n\u0131n 13&#8217;\u00fcnde d\u00f6nece\u011fini ve hemen ard\u0131ndan lig ma\u00e7\u0131na \u00e7\u0131k\u0131laca\u011f\u0131n\u0131 dile getiren G\u00fcne\u015f, &#8220;Ekim ay\u0131na kadar olan bir d\u00f6nem var. Ligde 2 puan kayb\u0131m\u0131z var. Avrupa ma\u00e7lar\u0131 da olacak. Yo\u011fun bir d\u00f6nem ya\u015fayaca\u011f\u0131z. Bu arada transfer de bitmedi, hala devam ediyor. Bug\u00fcn oynad\u0131\u011f\u0131n oyuncu, yar\u0131n bir daha kar\u015f\u0131na \u00e7\u0131kabilir. \u015eimdi pazar g\u00fcnk\u00fc ma\u00e7a haz\u0131rlanaca\u011f\u0131z. Daha gruplardaki rakipler belli de\u011fil. Benim i\u015fim bir an \u00f6nce yar\u0131n tak\u0131m\u0131 toparlamak. Pendikspor kar\u015f\u0131s\u0131nda kazanaca\u011f\u0131m\u0131z bir ma\u00e7ta 2 puan kaybettik. \u015eimdi kafamda sadece Sivasspor ma\u00e7\u0131 var.&#8221; diye konu\u015ftu.<\/p>\n<p>Masuaku&#8217;nun yoklu\u011funda sol bekte forma giyen Onur Bulut&#8217;un dengeli ve ak\u0131ll\u0131 oynad\u0131\u011f\u0131n\u0131, Onur d\u0131\u015f\u0131ndaki isimlerin de sahada \u00e7ok iyi oldu\u011funu belirten G\u00fcne\u015f, s\u00f6zlerini \u015f\u00f6yle s\u00fcrd\u00fcrd\u00fc:<\/p>\n<p>&#8220;Rakip, kanatlar\u0131 \u00e7ok iyi kullan\u0131yordu. Hem Rashica hem de Muleka tempolu oynad\u0131. Bazen tercihlerimiz b\u00f6yle kar\u015f\u0131l\u0131\u011f\u0131n\u0131 buluyor. B\u00fct\u00fcn oyuncular\u0131m\u0131z\u0131 be\u011fendim. Transfer konusunda giden olabilir, kalan olabilir. Zaynutdinov&#8217;un sol bek mi, sa\u011f a\u00e7\u0131k m\u0131, sol stoper mi, orta saha m\u0131 oynayaca\u011f\u0131na karar verece\u011fiz. Zaten bunun i\u00e7in ald\u0131k. 3 g\u00fcnde bir ma\u00e7 yapaca\u011f\u0131z. Yorgunlu\u011fa g\u00f6re de karar verece\u011fiz. Mesela Sivasspor ma\u00e7\u0131ndaki kadroya daha karar vermedim. Pendikspor ma\u00e7\u0131nda tercihlerim, beklentilerin alt\u0131nda kald\u0131\u011f\u0131 i\u00e7in memnun kalmad\u0131m. Bug\u00fcn tercihlerim beklentilerimi kar\u015f\u0131lad\u0131\u011f\u0131 i\u00e7in memnun kald\u0131m. Pendikspor ma\u00e7\u0131nda 2 puan kaybettik ama belki de bir\u00e7ok \u015fey kazand\u0131k.&#8221;<\/p>\n<p>G\u00fcne\u015f, T\u00fcrk tak\u0131mlar\u0131n\u0131n Avrupa&#8217;da iyi bir hafta ya\u015fad\u0131\u011f\u0131n\u0131 da belirterek s\u00f6zlerini \u015f\u00f6yle sonland\u0131rd\u0131:<\/p>\n<p>&#8220;T\u00fcrkiye i\u00e7in g\u00fczel bir hafta oldu. Galatasaray, Fenerbah\u00e7e, biz gruplara kald\u0131k. Adana Demirspor da en son \u00f6ndeydi, in\u015fallah onlar da gruplara kal\u0131r.&#8221;<\/p>\n<p>                            <span class=\"detay-foto-editor\">&#13;<br \/>\n                                <a href=\"https:\/\/www.aa.com.tr\/tr\/p\/abonelik-talep-formu\/1001\" target=\"_blank\" style=\"font-size:12px; color:#444; text-decoration:none;\" rel=\"noopener\">&#13;<br \/>\n                                    Anadolu Ajans\u0131 web sitesinde, AA Haber Ak\u0131\u015f Sistemi (HAS) \u00fczerinden abonelere sunulan haberler, \u00f6zetlenerek yay\u0131mlanmaktad\u0131r. <b style=\"color:#1897F7\">Abonelik i\u00e7in l\u00fctfen ileti\u015fime ge\u00e7iniz.<\/b>&#13;<br \/>\n                                <\/a>&#13;<br \/>\n                            <\/span>\n                        <\/div>\n<p><script>\n\t  window.fbAsyncInit = function() {\n\t\tFB.init({\n\t\t  appId: '1855843514662870',\n\t\t  status : true, \/\/ check login status\n\t\t  cookie : true, \/\/ enable cookies to allow the server to access the session\n\t\t  xfbml  : true  \/\/ parse XFBML\n\t\t});\n\t  };<\/p>\n<p>\t  (function() {\n\t\tvar e = document.createElement('script');\n\t\te.src=\"https:\/\/connect.facebook.net\/tr_TR\/all.js\";\n\t\te.async = true;\n\t\tdocument.getElementById('fb-root').appendChild(e);\n\t  }());\n    <\/script><\/p>\n","protected":false},"excerpt":{"rendered":"<p>Be\u015fikta\u015f Park&#8217;ta oynanan kar\u015f\u0131la\u015fman\u0131n ard\u0131ndan d\u00fczenlenen bas\u0131n toplant\u0131s\u0131nda a\u00e7\u0131klamalarda bulunan G\u00fcne\u015f, g\u00f6sterilen performansla gruplara kat\u0131lmay\u0131 hak ettiklerini s\u00f6yledi. Oyun olarak iyi bir g\u00fcn oldu\u011funun alt\u0131n\u0131 \u00e7izen G\u00fcne\u015f, rakibe oynama izni vermediklerini de belirterek \u015fu a\u00e7\u0131klamay\u0131 yapt\u0131: &#8220;\u0130lk yar\u0131n\u0131n sonlar\u0131nda rakibe bir b\u00f6l\u00fcmde izin verdik. Kontrata\u011fa iyi \u00e7\u0131k\u0131yorlar. Bug\u00fcn \u00f6nemli bir imtihan oldu bizim i\u00e7in. B\u00fct\u00fcn [&hellip;]<\/p>\n","protected":false},"author":1,"featured_media":13091,"comment_status":"","ping_status":"","sticky":false,"template":"","format":"standard","meta":[],"categories":[48],"tags":[],"_links":{"self":[{"href":"https:\/\/kraios.app\/news\/wp-json\/wp\/v2\/posts\/13090"}],"collection":[{"href":"https:\/\/kraios.app\/news\/wp-json\/wp\/v2\/posts"}],"about":[{"href":"https:\/\/kraios.app\/news\/wp-json\/wp\/v2\/types\/post"}],"author":[{"embeddable":true,"href":"https:\/\/kraios.app\/news\/wp-json\/wp\/v2\/users\/1"}],"replies":[{"embeddable":true,"href":"https:\/\/kraios.app\/news\/wp-json\/wp\/v2\/comments?post=13090"}],"version-history":[{"count":0,"href":"https:\/\/kraios.app\/news\/wp-json\/wp\/v2\/posts\/13090\/revisions"}],"wp:featuredmedia":[{"embeddable":true,"href":"https:\/\/kraios.app\/news\/wp-json\/wp\/v2\/media\/13091"}],"wp:attachment":[{"href":"https:\/\/kraios.app\/news\/wp-json\/wp\/v2\/media?parent=13090"}],"wp:term":[{"taxonomy":"category","embeddable":true,"href":"https:\/\/kraios.app\/news\/wp-json\/wp\/v2\/categories?post=13090"},{"taxonomy":"post_tag","embeddable":true,"href":"https:\/\/kraios.app\/news\/wp-json\/wp\/v2\/tags?post=13090"}],"curies":[{"name":"wp","href":"https:\/\/api.w.org\/{rel}","templated":true}]}}