{"id":13088,"date":"2023-08-31T20:26:35","date_gmt":"2023-08-31T20:26:35","guid":{"rendered":"https:\/\/kraios.app\/news\/yasam\/2023\/08\/31\/karadagdaki-uzun-yatma-yarismasi-14-gundur-suruyor\/"},"modified":"2023-08-31T20:26:35","modified_gmt":"2023-08-31T20:26:35","slug":"karadagdaki-uzun-yatma-yarismasi-14-gundur-suruyor","status":"publish","type":"post","link":"https:\/\/kraios.app\/news\/yasam\/2023\/08\/31\/karadagdaki-uzun-yatma-yarismasi-14-gundur-suruyor\/","title":{"rendered":"Karada\u011f&#039;daki &quot;uzun yatma&quot; yar\u0131\u015fmas\u0131 14 g\u00fcnd\u00fcr s\u00fcr\u00fcyor"},"content":{"rendered":"<p>Bat\u0131 Balkanlar&#8217;\u0131n en k\u00fc\u00e7\u00fck \u00fclkesi Karada\u011f&#8217;\u0131n Niksic kenti yak\u0131nlar\u0131nda bulunan Brezna Etno k\u00f6y\u00fcnde, \u00fclkenin mizahi geleneklerinden &#8220;uzun yatma&#8221; yar\u0131\u015fmas\u0131na kat\u0131lanlar, 300 saati geride b\u0131rakt\u0131.<\/p>\n","protected":false},"excerpt":{"rendered":"<p>Bat\u0131 Balkanlar&#8217;\u0131n en k\u00fc\u00e7\u00fck \u00fclkesi Karada\u011f&#8217;\u0131n Niksic kenti yak\u0131nlar\u0131nda bulunan Brezna Etno k\u00f6y\u00fcnde, \u00fclkenin mizahi geleneklerinden &#8220;uzun yatma&#8221; yar\u0131\u015fmas\u0131na kat\u0131lanlar, 300 saati geride b\u0131rakt\u0131.<\/p>\n","protected":false},"author":1,"featured_media":13089,"comment_status":"","ping_status":"","sticky":false,"template":"","format":"standard","meta":[],"categories":[50],"tags":[],"_links":{"self":[{"href":"https:\/\/kraios.app\/news\/wp-json\/wp\/v2\/posts\/13088"}],"collection":[{"href":"https:\/\/kraios.app\/news\/wp-json\/wp\/v2\/posts"}],"about":[{"href":"https:\/\/kraios.app\/news\/wp-json\/wp\/v2\/types\/post"}],"author":[{"embeddable":true,"href":"https:\/\/kraios.app\/news\/wp-json\/wp\/v2\/users\/1"}],"replies":[{"embeddable":true,"href":"https:\/\/kraios.app\/news\/wp-json\/wp\/v2\/comments?post=13088"}],"version-history":[{"count":0,"href":"https:\/\/kraios.app\/news\/wp-json\/wp\/v2\/posts\/13088\/revisions"}],"wp:featuredmedia":[{"embeddable":true,"href":"https:\/\/kraios.app\/news\/wp-json\/wp\/v2\/media\/13089"}],"wp:attachment":[{"href":"https:\/\/kraios.app\/news\/wp-json\/wp\/v2\/media?parent=13088"}],"wp:term":[{"taxonomy":"category","embeddable":true,"href":"https:\/\/kraios.app\/news\/wp-json\/wp\/v2\/categories?post=13088"},{"taxonomy":"post_tag","embeddable":true,"href":"https:\/\/kraios.app\/news\/wp-json\/wp\/v2\/tags?post=13088"}],"curies":[{"name":"wp","href":"https:\/\/api.w.org\/{rel}","templated":true}]}}