{"id":13080,"date":"2023-08-31T17:20:17","date_gmt":"2023-08-31T17:20:17","guid":{"rendered":"https:\/\/kraios.app\/news\/spor\/2023\/08\/31\/galatasaray-a-grubunda-bayern-munih-manchester-united-ve-kopenhag-ile-eslesti\/"},"modified":"2023-08-31T17:20:17","modified_gmt":"2023-08-31T17:20:17","slug":"galatasaray-a-grubunda-bayern-munih-manchester-united-ve-kopenhag-ile-eslesti","status":"publish","type":"post","link":"https:\/\/kraios.app\/news\/spor\/2023\/08\/31\/galatasaray-a-grubunda-bayern-munih-manchester-united-ve-kopenhag-ile-eslesti\/","title":{"rendered":"Galatasaray, A Grubu&#8217;nda Bayern M\u00fcnih, Manchester United ve Kopenhag ile e\u015fle\u015fti"},"content":{"rendered":"<p><\/p>\n<div>\n<p>Avrupa futbolunun kul\u00fcp d\u00fczeyindeki en \u00f6nemli organizasyonunda gruplar, Monako&#8217;daki Grimaldi Forum&#8217;da ger\u00e7ekle\u015ftirilen \u00e7ekili\u015fle belirlendi.<\/p>\n<p>Eski futbolcular Eric Abidal ve Joe Cole&#8217;un yapt\u0131\u011f\u0131 kura \u00e7ekimine 4. torbadan kat\u0131lan Galatasaray, Almanya&#8217;n\u0131n Bayern M\u00fcnih, \u0130ngiltere&#8217;nin Manchester United ve Danimarka&#8217;n\u0131n Kopenhag tak\u0131mlar\u0131n\u0131n bulundu\u011fu A Grubu&#8217;nda yer ald\u0131.<\/p>\n<p><em style=\"color:#9c9c9c;\"><a href=\"https:\/\/www.aa.com.tr\/tr\/info\/infografik\/35570\" target=\"_blank\" rel=\"noopener\"><img decoding=\"async\" alt=\"\" src=\"https:\/\/admin.aa.com.tr\/uploads\/userFiles\/54a427bf-71c5-4e63-a83d-6196709e92a3\/009_2023%2F005_2023%2F01_Agustos%2F21%2F750.jpg\"\/><\/a><\/em><\/p>\n<p>19 Eyl\u00fcl&#8217;de ba\u015flayacak grup ma\u00e7lar\u0131, 13 Aral\u0131k&#8217;ta sona erecek. D\u00f6rderli 8 grupta yap\u0131lacak 6&#8217;\u015far kar\u015f\u0131la\u015fman\u0131n ard\u0131ndan ilk 2 s\u0131ray\u0131 alan tak\u0131mlar, son 16 turuna y\u00fckselecek. \u00dc\u00e7\u00fcnc\u00fcler ise yollar\u0131na UEFA Avrupa Ligi play-off turunda devam edecek.<\/p>\n<p>Ekipler, son 16 turundan itibaren iki ma\u00e7l\u0131 eleme usul\u00fcyle oynanacak e\u015fle\u015fmelerden galip \u00e7\u0131karak finale y\u00fckselmeye \u00e7al\u0131\u015facak.<\/p>\n<p><a href=\"https:\/\/www.aa.com.tr\/tr\/info\/infografik\/35571\" target=\"_blank\" rel=\"noopener\"><img decoding=\"async\" alt=\"\" src=\"https:\/\/www.aa.com.tr\/uploads\/userFiles\/54a427bf-71c5-4e63-a83d-6196709e92a3\/009_2023%2F005_2023%2F01_Agustos%2F20%2FNew%20folder%2F750.jpg\"\/><\/a><\/p>\n<p>Ge\u00e7en sezon Manchester City&#8217;nin mutlu sona ula\u015ft\u0131\u011f\u0131 UEFA \u015eampiyonlar Ligi&#8217;nin 2024 finali, 1 Haziran&#8217;da \u0130ngiltere&#8217;nin ba\u015fkenti Londra&#8217;daki Wembley Stad\u0131&#8217;nda oynanacak.<\/p>\n<p>Kura sonucu belirlenen 8 grup \u015f\u00f6yle:<\/p>\n<p><strong>A Grubu:<\/strong> Bayern M\u00fcnih (Almanya), Manchester United (\u0130ngiltere), Kopenhag (Danimarka), <strong>Galatasaray<\/strong><\/p>\n<p><strong>B Grubu:<\/strong> Sevilla (\u0130spanya), Arsenal (\u0130ngiltere), PSV Eindhoven (Hollanda), Lens (Fransa)<\/p>\n<p><strong>C Grubu:<\/strong> Napoli (\u0130talya), Real Madrid (\u0130spanya), Braga (Portekiz), Union Berlin (Almanya)<\/p>\n<p><strong>D Grubu:<\/strong> Benfica (Portekiz), Inter (\u0130talya), Salzburg (Avusturya), Real Sociedad (\u0130spanya)<\/p>\n<p><strong>E Grubu:<\/strong> Feyenoord (Hollanda), Atletico Madrid (\u0130spanya), Lazio (\u0130talya), Celtic (\u0130sko\u00e7ya)<\/p>\n<p><strong>F Grubu:<\/strong> Paris Saint-Germain (Fransa), Borussia Dortmund (Almanya), Milan (\u0130talya), Newcastle United (\u0130ngiltere)<\/p>\n<p><strong>G Grubu:<\/strong> Manchester City (\u0130ngiltere), Leipzig (Almanya), K\u0131z\u0131ly\u0131ld\u0131z (S\u0131rbistan), Young Boys (\u0130svi\u00e7re)<\/p>\n<p><strong>H Grubu: <\/strong>Barcelona (\u0130spanya), Porto (Portekiz), Shakhtar Donetsk (Ukrayna), Royal Antwerp (Bel\u00e7ika)<\/p>\n<p>                            <span class=\"detay-foto-editor\">&#13;<br \/>\n                                <a href=\"https:\/\/www.aa.com.tr\/tr\/p\/abonelik-talep-formu\/1001\" target=\"_blank\" style=\"font-size:12px; color:#444; text-decoration:none;\" rel=\"noopener\">&#13;<br \/>\n                                    Anadolu Ajans\u0131 web sitesinde, AA Haber Ak\u0131\u015f Sistemi (HAS) \u00fczerinden abonelere sunulan haberler, \u00f6zetlenerek yay\u0131mlanmaktad\u0131r. <b style=\"color:#1897F7\">Abonelik i\u00e7in l\u00fctfen ileti\u015fime ge\u00e7iniz.<\/b>&#13;<br \/>\n                                <\/a>&#13;<br \/>\n                            <\/span>\n                        <\/div>\n<p><script>\n\t  window.fbAsyncInit = function() {\n\t\tFB.init({\n\t\t  appId: '1855843514662870',\n\t\t  status : true, \/\/ check login status\n\t\t  cookie : true, \/\/ enable cookies to allow the server to access the session\n\t\t  xfbml  : true  \/\/ parse XFBML\n\t\t});\n\t  };<\/p>\n<p>\t  (function() {\n\t\tvar e = document.createElement('script');\n\t\te.src=\"https:\/\/connect.facebook.net\/tr_TR\/all.js\";\n\t\te.async = true;\n\t\tdocument.getElementById('fb-root').appendChild(e);\n\t  }());\n    <\/script><\/p>\n","protected":false},"excerpt":{"rendered":"<p>Avrupa futbolunun kul\u00fcp d\u00fczeyindeki en \u00f6nemli organizasyonunda gruplar, Monako&#8217;daki Grimaldi Forum&#8217;da ger\u00e7ekle\u015ftirilen \u00e7ekili\u015fle belirlendi. Eski futbolcular Eric Abidal ve Joe Cole&#8217;un yapt\u0131\u011f\u0131 kura \u00e7ekimine 4. torbadan kat\u0131lan Galatasaray, Almanya&#8217;n\u0131n Bayern M\u00fcnih, \u0130ngiltere&#8217;nin Manchester United ve Danimarka&#8217;n\u0131n Kopenhag tak\u0131mlar\u0131n\u0131n bulundu\u011fu A Grubu&#8217;nda yer ald\u0131. 19 Eyl\u00fcl&#8217;de ba\u015flayacak grup ma\u00e7lar\u0131, 13 Aral\u0131k&#8217;ta sona erecek. D\u00f6rderli 8 grupta [&hellip;]<\/p>\n","protected":false},"author":1,"featured_media":13081,"comment_status":"","ping_status":"","sticky":false,"template":"","format":"standard","meta":[],"categories":[48],"tags":[],"_links":{"self":[{"href":"https:\/\/kraios.app\/news\/wp-json\/wp\/v2\/posts\/13080"}],"collection":[{"href":"https:\/\/kraios.app\/news\/wp-json\/wp\/v2\/posts"}],"about":[{"href":"https:\/\/kraios.app\/news\/wp-json\/wp\/v2\/types\/post"}],"author":[{"embeddable":true,"href":"https:\/\/kraios.app\/news\/wp-json\/wp\/v2\/users\/1"}],"replies":[{"embeddable":true,"href":"https:\/\/kraios.app\/news\/wp-json\/wp\/v2\/comments?post=13080"}],"version-history":[{"count":0,"href":"https:\/\/kraios.app\/news\/wp-json\/wp\/v2\/posts\/13080\/revisions"}],"wp:featuredmedia":[{"embeddable":true,"href":"https:\/\/kraios.app\/news\/wp-json\/wp\/v2\/media\/13081"}],"wp:attachment":[{"href":"https:\/\/kraios.app\/news\/wp-json\/wp\/v2\/media?parent=13080"}],"wp:term":[{"taxonomy":"category","embeddable":true,"href":"https:\/\/kraios.app\/news\/wp-json\/wp\/v2\/categories?post=13080"},{"taxonomy":"post_tag","embeddable":true,"href":"https:\/\/kraios.app\/news\/wp-json\/wp\/v2\/tags?post=13080"}],"curies":[{"name":"wp","href":"https:\/\/api.w.org\/{rel}","templated":true}]}}