{"id":13076,"date":"2023-08-31T15:20:09","date_gmt":"2023-08-31T15:20:09","guid":{"rendered":"https:\/\/kraios.app\/news\/yasam\/2023\/08\/31\/japonyada-90-yasindaki-dagci-tekerlekli-sandalyeyle-fuji-dagina-tirmandi\/"},"modified":"2023-08-31T15:20:09","modified_gmt":"2023-08-31T15:20:09","slug":"japonyada-90-yasindaki-dagci-tekerlekli-sandalyeyle-fuji-dagina-tirmandi","status":"publish","type":"post","link":"https:\/\/kraios.app\/news\/yasam\/2023\/08\/31\/japonyada-90-yasindaki-dagci-tekerlekli-sandalyeyle-fuji-dagina-tirmandi\/","title":{"rendered":"Japonya&#039;da 90 ya\u015f\u0131ndaki da\u011fc\u0131, tekerlekli sandalyeyle Fuji Da\u011f\u0131&#039;na t\u0131rmand\u0131"},"content":{"rendered":"<p>Japonya&#8217;da 90 ya\u015f\u0131ndaki Miura Yuichiro, tekerlekli sandalyesinde Fuji Da\u011f\u0131&#8217;n\u0131n zirvesine ula\u015ft\u0131.<\/p>\n","protected":false},"excerpt":{"rendered":"<p>Japonya&#8217;da 90 ya\u015f\u0131ndaki Miura Yuichiro, tekerlekli sandalyesinde Fuji Da\u011f\u0131&#8217;n\u0131n zirvesine ula\u015ft\u0131.<\/p>\n","protected":false},"author":1,"featured_media":13077,"comment_status":"","ping_status":"","sticky":false,"template":"","format":"standard","meta":[],"categories":[50],"tags":[],"_links":{"self":[{"href":"https:\/\/kraios.app\/news\/wp-json\/wp\/v2\/posts\/13076"}],"collection":[{"href":"https:\/\/kraios.app\/news\/wp-json\/wp\/v2\/posts"}],"about":[{"href":"https:\/\/kraios.app\/news\/wp-json\/wp\/v2\/types\/post"}],"author":[{"embeddable":true,"href":"https:\/\/kraios.app\/news\/wp-json\/wp\/v2\/users\/1"}],"replies":[{"embeddable":true,"href":"https:\/\/kraios.app\/news\/wp-json\/wp\/v2\/comments?post=13076"}],"version-history":[{"count":0,"href":"https:\/\/kraios.app\/news\/wp-json\/wp\/v2\/posts\/13076\/revisions"}],"wp:featuredmedia":[{"embeddable":true,"href":"https:\/\/kraios.app\/news\/wp-json\/wp\/v2\/media\/13077"}],"wp:attachment":[{"href":"https:\/\/kraios.app\/news\/wp-json\/wp\/v2\/media?parent=13076"}],"wp:term":[{"taxonomy":"category","embeddable":true,"href":"https:\/\/kraios.app\/news\/wp-json\/wp\/v2\/categories?post=13076"},{"taxonomy":"post_tag","embeddable":true,"href":"https:\/\/kraios.app\/news\/wp-json\/wp\/v2\/tags?post=13076"}],"curies":[{"name":"wp","href":"https:\/\/api.w.org\/{rel}","templated":true}]}}