{"id":13070,"date":"2023-08-31T12:20:14","date_gmt":"2023-08-31T12:20:14","guid":{"rendered":"https:\/\/kraios.app\/news\/ekonomi\/2023\/08\/31\/bakan-isikhan-calisanlarimizi-enflasyon-karsisinda-korumaya-devam-edecegiz\/"},"modified":"2023-08-31T12:20:14","modified_gmt":"2023-08-31T12:20:14","slug":"bakan-isikhan-calisanlarimizi-enflasyon-karsisinda-korumaya-devam-edecegiz","status":"publish","type":"post","link":"https:\/\/kraios.app\/news\/ekonomi\/2023\/08\/31\/bakan-isikhan-calisanlarimizi-enflasyon-karsisinda-korumaya-devam-edecegiz\/","title":{"rendered":"Bakan I\u015f\u0131khan: \u00c7al\u0131\u015fanlar\u0131m\u0131z\u0131 enflasyon kar\u015f\u0131s\u0131nda korumaya devam edece\u011fiz"},"content":{"rendered":"<p> <br \/>\n<br \/>Bakan I\u015f\u0131khan, memur ve memur emeklilerine y\u00f6nelik toplu s\u00f6zle\u015fmenin t\u00fcm payda\u015flar i\u00e7in hay\u0131rl\u0131 olmas\u0131n\u0131 temenni ederek &#8220;Sosyal devlet anlay\u0131\u015f\u0131m\u0131zla \u00e7al\u0131\u015fanlar\u0131m\u0131z\u0131 enflasyon kar\u015f\u0131s\u0131nda korumaya devam edece\u011fiz.&#8221; de\u011ferlendirmesinde bulundu.<br \/>\n<br \/><br \/>\n<br \/><a href=\"https:\/\/www.aa.com.tr\/tr\/ekonomi\/bakan-isikhan-calisanlarimizi-enflasyon-karsisinda-korumaya-devam-edecegiz\/2980139\">Source link <\/a><\/p>\n","protected":false},"excerpt":{"rendered":"<p>Bakan I\u015f\u0131khan, memur ve memur emeklilerine y\u00f6nelik toplu s\u00f6zle\u015fmenin t\u00fcm payda\u015flar i\u00e7in hay\u0131rl\u0131 olmas\u0131n\u0131 temenni ederek &#8220;Sosyal devlet anlay\u0131\u015f\u0131m\u0131zla \u00e7al\u0131\u015fanlar\u0131m\u0131z\u0131 enflasyon kar\u015f\u0131s\u0131nda korumaya devam edece\u011fiz.&#8221; de\u011ferlendirmesinde bulundu. Source link<\/p>\n","protected":false},"author":1,"featured_media":13071,"comment_status":"","ping_status":"","sticky":false,"template":"","format":"standard","meta":[],"categories":[44],"tags":[],"_links":{"self":[{"href":"https:\/\/kraios.app\/news\/wp-json\/wp\/v2\/posts\/13070"}],"collection":[{"href":"https:\/\/kraios.app\/news\/wp-json\/wp\/v2\/posts"}],"about":[{"href":"https:\/\/kraios.app\/news\/wp-json\/wp\/v2\/types\/post"}],"author":[{"embeddable":true,"href":"https:\/\/kraios.app\/news\/wp-json\/wp\/v2\/users\/1"}],"replies":[{"embeddable":true,"href":"https:\/\/kraios.app\/news\/wp-json\/wp\/v2\/comments?post=13070"}],"version-history":[{"count":0,"href":"https:\/\/kraios.app\/news\/wp-json\/wp\/v2\/posts\/13070\/revisions"}],"wp:featuredmedia":[{"embeddable":true,"href":"https:\/\/kraios.app\/news\/wp-json\/wp\/v2\/media\/13071"}],"wp:attachment":[{"href":"https:\/\/kraios.app\/news\/wp-json\/wp\/v2\/media?parent=13070"}],"wp:term":[{"taxonomy":"category","embeddable":true,"href":"https:\/\/kraios.app\/news\/wp-json\/wp\/v2\/categories?post=13070"},{"taxonomy":"post_tag","embeddable":true,"href":"https:\/\/kraios.app\/news\/wp-json\/wp\/v2\/tags?post=13070"}],"curies":[{"name":"wp","href":"https:\/\/api.w.org\/{rel}","templated":true}]}}