{"id":13068,"date":"2023-08-31T12:09:36","date_gmt":"2023-08-31T12:09:36","guid":{"rendered":"https:\/\/kraios.app\/news\/spor\/2023\/08\/31\/milli-sporcu-yasir-kuduban-sivastan-altin-madalya-ile-donmeyi-hedefliyor\/"},"modified":"2023-08-31T12:09:36","modified_gmt":"2023-08-31T12:09:36","slug":"milli-sporcu-yasir-kuduban-sivastan-altin-madalya-ile-donmeyi-hedefliyor","status":"publish","type":"post","link":"https:\/\/kraios.app\/news\/spor\/2023\/08\/31\/milli-sporcu-yasir-kuduban-sivastan-altin-madalya-ile-donmeyi-hedefliyor\/","title":{"rendered":"Milli sporcu Yasir Kuduban, Sivas&#039;tan alt\u0131n madalya ile d\u00f6nmeyi hedefliyor"},"content":{"rendered":"<p>Trabzon&#8217;da ortaokul e\u011fitimi s\u0131ras\u0131nda y\u00fcksek atlama yetene\u011finin fark edilmesi ile bu spora y\u00f6nelen Yasir Kuduban, 7 y\u0131lda kat\u0131ld\u0131\u011f\u0131 ulusal ve uluslararas\u0131 yar\u0131\u015fmalarda \u00e7e\u015fitli dereceler elde etti.<\/p>\n","protected":false},"excerpt":{"rendered":"<p>Trabzon&#8217;da ortaokul e\u011fitimi s\u0131ras\u0131nda y\u00fcksek atlama yetene\u011finin fark edilmesi ile bu spora y\u00f6nelen Yasir Kuduban, 7 y\u0131lda kat\u0131ld\u0131\u011f\u0131 ulusal ve uluslararas\u0131 yar\u0131\u015fmalarda \u00e7e\u015fitli dereceler elde etti.<\/p>\n","protected":false},"author":1,"featured_media":13069,"comment_status":"","ping_status":"","sticky":false,"template":"","format":"standard","meta":[],"categories":[48],"tags":[],"_links":{"self":[{"href":"https:\/\/kraios.app\/news\/wp-json\/wp\/v2\/posts\/13068"}],"collection":[{"href":"https:\/\/kraios.app\/news\/wp-json\/wp\/v2\/posts"}],"about":[{"href":"https:\/\/kraios.app\/news\/wp-json\/wp\/v2\/types\/post"}],"author":[{"embeddable":true,"href":"https:\/\/kraios.app\/news\/wp-json\/wp\/v2\/users\/1"}],"replies":[{"embeddable":true,"href":"https:\/\/kraios.app\/news\/wp-json\/wp\/v2\/comments?post=13068"}],"version-history":[{"count":0,"href":"https:\/\/kraios.app\/news\/wp-json\/wp\/v2\/posts\/13068\/revisions"}],"wp:featuredmedia":[{"embeddable":true,"href":"https:\/\/kraios.app\/news\/wp-json\/wp\/v2\/media\/13069"}],"wp:attachment":[{"href":"https:\/\/kraios.app\/news\/wp-json\/wp\/v2\/media?parent=13068"}],"wp:term":[{"taxonomy":"category","embeddable":true,"href":"https:\/\/kraios.app\/news\/wp-json\/wp\/v2\/categories?post=13068"},{"taxonomy":"post_tag","embeddable":true,"href":"https:\/\/kraios.app\/news\/wp-json\/wp\/v2\/tags?post=13068"}],"curies":[{"name":"wp","href":"https:\/\/api.w.org\/{rel}","templated":true}]}}