{"id":13046,"date":"2023-08-30T22:20:04","date_gmt":"2023-08-30T22:20:04","guid":{"rendered":"https:\/\/kraios.app\/news\/yasam\/2023\/08\/30\/ankaradaki-tarihi-mekanlara-30-agustos-zafer-bayraminda-isikla-turk-bayragi-yansitildi\/"},"modified":"2023-08-30T22:20:04","modified_gmt":"2023-08-30T22:20:04","slug":"ankaradaki-tarihi-mekanlara-30-agustos-zafer-bayraminda-isikla-turk-bayragi-yansitildi","status":"publish","type":"post","link":"https:\/\/kraios.app\/news\/yasam\/2023\/08\/30\/ankaradaki-tarihi-mekanlara-30-agustos-zafer-bayraminda-isikla-turk-bayragi-yansitildi\/","title":{"rendered":"Ankara&#039;daki tarihi mekanlara 30 A\u011fustos Zafer Bayram\u0131&#039;nda \u0131\u015f\u0131kla T\u00fcrk bayra\u011f\u0131 yans\u0131t\u0131ld\u0131"},"content":{"rendered":"<p>Cumhurba\u015fkanl\u0131\u011f\u0131 \u0130leti\u015fim Ba\u015fkanl\u0131\u011f\u0131nca 30 A\u011fustos Zafer Bayram\u0131 etkinlikleri kapsam\u0131nda Ankara&#8217;daki tarihi mekanlar T\u00fcrk bayra\u011f\u0131yla \u0131\u015f\u0131kland\u0131r\u0131ld\u0131.<\/p>\n","protected":false},"excerpt":{"rendered":"<p>Cumhurba\u015fkanl\u0131\u011f\u0131 \u0130leti\u015fim Ba\u015fkanl\u0131\u011f\u0131nca 30 A\u011fustos Zafer Bayram\u0131 etkinlikleri kapsam\u0131nda Ankara&#8217;daki tarihi mekanlar T\u00fcrk bayra\u011f\u0131yla \u0131\u015f\u0131kland\u0131r\u0131ld\u0131.<\/p>\n","protected":false},"author":1,"featured_media":13047,"comment_status":"","ping_status":"","sticky":false,"template":"","format":"standard","meta":[],"categories":[50],"tags":[],"_links":{"self":[{"href":"https:\/\/kraios.app\/news\/wp-json\/wp\/v2\/posts\/13046"}],"collection":[{"href":"https:\/\/kraios.app\/news\/wp-json\/wp\/v2\/posts"}],"about":[{"href":"https:\/\/kraios.app\/news\/wp-json\/wp\/v2\/types\/post"}],"author":[{"embeddable":true,"href":"https:\/\/kraios.app\/news\/wp-json\/wp\/v2\/users\/1"}],"replies":[{"embeddable":true,"href":"https:\/\/kraios.app\/news\/wp-json\/wp\/v2\/comments?post=13046"}],"version-history":[{"count":0,"href":"https:\/\/kraios.app\/news\/wp-json\/wp\/v2\/posts\/13046\/revisions"}],"wp:featuredmedia":[{"embeddable":true,"href":"https:\/\/kraios.app\/news\/wp-json\/wp\/v2\/media\/13047"}],"wp:attachment":[{"href":"https:\/\/kraios.app\/news\/wp-json\/wp\/v2\/media?parent=13046"}],"wp:term":[{"taxonomy":"category","embeddable":true,"href":"https:\/\/kraios.app\/news\/wp-json\/wp\/v2\/categories?post=13046"},{"taxonomy":"post_tag","embeddable":true,"href":"https:\/\/kraios.app\/news\/wp-json\/wp\/v2\/tags?post=13046"}],"curies":[{"name":"wp","href":"https:\/\/api.w.org\/{rel}","templated":true}]}}