{"id":13036,"date":"2023-08-30T19:20:41","date_gmt":"2023-08-30T19:20:41","guid":{"rendered":"https:\/\/kraios.app\/news\/ekonomi\/2023\/08\/30\/bakan-isikhan-memur-ve-memur-emeklileri-zammi-sureci-yarin-sonlanacak\/"},"modified":"2023-08-30T19:20:41","modified_gmt":"2023-08-30T19:20:41","slug":"bakan-isikhan-memur-ve-memur-emeklileri-zammi-sureci-yarin-sonlanacak","status":"publish","type":"post","link":"https:\/\/kraios.app\/news\/ekonomi\/2023\/08\/30\/bakan-isikhan-memur-ve-memur-emeklileri-zammi-sureci-yarin-sonlanacak\/","title":{"rendered":"Bakan I\u015f\u0131khan: Memur ve memur emeklileri zamm\u0131 s\u00fcreci yar\u0131n sonlanacak"},"content":{"rendered":"<p> <br \/>\n<br \/>\u00c7al\u0131\u015fma ve Sosyal G\u00fcvenlik Bakan\u0131 I\u015f\u0131khan, &#8220;Memur ve memur emeklileri zamm\u0131 s\u00fcreci yar\u0131n sonlanacak, takdir Hakem Heyetinindir.&#8221; dedi.<br \/>\n<br \/><br \/>\n<br \/><a href=\"https:\/\/www.aa.com.tr\/tr\/ekonomi\/bakan-isikhan-memur-ve-memur-emeklileri-zammi-sureci-yarin-sonlanacak\/2979526\">Source link <\/a><\/p>\n","protected":false},"excerpt":{"rendered":"<p>\u00c7al\u0131\u015fma ve Sosyal G\u00fcvenlik Bakan\u0131 I\u015f\u0131khan, &#8220;Memur ve memur emeklileri zamm\u0131 s\u00fcreci yar\u0131n sonlanacak, takdir Hakem Heyetinindir.&#8221; dedi. Source link<\/p>\n","protected":false},"author":1,"featured_media":13037,"comment_status":"","ping_status":"","sticky":false,"template":"","format":"standard","meta":[],"categories":[44],"tags":[],"_links":{"self":[{"href":"https:\/\/kraios.app\/news\/wp-json\/wp\/v2\/posts\/13036"}],"collection":[{"href":"https:\/\/kraios.app\/news\/wp-json\/wp\/v2\/posts"}],"about":[{"href":"https:\/\/kraios.app\/news\/wp-json\/wp\/v2\/types\/post"}],"author":[{"embeddable":true,"href":"https:\/\/kraios.app\/news\/wp-json\/wp\/v2\/users\/1"}],"replies":[{"embeddable":true,"href":"https:\/\/kraios.app\/news\/wp-json\/wp\/v2\/comments?post=13036"}],"version-history":[{"count":0,"href":"https:\/\/kraios.app\/news\/wp-json\/wp\/v2\/posts\/13036\/revisions"}],"wp:featuredmedia":[{"embeddable":true,"href":"https:\/\/kraios.app\/news\/wp-json\/wp\/v2\/media\/13037"}],"wp:attachment":[{"href":"https:\/\/kraios.app\/news\/wp-json\/wp\/v2\/media?parent=13036"}],"wp:term":[{"taxonomy":"category","embeddable":true,"href":"https:\/\/kraios.app\/news\/wp-json\/wp\/v2\/categories?post=13036"},{"taxonomy":"post_tag","embeddable":true,"href":"https:\/\/kraios.app\/news\/wp-json\/wp\/v2\/tags?post=13036"}],"curies":[{"name":"wp","href":"https:\/\/api.w.org\/{rel}","templated":true}]}}