{"id":13034,"date":"2023-08-30T18:20:10","date_gmt":"2023-08-30T18:20:10","guid":{"rendered":"https:\/\/kraios.app\/news\/spor\/2023\/08\/30\/filenin-sultanlari-avrupa-sampiyonasinda-yari-finale-yukseldi\/"},"modified":"2023-08-30T18:20:10","modified_gmt":"2023-08-30T18:20:10","slug":"filenin-sultanlari-avrupa-sampiyonasinda-yari-finale-yukseldi","status":"publish","type":"post","link":"https:\/\/kraios.app\/news\/spor\/2023\/08\/30\/filenin-sultanlari-avrupa-sampiyonasinda-yari-finale-yukseldi\/","title":{"rendered":"&#8220;Filenin Sultanlar\u0131&#8221; Avrupa \u015eampiyonas\u0131&#8217;nda yar\u0131 finale y\u00fckseldi"},"content":{"rendered":"<p><\/p>\n<div>\n<p>Bel\u00e7ika&#8217;n\u0131n ba\u015fkenti Br\u00fcksel&#8217;de oynanan \u00e7eyrek final ma\u00e7\u0131nda milli tak\u0131m ilk seti geriden gelerek Vargas&#8217;\u0131n etkili oyunuyla 25-23 kazanarak 1-0 \u00f6ne ge\u00e7ti.<\/p>\n<p>\u0130kinci sette 21-18 gerideyken milli tak\u0131m, Ebrar Karakurt&#8217;un servisleriyle \u00f6nemli bir seri yakalad\u0131. \u00dcst \u00fcste 6 say\u0131 alarak 24-21 \u00f6ne ge\u00e7en milli tak\u0131m, seti de Vargas&#8217;\u0131n smac\u0131yla bitirdi ve 25-22&#8217;lik sonu\u00e7la 2-0&#8217;l\u0131k \u00fcst\u00fcnl\u00fck yakalad\u0131.<\/p>\n<p>\u00dc\u00e7\u00fcnc\u00fc sette 10. say\u0131lardan sonra \u00fcst\u00fcnl\u00fc\u011f\u00fc tamamen eline ge\u00e7iren Filenin Sultanlar\u0131, seti 25-18 ma\u00e7\u0131 da 3-0 kazanarak yar\u0131 finale \u00e7\u0131karak \u0130talya&#8217;n\u0131n rakibi oldu.<\/p>\n<p><img decoding=\"async\" alt=\"\" src=\"https:\/\/www.aa.com.tr\/uploads\/userFiles\/88e4063b-7018-4331-b06e-f0cb513ac64c\/2023%2F08%2Ffile30-1.jpg\"\/><\/p>\n<h3>\u00dcst \u00fcste 5. kez yar\u0131 final<\/h3>\n<p>A Milli Kad\u0131n Voleybol Tak\u0131m\u0131, Avrupa \u015eampiyonas\u0131&#8217;nda \u00fcst \u00fcste 5. kez yar\u0131 finale y\u00fckselmeyi ba\u015fard\u0131.<\/p>\n<p><img decoding=\"async\" alt=\"\" src=\"https:\/\/admin.aa.com.tr\/uploads\/userFiles\/88e4063b-7018-4331-b06e-f0cb513ac64c\/2023%2F08%2Ffile30-2.jpg\"\/><\/p>\n<p>Tarihinde 7. kez yar\u0131 finale \u00e7\u0131kan T\u00fcrkiye, 2003 ve 2011&#8217;te yar\u0131 finale \u00e7\u0131km\u0131\u015ft\u0131. Milli son 5 turnuva olan 2015, 2017, 2019, 2021 ve 2023&#8217;te de ad\u0131n\u0131 yar\u0131 finale yazd\u0131rd\u0131.<\/p>\n<p>Avrupa \u015fampiyonalar\u0131nda 2 g\u00fcm\u00fc\u015f, 3 bronz madalyas\u0131 bulunan T\u00fcrkiye, FIVB s\u0131ralamas\u0131nda 1 numara olarak kat\u0131ld\u0131\u011f\u0131 organizasyonda alt\u0131n madalyay\u0131 kazanmaya sadece 2 galibiyet uzakl\u0131kta bulunuyor.<\/p>\n<p><img decoding=\"async\" alt=\"\" src=\"https:\/\/admin.aa.com.tr\/uploads\/userFiles\/88e4063b-7018-4331-b06e-f0cb513ac64c\/2023%2F08%2Ffile30-3.jpg\"\/><\/p>\n<h3>Rakip son \u015fampiyon \u0130talya<\/h3>\n<p>A Milli Kad\u0131n Voleybol Tak\u0131m\u0131, yar\u0131 finalde son Avrupa \u015eampiyonu \u0130talya&#8217;yla 1 Eyl\u00fcl Cuma g\u00fcn\u00fc kar\u015f\u0131la\u015facak.<\/p>\n<p>Sonuncusu 2021&#8217;de olmak \u00fczere tarihinde 3 kez Avrupa \u015fampiyonu olan \u0130talya, yar\u0131 finale set dahi vermeden 7 ma\u00e7\u0131n\u0131 da kazanarak geldi. \u0130talya, grup ma\u00e7lar\u0131n\u0131n yan\u0131 s\u0131ra son 16&#8217;da \u0130spanya&#8217;y\u0131, \u00e7eyrek finalde ise Fransa&#8217;y\u0131 3-0&#8217;la ge\u00e7ti.<\/p>\n<p>T\u00fcrkiye, bu y\u0131l FIVB Milletler Ligi&#8217;nde iki kez kar\u015f\u0131la\u015ft\u0131\u011f\u0131 \u0130talya&#8217;y\u0131 iki ma\u00e7ta da set vermeden 3-0&#8217;l\u0131k skorlarla ma\u011flup etti.<\/p>\n<p><img decoding=\"async\" alt=\"\" src=\"https:\/\/admin.aa.com.tr\/uploads\/userFiles\/88e4063b-7018-4331-b06e-f0cb513ac64c\/2023%2F08%2Ffile30-4.jpg\"\/><\/p>\n<h3>\u00dcst \u00fcste 13. galibiyet<\/h3>\n<p>Filenin Sultanlar\u0131, resmi ma\u00e7larda \u00fcst \u00fcste 13. galibiyetini ald\u0131.<\/p>\n<p>FIVB Milletler Ligi&#8217;nde alt\u0131n madalya alan ve bu organizasyonda son 6 ma\u00e7\u0131n\u0131 kazanan T\u00fcrkiye, Avrupa \u015eampiyonas\u0131&#8217;nda da sahaya \u00e7\u0131kt\u0131\u011f\u0131 7 ma\u00e7\u0131 da galip bitirdi.<\/p>\n<p><img decoding=\"async\" alt=\"\" src=\"https:\/\/admin.aa.com.tr\/uploads\/userFiles\/88e4063b-7018-4331-b06e-f0cb513ac64c\/2023%2F08%2Ffile30-5.jpg\"\/><\/p>\n<p>T\u00fcrkiye, bu 13 ma\u00e7ta rakiplerine sadece 4 set verdi.<\/p>\n<h3>Vargas&#8217;tan m\u00fcthi\u015f performans<\/h3>\n<p>Milli tak\u0131m\u0131n y\u0131ld\u0131z\u0131 Melissa Vargas, \u00e7eyrek final m\u00fcsabakas\u0131nda m\u00fcthi\u015f bir performans ortaya koydu.<\/p>\n<p><img decoding=\"async\" alt=\"\" src=\"https:\/\/admin.aa.com.tr\/uploads\/userFiles\/88e4063b-7018-4331-b06e-f0cb513ac64c\/2023%2F08%2Ffile30-6.jpg\"\/><\/p>\n<p>Vargas, ma\u00e7\u0131 tam 24 say\u0131yla tamamlayarak galibiyette b\u00fcy\u00fck rol oynad\u0131.<\/p>\n<p>                            <span class=\"detay-foto-editor\">&#13;<br \/>\n                                <a href=\"https:\/\/www.aa.com.tr\/tr\/p\/abonelik-talep-formu\/1001\" target=\"_blank\" style=\"font-size:12px; color:#444; text-decoration:none;\" rel=\"noopener\">&#13;<br \/>\n                                    Anadolu Ajans\u0131 web sitesinde, AA Haber Ak\u0131\u015f Sistemi (HAS) \u00fczerinden abonelere sunulan haberler, \u00f6zetlenerek yay\u0131mlanmaktad\u0131r. <b style=\"color:#1897F7\">Abonelik i\u00e7in l\u00fctfen ileti\u015fime ge\u00e7iniz.<\/b>&#13;<br \/>\n                                <\/a>&#13;<br \/>\n                            <\/span>\n                        <\/div>\n<p><script>\n\t  window.fbAsyncInit = function() {\n\t\tFB.init({\n\t\t  appId: '1855843514662870',\n\t\t  status : true, \/\/ check login status\n\t\t  cookie : true, \/\/ enable cookies to allow the server to access the session\n\t\t  xfbml  : true  \/\/ parse XFBML\n\t\t});\n\t  };<\/p>\n<p>\t  (function() {\n\t\tvar e = document.createElement('script');\n\t\te.src=\"https:\/\/connect.facebook.net\/tr_TR\/all.js\";\n\t\te.async = true;\n\t\tdocument.getElementById('fb-root').appendChild(e);\n\t  }());\n    <\/script><\/p>\n","protected":false},"excerpt":{"rendered":"<p>Bel\u00e7ika&#8217;n\u0131n ba\u015fkenti Br\u00fcksel&#8217;de oynanan \u00e7eyrek final ma\u00e7\u0131nda milli tak\u0131m ilk seti geriden gelerek Vargas&#8217;\u0131n etkili oyunuyla 25-23 kazanarak 1-0 \u00f6ne ge\u00e7ti. \u0130kinci sette 21-18 gerideyken milli tak\u0131m, Ebrar Karakurt&#8217;un servisleriyle \u00f6nemli bir seri yakalad\u0131. \u00dcst \u00fcste 6 say\u0131 alarak 24-21 \u00f6ne ge\u00e7en milli tak\u0131m, seti de Vargas&#8217;\u0131n smac\u0131yla bitirdi ve 25-22&#8217;lik sonu\u00e7la 2-0&#8217;l\u0131k \u00fcst\u00fcnl\u00fck yakalad\u0131. [&hellip;]<\/p>\n","protected":false},"author":1,"featured_media":13035,"comment_status":"","ping_status":"","sticky":false,"template":"","format":"standard","meta":[],"categories":[48],"tags":[],"_links":{"self":[{"href":"https:\/\/kraios.app\/news\/wp-json\/wp\/v2\/posts\/13034"}],"collection":[{"href":"https:\/\/kraios.app\/news\/wp-json\/wp\/v2\/posts"}],"about":[{"href":"https:\/\/kraios.app\/news\/wp-json\/wp\/v2\/types\/post"}],"author":[{"embeddable":true,"href":"https:\/\/kraios.app\/news\/wp-json\/wp\/v2\/users\/1"}],"replies":[{"embeddable":true,"href":"https:\/\/kraios.app\/news\/wp-json\/wp\/v2\/comments?post=13034"}],"version-history":[{"count":0,"href":"https:\/\/kraios.app\/news\/wp-json\/wp\/v2\/posts\/13034\/revisions"}],"wp:featuredmedia":[{"embeddable":true,"href":"https:\/\/kraios.app\/news\/wp-json\/wp\/v2\/media\/13035"}],"wp:attachment":[{"href":"https:\/\/kraios.app\/news\/wp-json\/wp\/v2\/media?parent=13034"}],"wp:term":[{"taxonomy":"category","embeddable":true,"href":"https:\/\/kraios.app\/news\/wp-json\/wp\/v2\/categories?post=13034"},{"taxonomy":"post_tag","embeddable":true,"href":"https:\/\/kraios.app\/news\/wp-json\/wp\/v2\/tags?post=13034"}],"curies":[{"name":"wp","href":"https:\/\/api.w.org\/{rel}","templated":true}]}}