{"id":13030,"date":"2023-08-30T16:20:04","date_gmt":"2023-08-30T16:20:04","guid":{"rendered":"https:\/\/kraios.app\/news\/yasam\/2023\/08\/30\/mugla-sahillerinde-tatilci-yogunlugu-yasaniyor\/"},"modified":"2023-08-30T16:20:04","modified_gmt":"2023-08-30T16:20:04","slug":"mugla-sahillerinde-tatilci-yogunlugu-yasaniyor","status":"publish","type":"post","link":"https:\/\/kraios.app\/news\/yasam\/2023\/08\/30\/mugla-sahillerinde-tatilci-yogunlugu-yasaniyor\/","title":{"rendered":"Mu\u011fla sahillerinde tatilci yo\u011funlu\u011fu ya\u015fan\u0131yor"},"content":{"rendered":"<p><\/p>\n<div>\n<p>Hava s\u0131cakl\u0131\u011f\u0131n\u0131n 32, deniz suyu s\u0131cakl\u0131\u011f\u0131n\u0131n 25 derece kaydedildi\u011fi Ula il\u00e7esinin Akyaka Mahallesi&#8217;nde yerli ve yabanc\u0131 turistler sahilleri doldurdu.<\/p>\n<p><img decoding=\"async\" alt=\"\" src=\"https:\/\/www.aa.com.tr\/uploads\/userFiles\/96f91bbd-282f-4a24-a12c-1b1092cfeb3b\/009_2023%2F05_2023%2F12_Agustos%2F12%2F20230830_2_60069346_92319613.jpg\"\/><\/p>\n<p>Ak\u00e7ap\u0131nar, \u00c7\u0131nar ve Turnal\u0131 sahillerinde g\u00fcne\u015flenen turistler denize girerek serinledi.<\/p>\n<p>G\u00f6kova K\u00f6rfezi&#8217;ne d\u00f6k\u00fclen Kad\u0131n Azma\u011f\u0131 Deresi&#8217;nde d\u00fczenlenen turlara kat\u0131lanlar teknelerle dereyi gezdi.<\/p>\n<p><img decoding=\"async\" alt=\"\" src=\"https:\/\/www.aa.com.tr\/uploads\/userFiles\/96f91bbd-282f-4a24-a12c-1b1092cfeb3b\/009_2023%2F05_2023%2F12_Agustos%2F12%2F20230830_2_60069346_92319616.jpg\"\/><\/p>\n<p>Akyaka&#8217;da e\u011fitim g\u00f6ren yerli ve yabanc\u0131 s\u00f6rf tutkunlar\u0131 u\u00e7urtma ve r\u00fczgar s\u00f6rf\u00fc yapt\u0131.<\/p>\n<p><img decoding=\"async\" alt=\"\" src=\"https:\/\/www.aa.com.tr\/uploads\/userFiles\/96f91bbd-282f-4a24-a12c-1b1092cfeb3b\/009_2023%2F05_2023%2F12_Agustos%2F12%2F20230830_2_60069346_92319619.jpg\"\/><\/p>\n<p>Hava s\u0131cakl\u0131\u011f\u0131n\u0131n 36, deniz suyu s\u0131cakl\u0131\u011f\u0131n\u0131n ise 27 derece \u00f6l\u00e7\u00fcld\u00fc\u011f\u00fc Bodrum il\u00e7esinde de tatilciler Kumbah\u00e7e, G\u00fcmbet, Bitez, Ortakent, Pa\u015fatarlas\u0131, T\u00fcrkb\u00fck\u00fc, Torba, G\u00fcndo\u011fan sahillerinde yo\u011funluk olu\u015fturdu. S\u0131caktan bunalanlar s\u0131k s\u0131k denize girerek serinlemeye \u00e7al\u0131\u015ft\u0131.<\/p>\n<p><img decoding=\"async\" alt=\"\" src=\"https:\/\/www.aa.com.tr\/uploads\/userFiles\/96f91bbd-282f-4a24-a12c-1b1092cfeb3b\/009_2023%2F05_2023%2F12_Agustos%2F12%2F20230830_2_60069346_92319621.jpg\"\/><\/p>\n<p>Baz\u0131 tatilcilerde su sporlar\u0131 istasyonlar\u0131ndaki etkinliklere kat\u0131larak e\u011flenceli zaman ge\u00e7irdi.<\/p>\n<p>Marmaris&#8217;te ise hava s\u0131cakl\u0131\u011f\u0131 36, deniz suyu s\u0131cakl\u0131\u011f\u0131 28 derece, nem oran\u0131 ise y\u00fczde 52 \u00f6l\u00e7\u00fcld\u00fc.<\/p>\n<p><img decoding=\"async\" alt=\"\" src=\"https:\/\/www.aa.com.tr\/uploads\/userFiles\/96f91bbd-282f-4a24-a12c-1b1092cfeb3b\/009_2023%2F05_2023%2F12_Agustos%2F12%2F20230830_2_60069410_92319752.jpg\"\/><br \/><em>Foto\u011fraf: Ali R\u0131za Akk\u0131r\/AA<\/em><\/p>\n<p>Tatilciler Uzunyal\u0131, \u0130\u00e7meler, Turun\u00e7 ve K\u0131z Kumu plajlar\u0131nda yo\u011funluk olu\u015fturdu. Turistler, su sporlar\u0131 istasyonlar\u0131ndan jet ski ve deniz para\u015f\u00fct\u00fcne binerek heyecanl\u0131 dakikalar ya\u015fad\u0131.<\/p>\n<p><img decoding=\"async\" alt=\"\" src=\"https:\/\/www.aa.com.tr\/uploads\/userFiles\/96f91bbd-282f-4a24-a12c-1b1092cfeb3b\/009_2023%2F05_2023%2F12_Agustos%2F12%2F20230830_2_60069410_92319759.jpg\"\/><\/p>\n<p>Tatil i\u00e7in Ortaca&#8217;n\u0131n turistik Dalyan Mahallesi&#8217;ni se\u00e7enler, g\u00fcn\u00fcbirlik tekne turlar\u0131yla Dalyan Kanal\u0131&#8217;n\u0131 gezme ve kaya mezarlar\u0131n\u0131 izleme imkan\u0131 buldu. Kanal gezisinin ard\u0131ndan \u0130ztuzu kumsal\u0131na ula\u015fan tatilciler denizin tad\u0131n\u0131 \u00e7\u0131kard\u0131.<\/p>\n<p><img decoding=\"async\" alt=\"\" src=\"https:\/\/www.aa.com.tr\/uploads\/userFiles\/96f91bbd-282f-4a24-a12c-1b1092cfeb3b\/009_2023%2F05_2023%2F12_Agustos%2F12%2F20230830_2_60069410_92319761.jpg\"\/><\/p>\n<h3>\u00d6l\u00fcdeniz yolunda 5 kilometrelik ara\u00e7 kuyru\u011fu<\/h3>\n<p>Fethiye il\u00e7esinde gelen tatilciler, \u00d6l\u00fcdeniz Mahallesi&#8217;ne giden yolda yakla\u015f\u0131k 5 kilometrelik ara\u00e7 kuyru\u011fu olu\u015fturdu. Mahalledeki Belcek\u0131z ile Kumburnu plajlar\u0131nda s\u0131cak havada serinlemek isteyen tatilciler dolay\u0131s\u0131yla yo\u011funluk ya\u015fand\u0131.<\/p>\n<p><img decoding=\"async\" alt=\"\" src=\"https:\/\/www.aa.com.tr\/uploads\/userFiles\/96f91bbd-282f-4a24-a12c-1b1092cfeb3b\/009_2023%2F05_2023%2F12_Agustos%2F12%2F20230830_2_60069410_92319763.jpg\"\/><\/p>\n<p>Macera tutkunu tatilciler ise Babada\u011f&#8217;dan yama\u00e7 para\u015f\u00fct\u00fcyle atlay\u0131\u015f yaparak \u00d6l\u00fcdeniz&#8217;in e\u015fsiz manzaras\u0131n\u0131 havadan izleme f\u0131rsat\u0131 buldu.<\/p>\n<p>                            <span class=\"detay-foto-editor\">&#13;<br \/>\n                                <a href=\"https:\/\/www.aa.com.tr\/tr\/p\/abonelik-talep-formu\/1001\" target=\"_blank\" style=\"font-size:12px; color:#444; text-decoration:none;\" rel=\"noopener\">&#13;<br \/>\n                                    Anadolu Ajans\u0131 web sitesinde, AA Haber Ak\u0131\u015f Sistemi (HAS) \u00fczerinden abonelere sunulan haberler, \u00f6zetlenerek yay\u0131mlanmaktad\u0131r. <b style=\"color:#1897F7\">Abonelik i\u00e7in l\u00fctfen ileti\u015fime ge\u00e7iniz.<\/b>&#13;<br \/>\n                                <\/a>&#13;<br \/>\n                            <\/span>\n                        <\/div>\n<p><script>\n\t  window.fbAsyncInit = function() {\n\t\tFB.init({\n\t\t  appId: '1855843514662870',\n\t\t  status : true, \/\/ check login status\n\t\t  cookie : true, \/\/ enable cookies to allow the server to access the session\n\t\t  xfbml  : true  \/\/ parse XFBML\n\t\t});\n\t  };<\/p>\n<p>\t  (function() {\n\t\tvar e = document.createElement('script');\n\t\te.src=\"https:\/\/connect.facebook.net\/tr_TR\/all.js\";\n\t\te.async = true;\n\t\tdocument.getElementById('fb-root').appendChild(e);\n\t  }());\n    <\/script><\/p>\n","protected":false},"excerpt":{"rendered":"<p>Hava s\u0131cakl\u0131\u011f\u0131n\u0131n 32, deniz suyu s\u0131cakl\u0131\u011f\u0131n\u0131n 25 derece kaydedildi\u011fi Ula il\u00e7esinin Akyaka Mahallesi&#8217;nde yerli ve yabanc\u0131 turistler sahilleri doldurdu. Ak\u00e7ap\u0131nar, \u00c7\u0131nar ve Turnal\u0131 sahillerinde g\u00fcne\u015flenen turistler denize girerek serinledi. G\u00f6kova K\u00f6rfezi&#8217;ne d\u00f6k\u00fclen Kad\u0131n Azma\u011f\u0131 Deresi&#8217;nde d\u00fczenlenen turlara kat\u0131lanlar teknelerle dereyi gezdi. Akyaka&#8217;da e\u011fitim g\u00f6ren yerli ve yabanc\u0131 s\u00f6rf tutkunlar\u0131 u\u00e7urtma ve r\u00fczgar s\u00f6rf\u00fc yapt\u0131. Hava [&hellip;]<\/p>\n","protected":false},"author":1,"featured_media":13031,"comment_status":"","ping_status":"","sticky":false,"template":"","format":"standard","meta":[],"categories":[50],"tags":[],"_links":{"self":[{"href":"https:\/\/kraios.app\/news\/wp-json\/wp\/v2\/posts\/13030"}],"collection":[{"href":"https:\/\/kraios.app\/news\/wp-json\/wp\/v2\/posts"}],"about":[{"href":"https:\/\/kraios.app\/news\/wp-json\/wp\/v2\/types\/post"}],"author":[{"embeddable":true,"href":"https:\/\/kraios.app\/news\/wp-json\/wp\/v2\/users\/1"}],"replies":[{"embeddable":true,"href":"https:\/\/kraios.app\/news\/wp-json\/wp\/v2\/comments?post=13030"}],"version-history":[{"count":0,"href":"https:\/\/kraios.app\/news\/wp-json\/wp\/v2\/posts\/13030\/revisions"}],"wp:featuredmedia":[{"embeddable":true,"href":"https:\/\/kraios.app\/news\/wp-json\/wp\/v2\/media\/13031"}],"wp:attachment":[{"href":"https:\/\/kraios.app\/news\/wp-json\/wp\/v2\/media?parent=13030"}],"wp:term":[{"taxonomy":"category","embeddable":true,"href":"https:\/\/kraios.app\/news\/wp-json\/wp\/v2\/categories?post=13030"},{"taxonomy":"post_tag","embeddable":true,"href":"https:\/\/kraios.app\/news\/wp-json\/wp\/v2\/tags?post=13030"}],"curies":[{"name":"wp","href":"https:\/\/api.w.org\/{rel}","templated":true}]}}