{"id":13016,"date":"2023-08-30T14:20:09","date_gmt":"2023-08-30T14:20:09","guid":{"rendered":"https:\/\/kraios.app\/news\/ekonomi\/2023\/08\/30\/almanyada-ithalat-fiyatlarinda-36-yilin-en-keskin-dususu-goruldu\/"},"modified":"2023-08-30T14:20:09","modified_gmt":"2023-08-30T14:20:09","slug":"almanyada-ithalat-fiyatlarinda-36-yilin-en-keskin-dususu-goruldu","status":"publish","type":"post","link":"https:\/\/kraios.app\/news\/ekonomi\/2023\/08\/30\/almanyada-ithalat-fiyatlarinda-36-yilin-en-keskin-dususu-goruldu\/","title":{"rendered":"Almanya&#8217;da ithalat fiyatlar\u0131nda 36 y\u0131l\u0131n en keskin d\u00fc\u015f\u00fc\u015f\u00fc g\u00f6r\u00fcld\u00fc"},"content":{"rendered":"<p> <br \/>\n<\/p>\n<div>\n<p>Almanya Federal \u0130statistik Ofisi (Destatis) verilerine g\u00f6re, \u00fclkede \u0130thalat Fiyat Endeksi, temmuzda ge\u00e7en y\u0131l\u0131n ayn\u0131 ay\u0131na k\u0131yasla y\u00fczde 13,2 gerileyerek, Ocak 1987\u2019den beri en keskin d\u00fc\u015f\u00fc\u015f\u00fc g\u00f6sterdi.<\/p>\n<p>May\u0131s ve haziranda y\u0131ll\u0131k bazda s\u0131ras\u0131yla y\u00fczde 9,1 ve y\u00fczde 11,4 d\u00fc\u015f\u00fc\u015f\u00fcn ard\u0131ndan piyasa beklentisi, \u00fclkede ithalat fiyatlar\u0131n\u0131n temmuzda sabit kalmas\u0131 y\u00f6n\u00fcndeydi.<\/p>\n<p>Endeks ayl\u0131k bazda ise y\u00fczde 0,6 d\u00fc\u015ft\u00fc. \u0130thalat fiyatlar\u0131ndaki d\u00fc\u015f\u00fc\u015fte enerji \u00fcr\u00fcnlerinde gerileyen fiyatlar etkili oldu.<\/p>\n<p>Destatis a\u00e7\u0131klamas\u0131nda, \u201c\u00d6nceki aylarda oldu\u011fu gibi, mevcut d\u00fc\u015f\u00fc\u015f\u00fcn ana fakt\u00f6r\u00fc her \u015feyden \u00f6nce Ukrayna&#8217;daki sava\u015f nedeniyle bir \u00f6nceki y\u0131l ya\u015fanan y\u00fcksek fiyat art\u0131\u015flar\u0131ndan kaynaklanan baz etkisidir.&#8221; denildi.<\/p>\n<p>Temmuzda enerji ithalat fiyatlar\u0131, ge\u00e7en y\u0131l\u0131n ayn\u0131 d\u00f6nemine g\u00f6re y\u00fczde 47,4 daha ucuz oldu.<\/p>\n<p>Elektrik maliyeti bir y\u0131l \u00f6ncesine g\u00f6re y\u00fczde 75,4, ithal ta\u015fk\u00f6m\u00fcr\u00fc ve ham petrol fiyatlar\u0131 da s\u0131ras\u0131yla y\u00fczde 63,7 ve 33 d\u00fc\u015f\u00fc\u015f kaydetti. Enerji \u00fcr\u00fcnleri hari\u00e7 ithalat fiyatlar\u0131 da y\u0131ll\u0131k bazda y\u00fczde 3,1 d\u00fc\u015f\u00fc\u015f g\u00f6sterdi.<\/p>\n<p>\u0130thal t\u00fcketim mallar\u0131 fiyatlar\u0131 y\u00fczde 1,2 y\u00fckseldi. G\u0131da \u00fcr\u00fcnleri fiyatlar\u0131n\u0131n temmuzda y\u0131ll\u0131k y\u00fczde 3,9 artmas\u0131 dikkati \u00e7ekerken et ve et \u00fcr\u00fcnleri y\u00fczde 5,6, meyve ve sebze \u00fcr\u00fcnleri y\u00fczde 8,8 artt\u0131.<\/p>\n<p>Bu arada, Almanya&#8217;da \u0130hracat Fiyat Endeksi, temmuzda bir \u00f6nceki y\u0131l\u0131n ayn\u0131 d\u00f6nemine k\u0131yasla y\u00fczde 3,2, bir \u00f6nceki aya g\u00f6re y\u00fczde 0,3 geriledi. B\u00f6ylece endekste Eyl\u00fcl 2009&#8217;dan beri en keskin d\u00fc\u015f\u00fc\u015f kaydedildi.<\/p>\n<p>Analistler, d\u00fc\u015fen ithalat maliyetlerinin t\u00fcketici fiyatlar\u0131n\u0131 da etkileyece\u011fini tahmin ediyor.<\/p>\n<p>Alman ekonomisi bir\u00e7ok \u00f6n \u00fcr\u00fcn ve ham maddeyi yurt d\u0131\u015f\u0131ndan temin etti\u011finden, d\u00fc\u015fen ithalat fiyatlar\u0131 t\u00fcketici fiyatlar\u0131n\u0131 gecikmeli olarak etkiliyor.<\/p>\n<p>                            <span class=\"detay-foto-editor\">&#13;<br \/>\n                                <a href=\"https:\/\/www.aa.com.tr\/tr\/p\/abonelik-talep-formu\/1001\" target=\"_blank\" style=\"font-size:12px; color:#444; text-decoration:none;\" rel=\"noopener\">&#13;<br \/>\n                                    Anadolu Ajans\u0131 web sitesinde, AA Haber Ak\u0131\u015f Sistemi (HAS) \u00fczerinden abonelere sunulan haberler, \u00f6zetlenerek yay\u0131mlanmaktad\u0131r. <b style=\"color:#1897F7\">Abonelik i\u00e7in l\u00fctfen ileti\u015fime ge\u00e7iniz.<\/b>&#13;<br \/>\n                                <\/a>&#13;<br \/>\n                            <\/span>\n                        <\/div>\n<p><script>\n\t  window.fbAsyncInit = function() {\n\t\tFB.init({\n\t\t  appId: '1855843514662870',\n\t\t  status : true, \/\/ check login status\n\t\t  cookie : true, \/\/ enable cookies to allow the server to access the session\n\t\t  xfbml  : true  \/\/ parse XFBML\n\t\t});\n\t  };<\/p>\n<p>\t  (function() {\n\t\tvar e = document.createElement('script');\n\t\te.src=\"https:\/\/connect.facebook.net\/tr_TR\/all.js\";\n\t\te.async = true;\n\t\tdocument.getElementById('fb-root').appendChild(e);\n\t  }());\n    <\/script><br \/>\n<br \/><br \/>\n<br \/><a href=\"https:\/\/www.aa.com.tr\/tr\/ekonomi\/almanyada-ithalat-fiyatlarinda-36-yilin-en-keskin-dususu-goruldu\/2979290\">Source link <\/a><\/p>\n","protected":false},"excerpt":{"rendered":"<p>Almanya Federal \u0130statistik Ofisi (Destatis) verilerine g\u00f6re, \u00fclkede \u0130thalat Fiyat Endeksi, temmuzda ge\u00e7en y\u0131l\u0131n ayn\u0131 ay\u0131na k\u0131yasla y\u00fczde 13,2 gerileyerek, Ocak 1987\u2019den beri en keskin d\u00fc\u015f\u00fc\u015f\u00fc g\u00f6sterdi. May\u0131s ve haziranda y\u0131ll\u0131k bazda s\u0131ras\u0131yla y\u00fczde 9,1 ve y\u00fczde 11,4 d\u00fc\u015f\u00fc\u015f\u00fcn ard\u0131ndan piyasa beklentisi, \u00fclkede ithalat fiyatlar\u0131n\u0131n temmuzda sabit kalmas\u0131 y\u00f6n\u00fcndeydi. Endeks ayl\u0131k bazda ise y\u00fczde 0,6 [&hellip;]<\/p>\n","protected":false},"author":1,"featured_media":13017,"comment_status":"","ping_status":"","sticky":false,"template":"","format":"standard","meta":[],"categories":[44],"tags":[],"_links":{"self":[{"href":"https:\/\/kraios.app\/news\/wp-json\/wp\/v2\/posts\/13016"}],"collection":[{"href":"https:\/\/kraios.app\/news\/wp-json\/wp\/v2\/posts"}],"about":[{"href":"https:\/\/kraios.app\/news\/wp-json\/wp\/v2\/types\/post"}],"author":[{"embeddable":true,"href":"https:\/\/kraios.app\/news\/wp-json\/wp\/v2\/users\/1"}],"replies":[{"embeddable":true,"href":"https:\/\/kraios.app\/news\/wp-json\/wp\/v2\/comments?post=13016"}],"version-history":[{"count":0,"href":"https:\/\/kraios.app\/news\/wp-json\/wp\/v2\/posts\/13016\/revisions"}],"wp:featuredmedia":[{"embeddable":true,"href":"https:\/\/kraios.app\/news\/wp-json\/wp\/v2\/media\/13017"}],"wp:attachment":[{"href":"https:\/\/kraios.app\/news\/wp-json\/wp\/v2\/media?parent=13016"}],"wp:term":[{"taxonomy":"category","embeddable":true,"href":"https:\/\/kraios.app\/news\/wp-json\/wp\/v2\/categories?post=13016"},{"taxonomy":"post_tag","embeddable":true,"href":"https:\/\/kraios.app\/news\/wp-json\/wp\/v2\/tags?post=13016"}],"curies":[{"name":"wp","href":"https:\/\/api.w.org\/{rel}","templated":true}]}}