{"id":13002,"date":"2023-08-30T09:20:13","date_gmt":"2023-08-30T09:20:13","guid":{"rendered":"https:\/\/kraios.app\/news\/ekonomi\/2023\/08\/30\/kuresel-ekonomideki-bozulma-temiz-enerji-ekipman-maliyetlerindeki-dususu-yavaslatti\/"},"modified":"2023-08-30T09:20:13","modified_gmt":"2023-08-30T09:20:13","slug":"kuresel-ekonomideki-bozulma-temiz-enerji-ekipman-maliyetlerindeki-dususu-yavaslatti","status":"publish","type":"post","link":"https:\/\/kraios.app\/news\/ekonomi\/2023\/08\/30\/kuresel-ekonomideki-bozulma-temiz-enerji-ekipman-maliyetlerindeki-dususu-yavaslatti\/","title":{"rendered":"K\u00fcresel ekonomideki bozulma temiz enerji ekipman maliyetlerindeki d\u00fc\u015f\u00fc\u015f\u00fc yava\u015flatt\u0131"},"content":{"rendered":"<p> <br \/>\n<\/p>\n<div>\n<p>\u0130klim krizine yol a\u00e7an fosil yak\u0131tlardan uzakla\u015farak temiz enerji d\u00f6n\u00fc\u015f\u00fcm\u00fcn\u00fcn h\u0131zlanmas\u0131 ve yayg\u0131nla\u015fmas\u0131 gereken bu d\u00f6nemde, y\u00fckselen yenilenebilir enerji ekipman maliyetleri temiz enerji talebindeki b\u00fcy\u00fcmeyi yava\u015flatma riski olu\u015fturuyor.<\/p>\n<p>Kovid-19 salg\u0131n\u0131n\u0131n tedarik zincirinde neden oldu\u011fu aksamalar\u0131n ard\u0131ndan, k\u00fcresel ekonomik g\u00f6r\u00fcn\u00fcmdeki bozulma, y\u00fcksek enflasyon ve enflasyonu d\u00fc\u015f\u00fcrmek i\u00e7in merkez bankalar\u0131n\u0131n bor\u00e7lanma maliyetlerini sert \u015fekilde y\u00fckseltmesi, temiz enerji ekipman maliyetleri ve yat\u0131r\u0131mlar\u0131 olumsuz etkiliyor.<\/p>\n<p>R\u00fczgar t\u00fcrbini maliyetleri 2014-2019 aras\u0131nda y\u00fczde 40 gerilerken, bu oran g\u00fcne\u015f panellerinde y\u00fczde 33 seviyesinde oldu.<\/p>\n<p>Maliyetler, salg\u0131n\u0131n etkilerinin ba\u015flad\u0131\u011f\u0131 2020&#8217;nin ba\u015f\u0131ndan itibaren yeniden art\u0131\u015fa ge\u00e7ti. R\u00fczgar t\u00fcrbini maliyetleri, \u015fu anda 2020 ba\u015f\u0131ndaki seviyeye g\u00f6re y\u00fczde 23, g\u00fcne\u015f paneli maliyetleri ise y\u00fczde 20 daha y\u00fcksek.<\/p>\n<p><a href=\"https:\/\/www.aa.com.tr\/tr\/info\/infografik\/35540\" target=\"_blank\" rel=\"noopener\"><img decoding=\"async\" alt=\"\" src=\"https:\/\/www.aa.com.tr\/uploads\/userFiles\/96f91bbd-282f-4a24-a12c-1b1092cfeb3b\/009_2023%2F05_2023%2F12_Agustos%2F25%2F750.jpg\"\/><\/a><\/p>\n<h3>&#8220;R\u00fczgar ve g\u00fcne\u015fin elektrik \u00fcretimindeki pay\u0131n\u0131n y\u00fczde 25&#8217;i a\u015fmas\u0131 gerekli&#8221;<\/h3>\n<p>Uluslararas\u0131 Finans Enstit\u00fcs\u00fc (IIF) S\u00fcrd\u00fcr\u00fclebilir Ara\u015ft\u0131rma Direkt\u00f6r\u00fc Emre Tiftik, AA muhabirine, r\u00fczgar ve g\u00fcne\u015f enerjisi ekipman maliyetlerinde 2014-2019 d\u00f6nemindeki y\u00fczde 40&#8217;l\u0131k gerilemenin art\u0131k g\u00f6r\u00fclmedi\u011fini s\u00f6yledi.<\/p>\n<p>Bu oran\u0131n y\u00fczde 20&#8217;ye geriledi\u011fini kaydeden Tiftik, &#8220;2020&#8217;nin ba\u015f\u0131ndan beri fiyatlar art\u0131yor. Kovid-19&#8217;un tedarik zincirlerinde neden oldu\u011fu bozulma, \u00c7in&#8217;deki aksakl\u0131klar, temiz enerji d\u00f6n\u00fc\u015f\u00fcm\u00fcne olan talep ve k\u00fcresel ekonomideki sorunlar, bu art\u0131\u015flar\u0131 tetikliyor. Ekipman maliyetlerinde g\u00f6r\u00fclen y\u00fczde 40&#8217;l\u0131k d\u00fc\u015f\u00fc\u015f, y\u00fczde 20 seviyesine geriledi.&#8221; dedi.<\/p>\n<p>Tiftik, temiz enerji talebindeki art\u0131\u015f devam etmesine ra\u011fmen y\u00fcksek maliyetlerin talepteki art\u0131\u015f h\u0131z\u0131n\u0131 yava\u015flatt\u0131\u011f\u0131na dikkati \u00e7ekti.<\/p>\n<p>Daha \u00f6nceki enerji d\u00f6n\u00fc\u015f\u00fcm d\u00f6nemlerine bak\u0131ld\u0131\u011f\u0131nda bu s\u00fcre\u00e7lerin 50-60 y\u0131l\u0131 buldu\u011funu kaydeden Tiftik, \u015f\u00f6yle konu\u015ftu:<\/p>\n<p>&#8220;Odundan k\u00f6m\u00fcre ge\u00e7i\u015f, k\u00f6m\u00fcrden gaza ve petrole ge\u00e7i\u015f 50-60 y\u0131ll\u0131k s\u00fcre\u00e7ler. En az\u0131ndan 1850&#8217;li y\u0131llardan beri d\u00f6n\u00fc\u015f\u00fcmler bu \u015fekilde. Bu enerji kaynaklar\u0131, elektrik \u00fcretiminin y\u00fczde 25&#8217;ine yakla\u015f\u0131rsa, o zaman bir \u00fclkede fiyatlar d\u00fc\u015f\u00fcyor ve bu kaynaklar\u0131 o zaman ucuz enerji kayna\u011f\u0131 olarak adland\u0131rmak m\u00fcmk\u00fcn. Bu oranlar bug\u00fcn bir\u00e7ok \u00fclkede yok.<\/p>\n<p>R\u00fczgar ve g\u00fcne\u015fin elektrik \u00fcretimindeki toplam pay\u0131 y\u00fczde 25&#8217;e geldi\u011finde fiyatlar geriliyor \u00e7\u00fcnk\u00fc bu gerekli altyap\u0131n\u0131n, insan kayna\u011f\u0131, lojistik ve teknoloji anlam\u0131nda hizmet veren sekt\u00f6rlerin olu\u015ftu\u011fu anlam\u0131 ta\u015f\u0131yor. Ancak bu orana ula\u015fana kadar, i\u015fler biraz zor ve devlet deste\u011fi \u015fart. Temiz enerji d\u00f6n\u00fc\u015f\u00fcm\u00fcn\u00fc ne kadar h\u0131zl\u0131 \u015fekilde ger\u00e7ekle\u015ftirebilirsek, o kadar h\u0131zl\u0131 \u015fekilde fiyatlar\u0131n d\u00fc\u015fmesini sa\u011flayabiliriz.<\/p>\n<p>2050&#8217;de \u00fclkelerin net s\u0131f\u0131r emisyona ula\u015fma taahh\u00fctleri var. R\u00fczgar ve g\u00fcne\u015fin pay\u0131n\u0131n bu d\u00f6nemde y\u00fczde 50&#8217;ye \u00e7\u0131kmas\u0131 laz\u0131m. Ancak bu seviyeye ula\u015facak bir yolda ilerlemiyoruz. Bu kaynaklar\u0131n kapasitesinde b\u00fcy\u00fck bir art\u0131\u015f olmas\u0131na ra\u011fmen, d\u00f6n\u00fc\u015f\u00fcm\u00fcn h\u0131z\u0131 gereken seviyede de\u011fil. Bunu ba\u015farmak i\u00e7in devlet deste\u011fi gerekli ama t\u00fcm \u00fclkelerin bunu \u00f6ncelikler listesine koymas\u0131 gerekli. K\u00fcresel ekonomi o kadar da sa\u011fl\u0131kl\u0131 de\u011fil ve politik gerginlikler s\u00f6z konusu. Bunlar enerji sekt\u00f6r\u00fcn\u00fc yak\u0131ndan etkiliyor. Dolay\u0131s\u0131yla zor bir s\u00fcre\u00e7 bizi bekliyor.&#8221;<\/p>\n<p>Tiftik, Avrupa-ABD, \u00c7in ve geli\u015fmekte olan \u00fclkelerde temiz enerji d\u00f6n\u00fc\u015f\u00fcm\u00fcne ili\u015fkin e\u011filimlerin farkl\u0131l\u0131k g\u00f6sterdi\u011fini ifade etti.<\/p>\n<p>Geli\u015fmekte olan \u00fclkelerde, \u00c7in haricinde, 2019&#8217;dan beri temiz enerji yat\u0131r\u0131mlar\u0131nda b\u00fcy\u00fcme olmad\u0131\u011f\u0131n\u0131 hat\u0131rlatan Tiftik, &#8220;Bu \u00fclkelerde salg\u0131n kaynakl\u0131 sorunlar ve enflasyon etkileriyle \u00f6ncelikler de\u011fi\u015fti. Geli\u015fmekte olan \u00fclkeleri, zaten geli\u015fmi\u015f \u00fclkelerle kar\u015f\u0131la\u015ft\u0131r\u0131rken dikkatli de olmak laz\u0131m. Avrupa&#8217;da bir k\u00f6m\u00fcr tesisini kapatmak kolay \u00e7\u00fcnk\u00fc zaten yak\u0131n zamanda \u00f6mr\u00fc bitecek. Ama \u00f6zellikle Asya&#8217;da bu tesisler ya\u015fl\u0131 de\u011fil, bunlar\u0131n kapat\u0131lmas\u0131 enerji fiyatlar\u0131n\u0131n artmas\u0131 ve i\u015fsizlik gibi sorunlara yol a\u00e7abilir. O nedenle d\u00f6n\u00fc\u015f\u00fcm\u00fcn \u00fclke baz\u0131nda de\u011ferlendirilmesi laz\u0131m.&#8221; yorumunu yapt\u0131.<\/p>\n<h3>Uzun vadede temiz enerji d\u00f6n\u00fc\u015f\u00fcm\u00fc h\u0131zlanacak<\/h3>\n<p>Avrupa \u0130mar ve Kalk\u0131nma Bankas\u0131 (EBRD) S\u00fcrd\u00fcr\u00fclebilir Altyap\u0131 Grubu Avrasya, Orta Do\u011fu ve Afrika Enerji Direkt\u00f6r\u00fc Aida Sitdikova, piyasalarda salg\u0131n d\u00f6nemi dahil olmak \u00fczere ola\u011fan\u00fcst\u00fc d\u00fc\u015f\u00fck faiz oranlar\u0131n\u0131n g\u00f6r\u00fcld\u00fc\u011f\u00fcn\u00fc ancak enflasyonun rekor seviyeye ula\u015fmas\u0131n\u0131n faiz oranlar\u0131nda keskin art\u0131\u015flar\u0131 zorunlu k\u0131ld\u0131\u011f\u0131n\u0131 anlatt\u0131.<\/p>\n<p>Enflasyonist bask\u0131lar ortadan kalkana kadar faiz oranlar\u0131n\u0131n bir s\u00fcre daha y\u00fcksek kalaca\u011f\u0131 y\u00f6n\u00fcnde ortak g\u00f6r\u00fc\u015f oldu\u011funu kaydeden Sitdikova, &#8220;T\u00fcm bu fakt\u00f6rler, geleneksel enerji kaynaklar\u0131na y\u00f6nelik fiyat dalgalanmalar\u0131na ve enerji g\u00fcvenli\u011fi kayg\u0131lar\u0131na yol a\u00e7an jeopolitik t\u00fcrb\u00fclanslar\u0131n yan\u0131 s\u0131ra, EBRD&#8217;nin de faaliyet g\u00f6sterdi\u011fi b\u00f6lgelerde enerji d\u00f6n\u00fc\u015f\u00fcm\u00fc i\u00e7in karma\u015f\u0131k bir zemin olu\u015fturuyor.&#8221; dedi.<\/p>\n<p>Sitdikova, son \u00fc\u00e7 y\u0131lda r\u00fczgar ve g\u00fcne\u015f enerjisi projelerinin geli\u015ftiricilerinin b\u00fcy\u00fck tedarik zinciri kesintileriyle, artan ekipman ve bor\u00e7 maliyetleriyle kar\u015f\u0131la\u015ft\u0131\u011f\u0131n\u0131 dile getirdi.<\/p>\n<p>Artan bor\u00e7lanma maliyetinin proje maliyetlerinde de somut bir y\u00fckseli\u015fe yol a\u00e7t\u0131\u011f\u0131na dikkati \u00e7eken Sitdikova, &#8220;Y\u00fcksek faiz oranlar\u0131 k\u0131sa vadede yat\u0131r\u0131mc\u0131lar\u0131n getirilerini etkileyen ve projeleri \u00f6z sermaye a\u011f\u0131rl\u0131kl\u0131 hale getiren bir fakt\u00f6r olmaya devam edecek.<\/p>\n<p>Ancak, \u00f6zellikle \u00fclkeler enerji g\u00fcvenli\u011fine ve y\u00fczy\u0131l\u0131n ortas\u0131na kadar net s\u0131f\u0131ra ula\u015fmak i\u00e7in iklim politikalar\u0131n\u0131 daha geni\u015f \u015fekilde uygulamaya odakland\u0131k\u00e7a, fosil yak\u0131t kaynaklar\u0131ndaki karbon fiyat veya at\u0131l varl\u0131k riskini ta\u015f\u0131mayan yenilenebilir enerji kaynaklar\u0131n\u0131n uzun vadeli rekabet g\u00fcc\u00fc \u00fcst\u00fcn gelecektir. Bu nedenle, y\u00fcksek faiz oranlar\u0131n\u0131n k\u0131sa vadeli etkilerine ra\u011fmen ye\u015fil enerji d\u00f6n\u00fc\u015f\u00fcm\u00fcn\u00fcn artan bir h\u0131zla devam edece\u011fine inan\u0131yoruz.&#8221; de\u011ferlendirmesinde bulundu.<\/p>\n<p>Sitdikova, her y\u0131l mevcut zorlu piyasa ko\u015fullar\u0131na ra\u011fmen yenilenebilir enerjide \u00f6nemli kapasite art\u0131\u015flar\u0131 g\u00f6zlemlendi\u011fini s\u00f6zlerine ekledi.<\/p>\n<p>Uluslararas\u0131 Enerji Ajans\u0131&#8217;n\u0131n verilerine g\u00f6re, bu y\u0131l k\u00fcresel enerji yat\u0131r\u0131mlar\u0131n\u0131n 2,8 trilyon dolara ula\u015fmas\u0131 ve bunun 1,7 trilyon dolar\u0131n\u0131n temiz enerji teknolojilerine yap\u0131lmas\u0131 bekleniyor.<\/p>\n<p>Londra merkezli d\u00fc\u015f\u00fcnce kurulu\u015fu Ember verilerine g\u00f6re ise r\u00fczgar ve g\u00fcne\u015f enerjisinin k\u00fcresel elektrik \u00fcretimindeki pay\u0131 2022 sonunda y\u00fczde 12 ile rekor seviyeye ula\u015ft\u0131. Bu oran T\u00fcrkiye&#8217;de y\u00fczde 15,5&#8217;e \u00e7\u0131kt\u0131.<\/p>\n<p>                            <span class=\"detay-foto-editor\">&#13;<br \/>\n                                <a href=\"https:\/\/www.aa.com.tr\/tr\/p\/abonelik-talep-formu\/1001\" target=\"_blank\" style=\"font-size:12px; color:#444; text-decoration:none;\" rel=\"noopener\">&#13;<br \/>\n                                    Anadolu Ajans\u0131 web sitesinde, AA Haber Ak\u0131\u015f Sistemi (HAS) \u00fczerinden abonelere sunulan haberler, \u00f6zetlenerek yay\u0131mlanmaktad\u0131r. <b style=\"color:#1897F7\">Abonelik i\u00e7in l\u00fctfen ileti\u015fime ge\u00e7iniz.<\/b>&#13;<br \/>\n                                <\/a>&#13;<br \/>\n                            <\/span>\n                        <\/div>\n<p><script>\n\t  window.fbAsyncInit = function() {\n\t\tFB.init({\n\t\t  appId: '1855843514662870',\n\t\t  status : true, \/\/ check login status\n\t\t  cookie : true, \/\/ enable cookies to allow the server to access the session\n\t\t  xfbml  : true  \/\/ parse XFBML\n\t\t});\n\t  };<\/p>\n<p>\t  (function() {\n\t\tvar e = document.createElement('script');\n\t\te.src=\"https:\/\/connect.facebook.net\/tr_TR\/all.js\";\n\t\te.async = true;\n\t\tdocument.getElementById('fb-root').appendChild(e);\n\t  }());\n    <\/script><br \/>\n<br \/><br \/>\n<br \/><a href=\"https:\/\/www.aa.com.tr\/tr\/ekonomi\/kuresel-ekonomideki-bozulma-temiz-enerji-ekipman-maliyetlerindeki-dususu-yavaslatti\/2978963\">Source link <\/a><\/p>\n","protected":false},"excerpt":{"rendered":"<p>\u0130klim krizine yol a\u00e7an fosil yak\u0131tlardan uzakla\u015farak temiz enerji d\u00f6n\u00fc\u015f\u00fcm\u00fcn\u00fcn h\u0131zlanmas\u0131 ve yayg\u0131nla\u015fmas\u0131 gereken bu d\u00f6nemde, y\u00fckselen yenilenebilir enerji ekipman maliyetleri temiz enerji talebindeki b\u00fcy\u00fcmeyi yava\u015flatma riski olu\u015fturuyor. Kovid-19 salg\u0131n\u0131n\u0131n tedarik zincirinde neden oldu\u011fu aksamalar\u0131n ard\u0131ndan, k\u00fcresel ekonomik g\u00f6r\u00fcn\u00fcmdeki bozulma, y\u00fcksek enflasyon ve enflasyonu d\u00fc\u015f\u00fcrmek i\u00e7in merkez bankalar\u0131n\u0131n bor\u00e7lanma maliyetlerini sert \u015fekilde y\u00fckseltmesi, temiz enerji [&hellip;]<\/p>\n","protected":false},"author":1,"featured_media":13003,"comment_status":"","ping_status":"","sticky":false,"template":"","format":"standard","meta":[],"categories":[44],"tags":[],"_links":{"self":[{"href":"https:\/\/kraios.app\/news\/wp-json\/wp\/v2\/posts\/13002"}],"collection":[{"href":"https:\/\/kraios.app\/news\/wp-json\/wp\/v2\/posts"}],"about":[{"href":"https:\/\/kraios.app\/news\/wp-json\/wp\/v2\/types\/post"}],"author":[{"embeddable":true,"href":"https:\/\/kraios.app\/news\/wp-json\/wp\/v2\/users\/1"}],"replies":[{"embeddable":true,"href":"https:\/\/kraios.app\/news\/wp-json\/wp\/v2\/comments?post=13002"}],"version-history":[{"count":0,"href":"https:\/\/kraios.app\/news\/wp-json\/wp\/v2\/posts\/13002\/revisions"}],"wp:featuredmedia":[{"embeddable":true,"href":"https:\/\/kraios.app\/news\/wp-json\/wp\/v2\/media\/13003"}],"wp:attachment":[{"href":"https:\/\/kraios.app\/news\/wp-json\/wp\/v2\/media?parent=13002"}],"wp:term":[{"taxonomy":"category","embeddable":true,"href":"https:\/\/kraios.app\/news\/wp-json\/wp\/v2\/categories?post=13002"},{"taxonomy":"post_tag","embeddable":true,"href":"https:\/\/kraios.app\/news\/wp-json\/wp\/v2\/tags?post=13002"}],"curies":[{"name":"wp","href":"https:\/\/api.w.org\/{rel}","templated":true}]}}