{"id":13000,"date":"2023-08-30T08:20:04","date_gmt":"2023-08-30T08:20:04","guid":{"rendered":"https:\/\/kraios.app\/news\/spor\/2023\/08\/30\/uefa-sampiyonlar-liginde-grup-kuralari-yarin-cekilecek\/"},"modified":"2023-08-30T08:20:04","modified_gmt":"2023-08-30T08:20:04","slug":"uefa-sampiyonlar-liginde-grup-kuralari-yarin-cekilecek","status":"publish","type":"post","link":"https:\/\/kraios.app\/news\/spor\/2023\/08\/30\/uefa-sampiyonlar-liginde-grup-kuralari-yarin-cekilecek\/","title":{"rendered":"UEFA \u015eampiyonlar Ligi&#8217;nde grup kuralar\u0131 yar\u0131n \u00e7ekilecek"},"content":{"rendered":"<p><\/p>\n<div>\n<p>Avrupa futbolunun kul\u00fcp d\u00fczeyindeki en \u00f6nemli organizasyonu UEFA \u015eampiyonlar Ligi&#8217;nde gruplar, Monako&#8217;daki Grimaldi Forum&#8217;da TS\u0130 19.00&#8217;da \u00e7ekilecek kuran\u0131n ard\u0131ndan belirlenecek.<\/p>\n<p>Ge\u00e7en sezonun S\u00fcper Lig \u015fampiyonu Galatasaray, tek T\u00fcrk temsilcisi olarak kuraya 4. torbadan girecek.<\/p>\n<p>Ayr\u0131ca kura s\u0131ras\u0131nda erkek ve kad\u0131n futbolunda 2022-2023 sezonu i\u00e7in y\u0131l\u0131n futbolcusu ve teknik direkt\u00f6r\u00fc \u00f6d\u00fclleri sahiplerini bulacak.<\/p>\n<h3>Tak\u0131mlar<\/h3>\n<p>\u015eampiyonlar Ligi gruplar\u0131nda 32 tak\u0131m m\u00fccadele edecek.<\/p>\n<p>Bu ak\u015fam r\u00f6van\u015flar\u0131 oynanacak Kopenhag-Rakow (1-0), PSV-Rangers (2-2) ve AEK-Antwerp (0-1) play-off e\u015fle\u015fmelerinden galip ayr\u0131lacak 3 ekiple gruplar tamamlanacak. R\u00f6van\u015f ma\u00e7lar\u0131n\u0131n ard\u0131ndan kura torbalar\u0131 da belli olacak.<\/p>\n<p>Gruplarda yer alma hakk\u0131 elde eden tak\u0131mlar \u015f\u00f6yle:<\/p>\n<p>Arsenal, Manchester City, Manchester United, Newcastle United (\u0130ngiltere), Atletico Madrid, Barcelona, Real Madrid, Real Sociedad, Sevilla (\u0130spanya), Inter, Lazio, Milan, Napoli (\u0130talya), Bayern M\u00fcnih, Borussia Dortmund, Leipzig, Union Berlin (Almanya), Lens, Paris Saint-Germain (Fransa), Benfica, Braga, Porto (Portekiz), Feyenoord (Hollanda), Salzburg (Avusturya), Celtic (\u0130sko\u00e7ya), K\u0131z\u0131ly\u0131ld\u0131z (S\u0131rbistan), Young Boys (\u0130svi\u00e7re), Galatasaray (T\u00fcrkiye), Shakhtar Donetsk (Ukrayna).<\/p>\n<h3>\u0130lk hafta ma\u00e7lar\u0131 19-20 Eyl\u00fcl&#8217;de<\/h3>\n<p>&#8220;Devler Ligi&#8221;nde grup ma\u00e7lar\u0131, 19-20 Eyl\u00fcl&#8217;de ba\u015flay\u0131p 12-13 Aral\u0131k&#8217;ta sona erecek.<\/p>\n<p>Gruplar\u0131nda ilk iki s\u0131ray\u0131 alacak tak\u0131mlar tur atlayacak. Grup \u00fc\u00e7\u00fcnc\u00fcleri ise yollar\u0131na UEFA Avrupa Ligi&#8217;nde devam edecek.<\/p>\n<p>Ge\u00e7en sezon Manchester City&#8217;nin mutlu sona ula\u015ft\u0131\u011f\u0131 UEFA \u015eampiyonlar Ligi&#8217;nin finali, 1 Haziran 2024&#8217;te \u0130ngiltere&#8217;nin ba\u015fkenti Londra&#8217;daki Wembley Stad\u0131&#8217;nda oynanacak.<\/p>\n<p>                            <span class=\"detay-foto-editor\">&#13;<br \/>\n                                <a href=\"https:\/\/www.aa.com.tr\/tr\/p\/abonelik-talep-formu\/1001\" target=\"_blank\" style=\"font-size:12px; color:#444; text-decoration:none;\" rel=\"noopener\">&#13;<br \/>\n                                    Anadolu Ajans\u0131 web sitesinde, AA Haber Ak\u0131\u015f Sistemi (HAS) \u00fczerinden abonelere sunulan haberler, \u00f6zetlenerek yay\u0131mlanmaktad\u0131r. <b style=\"color:#1897F7\">Abonelik i\u00e7in l\u00fctfen ileti\u015fime ge\u00e7iniz.<\/b>&#13;<br \/>\n                                <\/a>&#13;<br \/>\n                            <\/span>\n                        <\/div>\n<p><script>\n\t  window.fbAsyncInit = function() {\n\t\tFB.init({\n\t\t  appId: '1855843514662870',\n\t\t  status : true, \/\/ check login status\n\t\t  cookie : true, \/\/ enable cookies to allow the server to access the session\n\t\t  xfbml  : true  \/\/ parse XFBML\n\t\t});\n\t  };<\/p>\n<p>\t  (function() {\n\t\tvar e = document.createElement('script');\n\t\te.src=\"https:\/\/connect.facebook.net\/tr_TR\/all.js\";\n\t\te.async = true;\n\t\tdocument.getElementById('fb-root').appendChild(e);\n\t  }());\n    <\/script><\/p>\n","protected":false},"excerpt":{"rendered":"<p>Avrupa futbolunun kul\u00fcp d\u00fczeyindeki en \u00f6nemli organizasyonu UEFA \u015eampiyonlar Ligi&#8217;nde gruplar, Monako&#8217;daki Grimaldi Forum&#8217;da TS\u0130 19.00&#8217;da \u00e7ekilecek kuran\u0131n ard\u0131ndan belirlenecek. Ge\u00e7en sezonun S\u00fcper Lig \u015fampiyonu Galatasaray, tek T\u00fcrk temsilcisi olarak kuraya 4. torbadan girecek. Ayr\u0131ca kura s\u0131ras\u0131nda erkek ve kad\u0131n futbolunda 2022-2023 sezonu i\u00e7in y\u0131l\u0131n futbolcusu ve teknik direkt\u00f6r\u00fc \u00f6d\u00fclleri sahiplerini bulacak. Tak\u0131mlar \u015eampiyonlar Ligi [&hellip;]<\/p>\n","protected":false},"author":1,"featured_media":13001,"comment_status":"","ping_status":"","sticky":false,"template":"","format":"standard","meta":[],"categories":[48],"tags":[],"_links":{"self":[{"href":"https:\/\/kraios.app\/news\/wp-json\/wp\/v2\/posts\/13000"}],"collection":[{"href":"https:\/\/kraios.app\/news\/wp-json\/wp\/v2\/posts"}],"about":[{"href":"https:\/\/kraios.app\/news\/wp-json\/wp\/v2\/types\/post"}],"author":[{"embeddable":true,"href":"https:\/\/kraios.app\/news\/wp-json\/wp\/v2\/users\/1"}],"replies":[{"embeddable":true,"href":"https:\/\/kraios.app\/news\/wp-json\/wp\/v2\/comments?post=13000"}],"version-history":[{"count":0,"href":"https:\/\/kraios.app\/news\/wp-json\/wp\/v2\/posts\/13000\/revisions"}],"wp:featuredmedia":[{"embeddable":true,"href":"https:\/\/kraios.app\/news\/wp-json\/wp\/v2\/media\/13001"}],"wp:attachment":[{"href":"https:\/\/kraios.app\/news\/wp-json\/wp\/v2\/media?parent=13000"}],"wp:term":[{"taxonomy":"category","embeddable":true,"href":"https:\/\/kraios.app\/news\/wp-json\/wp\/v2\/categories?post=13000"},{"taxonomy":"post_tag","embeddable":true,"href":"https:\/\/kraios.app\/news\/wp-json\/wp\/v2\/tags?post=13000"}],"curies":[{"name":"wp","href":"https:\/\/api.w.org\/{rel}","templated":true}]}}