{"id":12998,"date":"2023-08-30T06:20:05","date_gmt":"2023-08-30T06:20:05","guid":{"rendered":"https:\/\/kraios.app\/news\/yasam\/2023\/08\/30\/mersinde-gomulen-deniz-canlilarinin-iskeletleri-muzede-sergilenecek\/"},"modified":"2023-08-30T06:20:05","modified_gmt":"2023-08-30T06:20:05","slug":"mersinde-gomulen-deniz-canlilarinin-iskeletleri-muzede-sergilenecek","status":"publish","type":"post","link":"https:\/\/kraios.app\/news\/yasam\/2023\/08\/30\/mersinde-gomulen-deniz-canlilarinin-iskeletleri-muzede-sergilenecek\/","title":{"rendered":"Mersin&#8217;de g\u00f6m\u00fclen deniz canl\u0131lar\u0131n\u0131n iskeletleri m\u00fczede sergilenecek"},"content":{"rendered":"<p><\/p>\n<div>\n<p>Mersin \u00dcniversitesi Rekt\u00f6r\u00fc Prof. Dr. Erol Ya\u015far, Su \u00dcr\u00fcnleri Fak\u00fcltesi b\u00fcnyesinde olu\u015fturulan Yeni\u015fehir Kamp\u00fcs\u00fc&#8217;ndeki m\u00fczeyi ziyaret etti.<\/p>\n<p><img decoding=\"async\" alt=\"\" src=\"https:\/\/www.aa.com.tr\/uploads\/userFiles\/96f91bbd-282f-4a24-a12c-1b1092cfeb3b\/009_2023%2F05_2023%2F13_Agustos%2F16%2F20230829_2_60052083_92277316.jpg\"\/><\/p>\n<p>M\u00fczenin kurucusu Su \u00dcr\u00fcnleri Fak\u00fcltesi \u0130\u015fleme Teknolojisi Ana Bilim Dal\u0131 \u00d6\u011fretim \u00dcyesi Prof. Dr. Deniz Ayas&#8217;tan bilgi alan Ya\u015far, \u00e7al\u0131\u015fmalar\u0131 inceledi.<\/p>\n<p><img decoding=\"async\" alt=\"\" src=\"https:\/\/www.aa.com.tr\/uploads\/userFiles\/96f91bbd-282f-4a24-a12c-1b1092cfeb3b\/009_2023%2F05_2023%2F13_Agustos%2F16%2F20230829_2_60052083_92277319.jpg\"\/><\/p>\n<p>Ya\u015far, gazetecilere, m\u00fczenin uzun y\u0131llar s\u00fcren \u00e7al\u0131\u015fmalar sonucu kuruldu\u011funu s\u00f6yledi.<\/p>\n<p><img decoding=\"async\" alt=\"\" src=\"https:\/\/www.aa.com.tr\/uploads\/userFiles\/96f91bbd-282f-4a24-a12c-1b1092cfeb3b\/009_2023%2F05_2023%2F13_Agustos%2F16%2F20230829_2_60052083_92277321.jpg\"\/><\/p>\n<p>M\u00fczenin resmi a\u00e7\u0131l\u0131\u015f\u0131n\u0131 yapmak istediklerini ifade eden Ya\u015far, &#8220;Buray\u0131 \u00e7ok \u00f6nemsiyoruz. \u00dcniversitemizin b\u00fct\u00e7esi ve projelerle buraya her t\u00fcrl\u00fc deste\u011fi vermeye \u00e7al\u0131\u015f\u0131yoruz. M\u00fczeyi en k\u0131sa zamanda a\u00e7aca\u011f\u0131z.&#8221; diye konu\u015ftu.<\/p>\n<p><img decoding=\"async\" alt=\"\" src=\"https:\/\/www.aa.com.tr\/uploads\/userFiles\/96f91bbd-282f-4a24-a12c-1b1092cfeb3b\/009_2023%2F05_2023%2F13_Agustos%2F16%2F20230829_2_60052083_92277327.jpg\"\/><\/p>\n<h3>M\u00fcze bah\u00e7esine g\u00f6m\u00fclen t\u00fcrlerin iskeletleri \u00e7\u0131kar\u0131lacak<\/h3>\n<p>Prof. Dr. Deniz Ayas da m\u00fczede bal\u0131k, kaplumba\u011fa, deniz memelileri ve omurgas\u0131z canl\u0131lardan olu\u015fan yakla\u015f\u0131k 750 t\u00fcr\u00fcn yer ald\u0131\u011f\u0131n\u0131 anlatt\u0131.<\/p>\n<p><img decoding=\"async\" alt=\"\" src=\"https:\/\/www.aa.com.tr\/uploads\/userFiles\/96f91bbd-282f-4a24-a12c-1b1092cfeb3b\/009_2023%2F05_2023%2F13_Agustos%2F16%2F20230829_2_60052083_92277328.jpg\"\/><\/p>\n<p>Bilimsel \u00e7al\u0131\u015fmalara de\u011finen Ayas, m\u00fczenin bah\u00e7esinde 1 fin balinas\u0131, 4 \u015fi\u015fe burun yunus, 1 \u00e7izgili yunus, 1 boz yunus, 6 caretta caretta, 3 ye\u015fil kaplumba\u011fas\u0131 ve 2 Nil kaplumba\u011fas\u0131n\u0131n g\u00f6m\u00fcl\u00fc oldu\u011funu dile getirdi.<\/p>\n<p><img decoding=\"async\" alt=\"\" src=\"https:\/\/www.aa.com.tr\/uploads\/userFiles\/96f91bbd-282f-4a24-a12c-1b1092cfeb3b\/009_2023%2F05_2023%2F13_Agustos%2F16%2F20230829_2_60052083_92277329.jpg\"\/><\/p>\n<p>\u0130skeletlerin \u00e7\u0131kar\u0131l\u0131p m\u00fczede sergilenece\u011fini aktaran Ayas, &#8220;Bu t\u00fcrlerin toprak alt\u0131ndan \u00e7\u0131kart\u0131l\u0131p sergilenebilecek hale getirilmesi kent hayat\u0131nda \u00f6nemli bir bo\u015flu\u011fu dolduran m\u00fczemizin envanterini \u00e7e\u015fitlendirecektir.&#8221; dedi.<\/p>\n<p><img decoding=\"async\" alt=\"\" src=\"https:\/\/www.aa.com.tr\/uploads\/userFiles\/96f91bbd-282f-4a24-a12c-1b1092cfeb3b\/009_2023%2F05_2023%2F13_Agustos%2F16%2F20230829_2_60052083_92277330.jpg\"\/><\/p>\n<p>Ayas, \u00e7al\u0131\u015fman\u0131n \u00f6\u011frencilerin e\u011fitimine de katk\u0131 sa\u011flayaca\u011f\u0131n\u0131 belirtti.<\/p>\n<p><img decoding=\"async\" alt=\"\" src=\"https:\/\/www.aa.com.tr\/uploads\/userFiles\/96f91bbd-282f-4a24-a12c-1b1092cfeb3b\/009_2023%2F05_2023%2F13_Agustos%2F16%2F20230829_2_60052083_92277331.jpg\"\/><\/p>\n<h3>Balina 2021&#8217;de sahile vurmu\u015ftu<\/h3>\n<p>G\u00f6m\u00fcl\u00fc olan deniz canl\u0131lar\u0131ndan fin balinas\u0131n\u0131n, 2021&#8217;de Yeni\u015fehir il\u00e7esi sahiline vurdu\u011funu an\u0131msatan Ayas, &#8220;M\u00fcze bah\u00e7esine g\u00f6md\u00fc\u011f\u00fcm\u00fcz yakla\u015f\u0131k 14 metre boyundaki balinan\u0131n yumu\u015fak dokular\u0131n tamam\u0131 eridi. Balinam\u0131z\u0131n iskeletini \u00e7\u0131kart\u0131p, birle\u015ftirip m\u00fczemizin giri\u015finde sergilemeyi planl\u0131yoruz. Bu, Mersin&#8217;deki vatanda\u015flar\u0131n da merakla bekledi\u011fi bir s\u00fcre\u00e7.&#8221; diye konu\u015ftu.<\/p>\n<p>                            <span class=\"detay-foto-editor\">&#13;<br \/>\n                                <a href=\"https:\/\/www.aa.com.tr\/tr\/p\/abonelik-talep-formu\/1001\" target=\"_blank\" style=\"font-size:12px; color:#444; text-decoration:none;\" rel=\"noopener\">&#13;<br \/>\n                                    Anadolu Ajans\u0131 web sitesinde, AA Haber Ak\u0131\u015f Sistemi (HAS) \u00fczerinden abonelere sunulan haberler, \u00f6zetlenerek yay\u0131mlanmaktad\u0131r. <b style=\"color:#1897F7\">Abonelik i\u00e7in l\u00fctfen ileti\u015fime ge\u00e7iniz.<\/b>&#13;<br \/>\n                                <\/a>&#13;<br \/>\n                            <\/span>\n                        <\/div>\n<p><script>\n\t  window.fbAsyncInit = function() {\n\t\tFB.init({\n\t\t  appId: '1855843514662870',\n\t\t  status : true, \/\/ check login status\n\t\t  cookie : true, \/\/ enable cookies to allow the server to access the session\n\t\t  xfbml  : true  \/\/ parse XFBML\n\t\t});\n\t  };<\/p>\n<p>\t  (function() {\n\t\tvar e = document.createElement('script');\n\t\te.src=\"https:\/\/connect.facebook.net\/tr_TR\/all.js\";\n\t\te.async = true;\n\t\tdocument.getElementById('fb-root').appendChild(e);\n\t  }());\n    <\/script><\/p>\n","protected":false},"excerpt":{"rendered":"<p>Mersin \u00dcniversitesi Rekt\u00f6r\u00fc Prof. Dr. Erol Ya\u015far, Su \u00dcr\u00fcnleri Fak\u00fcltesi b\u00fcnyesinde olu\u015fturulan Yeni\u015fehir Kamp\u00fcs\u00fc&#8217;ndeki m\u00fczeyi ziyaret etti. M\u00fczenin kurucusu Su \u00dcr\u00fcnleri Fak\u00fcltesi \u0130\u015fleme Teknolojisi Ana Bilim Dal\u0131 \u00d6\u011fretim \u00dcyesi Prof. Dr. Deniz Ayas&#8217;tan bilgi alan Ya\u015far, \u00e7al\u0131\u015fmalar\u0131 inceledi. Ya\u015far, gazetecilere, m\u00fczenin uzun y\u0131llar s\u00fcren \u00e7al\u0131\u015fmalar sonucu kuruldu\u011funu s\u00f6yledi. M\u00fczenin resmi a\u00e7\u0131l\u0131\u015f\u0131n\u0131 yapmak istediklerini ifade eden [&hellip;]<\/p>\n","protected":false},"author":1,"featured_media":12999,"comment_status":"","ping_status":"","sticky":false,"template":"","format":"standard","meta":[],"categories":[50],"tags":[],"_links":{"self":[{"href":"https:\/\/kraios.app\/news\/wp-json\/wp\/v2\/posts\/12998"}],"collection":[{"href":"https:\/\/kraios.app\/news\/wp-json\/wp\/v2\/posts"}],"about":[{"href":"https:\/\/kraios.app\/news\/wp-json\/wp\/v2\/types\/post"}],"author":[{"embeddable":true,"href":"https:\/\/kraios.app\/news\/wp-json\/wp\/v2\/users\/1"}],"replies":[{"embeddable":true,"href":"https:\/\/kraios.app\/news\/wp-json\/wp\/v2\/comments?post=12998"}],"version-history":[{"count":0,"href":"https:\/\/kraios.app\/news\/wp-json\/wp\/v2\/posts\/12998\/revisions"}],"wp:featuredmedia":[{"embeddable":true,"href":"https:\/\/kraios.app\/news\/wp-json\/wp\/v2\/media\/12999"}],"wp:attachment":[{"href":"https:\/\/kraios.app\/news\/wp-json\/wp\/v2\/media?parent=12998"}],"wp:term":[{"taxonomy":"category","embeddable":true,"href":"https:\/\/kraios.app\/news\/wp-json\/wp\/v2\/categories?post=12998"},{"taxonomy":"post_tag","embeddable":true,"href":"https:\/\/kraios.app\/news\/wp-json\/wp\/v2\/tags?post=12998"}],"curies":[{"name":"wp","href":"https:\/\/api.w.org\/{rel}","templated":true}]}}