{"id":12981,"date":"2023-08-29T22:39:35","date_gmt":"2023-08-29T22:39:35","guid":{"rendered":"https:\/\/kraios.app\/news\/ekonomi\/2023\/08\/29\/bakan-kacir-suudi-mevkidasiyla-bir-araya-geldi\/"},"modified":"2023-08-29T22:39:35","modified_gmt":"2023-08-29T22:39:35","slug":"bakan-kacir-suudi-mevkidasiyla-bir-araya-geldi","status":"publish","type":"post","link":"https:\/\/kraios.app\/news\/ekonomi\/2023\/08\/29\/bakan-kacir-suudi-mevkidasiyla-bir-araya-geldi\/","title":{"rendered":"Bakan Kac\u0131r, Suudi mevkida\u015f\u0131yla bir araya geldi"},"content":{"rendered":"<p> <br \/>\n<br \/>Sanayi ve Teknoloji Bakan\u0131 Mehmet Fatih Kac\u0131r, g\u00f6r\u00fc\u015fmeye ili\u015fkin, &#8220;Sanayi ve teknoloji alanlar\u0131nda i\u015fbirli\u011finin derinle\u015ftirilmesi ve g\u00fc\u00e7lendirilmesiyle ilgili isti\u015farede bulunduk.&#8221; ifadesini kulland\u0131.<br \/>\n<br \/><br \/>\n<br \/><a href=\"https:\/\/www.aa.com.tr\/tr\/ekonomi\/bakan-kacir-suudi-mevkidasiyla-bir-araya-geldi\/2978723\">Source link <\/a><\/p>\n","protected":false},"excerpt":{"rendered":"<p>Sanayi ve Teknoloji Bakan\u0131 Mehmet Fatih Kac\u0131r, g\u00f6r\u00fc\u015fmeye ili\u015fkin, &#8220;Sanayi ve teknoloji alanlar\u0131nda i\u015fbirli\u011finin derinle\u015ftirilmesi ve g\u00fc\u00e7lendirilmesiyle ilgili isti\u015farede bulunduk.&#8221; ifadesini kulland\u0131. Source link<\/p>\n","protected":false},"author":1,"featured_media":12982,"comment_status":"","ping_status":"","sticky":false,"template":"","format":"standard","meta":[],"categories":[44],"tags":[],"_links":{"self":[{"href":"https:\/\/kraios.app\/news\/wp-json\/wp\/v2\/posts\/12981"}],"collection":[{"href":"https:\/\/kraios.app\/news\/wp-json\/wp\/v2\/posts"}],"about":[{"href":"https:\/\/kraios.app\/news\/wp-json\/wp\/v2\/types\/post"}],"author":[{"embeddable":true,"href":"https:\/\/kraios.app\/news\/wp-json\/wp\/v2\/users\/1"}],"replies":[{"embeddable":true,"href":"https:\/\/kraios.app\/news\/wp-json\/wp\/v2\/comments?post=12981"}],"version-history":[{"count":0,"href":"https:\/\/kraios.app\/news\/wp-json\/wp\/v2\/posts\/12981\/revisions"}],"wp:featuredmedia":[{"embeddable":true,"href":"https:\/\/kraios.app\/news\/wp-json\/wp\/v2\/media\/12982"}],"wp:attachment":[{"href":"https:\/\/kraios.app\/news\/wp-json\/wp\/v2\/media?parent=12981"}],"wp:term":[{"taxonomy":"category","embeddable":true,"href":"https:\/\/kraios.app\/news\/wp-json\/wp\/v2\/categories?post=12981"},{"taxonomy":"post_tag","embeddable":true,"href":"https:\/\/kraios.app\/news\/wp-json\/wp\/v2\/tags?post=12981"}],"curies":[{"name":"wp","href":"https:\/\/api.w.org\/{rel}","templated":true}]}}