{"id":12977,"date":"2023-08-29T22:20:05","date_gmt":"2023-08-29T22:20:05","guid":{"rendered":"https:\/\/kraios.app\/news\/spor\/2023\/08\/29\/istedigimiz-seyin-ilk-adimini-basarmis-olduk\/"},"modified":"2023-08-29T22:20:05","modified_gmt":"2023-08-29T22:20:05","slug":"istedigimiz-seyin-ilk-adimini-basarmis-olduk","status":"publish","type":"post","link":"https:\/\/kraios.app\/news\/spor\/2023\/08\/29\/istedigimiz-seyin-ilk-adimini-basarmis-olduk\/","title":{"rendered":"&#039;\u0130stedi\u011fimiz \u015feyin ilk ad\u0131m\u0131n\u0131 ba\u015farm\u0131\u015f olduk&#039;"},"content":{"rendered":"<p>Galatasaray&#8217;\u0131n Uruguayl\u0131 kalecisi Fernando Muslera, UEFA \u015eampiyonlar Ligi&#8217;nde gruplara kalarak \u00f6nemli bir hedeflerine ula\u015ft\u0131klar\u0131n\u0131 s\u00f6yledi.<\/p>\n","protected":false},"excerpt":{"rendered":"<p>Galatasaray&#8217;\u0131n Uruguayl\u0131 kalecisi Fernando Muslera, UEFA \u015eampiyonlar Ligi&#8217;nde gruplara kalarak \u00f6nemli bir hedeflerine ula\u015ft\u0131klar\u0131n\u0131 s\u00f6yledi.<\/p>\n","protected":false},"author":1,"featured_media":12978,"comment_status":"","ping_status":"","sticky":false,"template":"","format":"standard","meta":[],"categories":[48],"tags":[],"_links":{"self":[{"href":"https:\/\/kraios.app\/news\/wp-json\/wp\/v2\/posts\/12977"}],"collection":[{"href":"https:\/\/kraios.app\/news\/wp-json\/wp\/v2\/posts"}],"about":[{"href":"https:\/\/kraios.app\/news\/wp-json\/wp\/v2\/types\/post"}],"author":[{"embeddable":true,"href":"https:\/\/kraios.app\/news\/wp-json\/wp\/v2\/users\/1"}],"replies":[{"embeddable":true,"href":"https:\/\/kraios.app\/news\/wp-json\/wp\/v2\/comments?post=12977"}],"version-history":[{"count":0,"href":"https:\/\/kraios.app\/news\/wp-json\/wp\/v2\/posts\/12977\/revisions"}],"wp:featuredmedia":[{"embeddable":true,"href":"https:\/\/kraios.app\/news\/wp-json\/wp\/v2\/media\/12978"}],"wp:attachment":[{"href":"https:\/\/kraios.app\/news\/wp-json\/wp\/v2\/media?parent=12977"}],"wp:term":[{"taxonomy":"category","embeddable":true,"href":"https:\/\/kraios.app\/news\/wp-json\/wp\/v2\/categories?post=12977"},{"taxonomy":"post_tag","embeddable":true,"href":"https:\/\/kraios.app\/news\/wp-json\/wp\/v2\/tags?post=12977"}],"curies":[{"name":"wp","href":"https:\/\/api.w.org\/{rel}","templated":true}]}}