{"id":12975,"date":"2023-08-29T20:20:06","date_gmt":"2023-08-29T20:20:06","guid":{"rendered":"https:\/\/kraios.app\/news\/yasam\/2023\/08\/29\/agri-dagi-eteklerindeki-koyluler-tirmanisa-gelen-dagcilara-lojistik-destek-sagliyor\/"},"modified":"2023-08-29T20:20:06","modified_gmt":"2023-08-29T20:20:06","slug":"agri-dagi-eteklerindeki-koyluler-tirmanisa-gelen-dagcilara-lojistik-destek-sagliyor","status":"publish","type":"post","link":"https:\/\/kraios.app\/news\/yasam\/2023\/08\/29\/agri-dagi-eteklerindeki-koyluler-tirmanisa-gelen-dagcilara-lojistik-destek-sagliyor\/","title":{"rendered":"A\u011fr\u0131 Da\u011f\u0131 eteklerindeki k\u00f6yl\u00fcler t\u0131rman\u0131\u015fa gelen da\u011fc\u0131lara lojistik destek sa\u011fl\u0131yor"},"content":{"rendered":"<p>A\u011fr\u0131 Da\u011f\u0131&#8217;na \u00e7\u0131kan da\u011fc\u0131lar, b\u00f6lgedeki k\u00f6yl\u00fclerin at ve kat\u0131rlarla sa\u011flad\u0131\u011f\u0131 lojistik destekle t\u0131rman\u0131\u015ftaki kamp y\u00fcklerini hafifletiyor.<\/p>\n","protected":false},"excerpt":{"rendered":"<p>A\u011fr\u0131 Da\u011f\u0131&#8217;na \u00e7\u0131kan da\u011fc\u0131lar, b\u00f6lgedeki k\u00f6yl\u00fclerin at ve kat\u0131rlarla sa\u011flad\u0131\u011f\u0131 lojistik destekle t\u0131rman\u0131\u015ftaki kamp y\u00fcklerini hafifletiyor.<\/p>\n","protected":false},"author":1,"featured_media":12976,"comment_status":"","ping_status":"","sticky":false,"template":"","format":"standard","meta":[],"categories":[50],"tags":[],"_links":{"self":[{"href":"https:\/\/kraios.app\/news\/wp-json\/wp\/v2\/posts\/12975"}],"collection":[{"href":"https:\/\/kraios.app\/news\/wp-json\/wp\/v2\/posts"}],"about":[{"href":"https:\/\/kraios.app\/news\/wp-json\/wp\/v2\/types\/post"}],"author":[{"embeddable":true,"href":"https:\/\/kraios.app\/news\/wp-json\/wp\/v2\/users\/1"}],"replies":[{"embeddable":true,"href":"https:\/\/kraios.app\/news\/wp-json\/wp\/v2\/comments?post=12975"}],"version-history":[{"count":0,"href":"https:\/\/kraios.app\/news\/wp-json\/wp\/v2\/posts\/12975\/revisions"}],"wp:featuredmedia":[{"embeddable":true,"href":"https:\/\/kraios.app\/news\/wp-json\/wp\/v2\/media\/12976"}],"wp:attachment":[{"href":"https:\/\/kraios.app\/news\/wp-json\/wp\/v2\/media?parent=12975"}],"wp:term":[{"taxonomy":"category","embeddable":true,"href":"https:\/\/kraios.app\/news\/wp-json\/wp\/v2\/categories?post=12975"},{"taxonomy":"post_tag","embeddable":true,"href":"https:\/\/kraios.app\/news\/wp-json\/wp\/v2\/tags?post=12975"}],"curies":[{"name":"wp","href":"https:\/\/api.w.org\/{rel}","templated":true}]}}