{"id":12954,"date":"2023-08-29T12:13:36","date_gmt":"2023-08-29T12:13:36","guid":{"rendered":"https:\/\/kraios.app\/news\/ekonomi\/2023\/08\/29\/bakan-bolat-irak-basbakani-es-sudani-ile-gorustu\/"},"modified":"2023-08-29T12:13:36","modified_gmt":"2023-08-29T12:13:36","slug":"bakan-bolat-irak-basbakani-es-sudani-ile-gorustu","status":"publish","type":"post","link":"https:\/\/kraios.app\/news\/ekonomi\/2023\/08\/29\/bakan-bolat-irak-basbakani-es-sudani-ile-gorustu\/","title":{"rendered":"Bakan Bolat, Irak Ba\u015fbakan\u0131 es-Sudani ile g\u00f6r\u00fc\u015ft\u00fc"},"content":{"rendered":"<p> <br \/>\n<\/p>\n<div>\n<p>Ticaret Bakan\u0131 \u00d6mer Bolat, Irak Ba\u015fbakan\u0131 Muhammed \u015eiya es-Sudani ile g\u00f6r\u00fc\u015fmesine ili\u015fkin, &#8220;Say\u0131n Ba\u015fbakan&#8217;\u0131n \u00e7al\u0131\u015fma izinleri, vizeler, bankac\u0131l\u0131k, s\u0131n\u0131r kap\u0131lar\u0131 ve ithalat uygulamalar\u0131 dahil firmalar\u0131m\u0131z\u0131n ticaret ve yat\u0131r\u0131m s\u00fcre\u00e7lerine ili\u015fkin her konuda kolayla\u015ft\u0131r\u0131c\u0131 ad\u0131mlar\u0131 hayata ge\u00e7irmek \u00fczere kararl\u0131l\u0131\u011f\u0131 bizleri son derece memnun etti.&#8221; ifadesini kulland\u0131. <\/p>\n<p>Bolat, sosyal medya hesab\u0131ndan, i\u015f d\u00fcnyas\u0131 \u00e7at\u0131 kurulu\u015flar\u0131n\u0131n temsilcileriyle birlikte Irak&#8217;a yapt\u0131\u011f\u0131 ziyarete ili\u015fkin bilgi verdi.<\/p>\n<p>Irak Ba\u015fbakan\u0131 es-Sudani ile verimli bir g\u00f6r\u00fc\u015fme ger\u00e7ekle\u015ftirdiklerini vurgulayan Bolat, &#8220;B\u00f6lgemiz i\u00e7in stratejik \u00f6nemi haiz Kalk\u0131nma Yolu Projesi ba\u011flam\u0131nda yak\u0131n i\u015fbirli\u011fi halinde \u00e7al\u0131\u015fmay\u0131 arzulad\u0131\u011f\u0131m\u0131z\u0131 ve ba\u015fta m\u00fcteahhitlik sekt\u00f6r\u00fcm\u00fcz olmak \u00fczere Irak&#8217;\u0131n geli\u015fimine katk\u0131 sa\u011flayacak t\u00fcm projelerde firmalar\u0131m\u0131z\u0131n aktif rol oynamaya haz\u0131r oldu\u011funu ifade ettik. Say\u0131n Ba\u015fbakan&#8217;\u0131n \u00e7al\u0131\u015fma izinleri, vizeler, bankac\u0131l\u0131k, s\u0131n\u0131r kap\u0131lar\u0131 ve ithalat uygulamalar\u0131 dahil firmalar\u0131m\u0131z\u0131n ticaret ve yat\u0131r\u0131m s\u00fcre\u00e7lerine ili\u015fkin her konuda kolayla\u015ft\u0131r\u0131c\u0131 ad\u0131mlar\u0131 hayata ge\u00e7irmek \u00fczere kararl\u0131l\u0131\u011f\u0131 bizleri son derece memnun etti.&#8221; de\u011ferlendirmesinde bulundu.<\/p>\n<p>Bakan Bolat, firmalar\u0131n da g\u00f6r\u00fc\u015fmede i\u015fbirli\u011fi taleplerini bizzat Ba\u015fbakan es-Sudani&#8217;ye aktarma f\u0131rsat\u0131 buldu\u011funa i\u015faret ederek, &#8220;Say\u0131n Ba\u015fbakan&#8217;a firmalar\u0131m\u0131za g\u00fcveni ve i\u015f insanlar\u0131m\u0131z\u0131n sorunlar\u0131n\u0131n \u00e7\u00f6z\u00fcm\u00fcne ili\u015fkin g\u00fc\u00e7l\u00fc iradesi, ticari ili\u015fkilerimizin g\u00fc\u00e7lendirilmesine d\u00f6n\u00fck destekleri ve g\u00f6stermi\u015f olduklar\u0131 misafirperverlik i\u00e7in te\u015fekk\u00fcr ediyoruz.&#8221; ifadesini kulland\u0131.<\/p>\n<p>Irak Ticaret Bakan\u0131 Etir Davut Selman ile de bir araya geldi\u011fini belirten Bolat, \u015funlar\u0131 kaydetti:<\/p>\n<p>&#8220;\u0130\u015f d\u00fcnyas\u0131 temsilcilerimizin de haz\u0131r bulundu\u011fu toplant\u0131da, 2022 y\u0131l\u0131nda T\u00fcrkiye-Irak ticaret hacmimizin rekor d\u00fczeye ula\u015fmas\u0131ndan, Irak&#8217;ta ticaret, yat\u0131r\u0131m ve m\u00fcteahhitlik sekt\u00f6rlerinde lider \u00fclke olmaktan duydu\u011fumuz memnuniyeti dile getirdik. Ticaret hacmimizi daha da art\u0131rmaya ve firmalar\u0131m\u0131z\u0131n kar\u015f\u0131la\u015ft\u0131\u011f\u0131 sorunlara \u00e7\u00f6z\u00fcm \u00fcretmeye y\u00f6nelik planl\u0131 bir \u00e7al\u0131\u015fma y\u00fcr\u00fctmek ve \u00f6zel sekt\u00f6rlerimizi daha yak\u0131n diyalo\u011fa te\u015fvik etme konular\u0131nda mutab\u0131k kald\u0131k. \u00d6n\u00fcm\u00fczdeki d\u00f6nemde de ikili ili\u015fkilerimizde yakalanan ivmenin artarak devam etmesi i\u00e7in kar\u015f\u0131l\u0131kl\u0131 ziyaretlerimizi s\u0131kla\u015ft\u0131raca\u011f\u0131z.&#8221;<\/p>\n<blockquote class=\"twitter-tweet\">\n<p dir=\"ltr\" lang=\"tr\">Irak Ba\u015fbakan\u0131 Say\u0131n Muhammed \u015eiya el Sudani ile verimli bir g\u00f6r\u00fc\u015fme ger\u00e7ekle\u015ftirdik.<\/p>\n<p>B\u00f6lgemiz i\u00e7in stratejik \u00f6nemi haiz Kalk\u0131nma Yolu Projesi ba\u011flam\u0131nda yak\u0131n bir i\u015f birli\u011fi halinde \u00e7al\u0131\u015fmay\u0131 arzulad\u0131\u011f\u0131m\u0131z\u0131 ve ba\u015fta m\u00fcteahhitlik sekt\u00f6r\u00fcm\u00fcz olmak \u00fczere Irak\u2019\u0131n geli\u015fimine katk\u0131\u2026 <a href=\"https:\/\/t.co\/bRSWSUDZZF\">pic.twitter.com\/bRSWSUDZZF<\/a><\/p>\n<p>\u2014 Prof. Dr. \u00d6mer Bolat (@omerbolatTR) <a href=\"https:\/\/twitter.com\/omerbolatTR\/status\/1696483951433441373?ref_src=twsrc%5Etfw\">August 29, 2023<\/a><\/p><\/blockquote>\n<p>                            <span class=\"detay-foto-editor\">&#13;<br \/>\n                                <a href=\"https:\/\/www.aa.com.tr\/tr\/p\/abonelik-talep-formu\/1001\" target=\"_blank\" style=\"font-size:12px; color:#444; text-decoration:none;\" rel=\"noopener\">&#13;<br \/>\n                                    Anadolu Ajans\u0131 web sitesinde, AA Haber Ak\u0131\u015f Sistemi (HAS) \u00fczerinden abonelere sunulan haberler, \u00f6zetlenerek yay\u0131mlanmaktad\u0131r. <b style=\"color:#1897F7\">Abonelik i\u00e7in l\u00fctfen ileti\u015fime ge\u00e7iniz.<\/b>&#13;<br \/>\n                                <\/a>&#13;<br \/>\n                            <\/span>\n                        <\/div>\n<p><script async src=\"\/\/platform.twitter.com\/widgets.js\" charset=\"utf-8\"><\/script><script>\n\t  window.fbAsyncInit = function() {\n\t\tFB.init({\n\t\t  appId: '1855843514662870',\n\t\t  status : true, \/\/ check login status\n\t\t  cookie : true, \/\/ enable cookies to allow the server to access the session\n\t\t  xfbml  : true  \/\/ parse XFBML\n\t\t});\n\t  };<\/p>\n<p>\t  (function() {\n\t\tvar e = document.createElement('script');\n\t\te.src=\"https:\/\/connect.facebook.net\/tr_TR\/all.js\";\n\t\te.async = true;\n\t\tdocument.getElementById('fb-root').appendChild(e);\n\t  }());\n    <\/script><br \/>\n<br \/><br \/>\n<br \/><a href=\"https:\/\/www.aa.com.tr\/tr\/ekonomi\/bakan-bolat-irak-basbakani-es-sudani-ile-gorustu\/2978471\">Source link <\/a><\/p>\n","protected":false},"excerpt":{"rendered":"<p>Ticaret Bakan\u0131 \u00d6mer Bolat, Irak Ba\u015fbakan\u0131 Muhammed \u015eiya es-Sudani ile g\u00f6r\u00fc\u015fmesine ili\u015fkin, &#8220;Say\u0131n Ba\u015fbakan&#8217;\u0131n \u00e7al\u0131\u015fma izinleri, vizeler, bankac\u0131l\u0131k, s\u0131n\u0131r kap\u0131lar\u0131 ve ithalat uygulamalar\u0131 dahil firmalar\u0131m\u0131z\u0131n ticaret ve yat\u0131r\u0131m s\u00fcre\u00e7lerine ili\u015fkin her konuda kolayla\u015ft\u0131r\u0131c\u0131 ad\u0131mlar\u0131 hayata ge\u00e7irmek \u00fczere kararl\u0131l\u0131\u011f\u0131 bizleri son derece memnun etti.&#8221; ifadesini kulland\u0131. Bolat, sosyal medya hesab\u0131ndan, i\u015f d\u00fcnyas\u0131 \u00e7at\u0131 kurulu\u015flar\u0131n\u0131n temsilcileriyle birlikte [&hellip;]<\/p>\n","protected":false},"author":1,"featured_media":12955,"comment_status":"","ping_status":"","sticky":false,"template":"","format":"standard","meta":[],"categories":[44],"tags":[],"_links":{"self":[{"href":"https:\/\/kraios.app\/news\/wp-json\/wp\/v2\/posts\/12954"}],"collection":[{"href":"https:\/\/kraios.app\/news\/wp-json\/wp\/v2\/posts"}],"about":[{"href":"https:\/\/kraios.app\/news\/wp-json\/wp\/v2\/types\/post"}],"author":[{"embeddable":true,"href":"https:\/\/kraios.app\/news\/wp-json\/wp\/v2\/users\/1"}],"replies":[{"embeddable":true,"href":"https:\/\/kraios.app\/news\/wp-json\/wp\/v2\/comments?post=12954"}],"version-history":[{"count":0,"href":"https:\/\/kraios.app\/news\/wp-json\/wp\/v2\/posts\/12954\/revisions"}],"wp:featuredmedia":[{"embeddable":true,"href":"https:\/\/kraios.app\/news\/wp-json\/wp\/v2\/media\/12955"}],"wp:attachment":[{"href":"https:\/\/kraios.app\/news\/wp-json\/wp\/v2\/media?parent=12954"}],"wp:term":[{"taxonomy":"category","embeddable":true,"href":"https:\/\/kraios.app\/news\/wp-json\/wp\/v2\/categories?post=12954"},{"taxonomy":"post_tag","embeddable":true,"href":"https:\/\/kraios.app\/news\/wp-json\/wp\/v2\/tags?post=12954"}],"curies":[{"name":"wp","href":"https:\/\/api.w.org\/{rel}","templated":true}]}}