{"id":12950,"date":"2023-08-29T11:20:29","date_gmt":"2023-08-29T11:20:29","guid":{"rendered":"https:\/\/kraios.app\/news\/spor\/2023\/08\/29\/mke-ankaragucu-fenerbahce-maci-eryaman-stadinda-oynanacak\/"},"modified":"2023-08-29T11:20:29","modified_gmt":"2023-08-29T11:20:29","slug":"mke-ankaragucu-fenerbahce-maci-eryaman-stadinda-oynanacak","status":"publish","type":"post","link":"https:\/\/kraios.app\/news\/spor\/2023\/08\/29\/mke-ankaragucu-fenerbahce-maci-eryaman-stadinda-oynanacak\/","title":{"rendered":"MKE Ankarag\u00fcc\u00fc-Fenerbah\u00e7e ma\u00e7\u0131 Eryaman Stad\u0131&#039;nda oynanacak"},"content":{"rendered":"<p>Trendyol S\u00fcper Lig&#8217;in d\u00f6rd\u00fcnc\u00fc haftas\u0131ndaki MKE Ankarag\u00fcc\u00fc- Fenerbah\u00e7e kar\u015f\u0131la\u015fmas\u0131, Eryaman Stad\u0131&#8217;nda oynanacak.<\/p>\n","protected":false},"excerpt":{"rendered":"<p>Trendyol S\u00fcper Lig&#8217;in d\u00f6rd\u00fcnc\u00fc haftas\u0131ndaki MKE Ankarag\u00fcc\u00fc- Fenerbah\u00e7e kar\u015f\u0131la\u015fmas\u0131, Eryaman Stad\u0131&#8217;nda oynanacak.<\/p>\n","protected":false},"author":1,"featured_media":12951,"comment_status":"","ping_status":"","sticky":false,"template":"","format":"standard","meta":[],"categories":[48],"tags":[],"_links":{"self":[{"href":"https:\/\/kraios.app\/news\/wp-json\/wp\/v2\/posts\/12950"}],"collection":[{"href":"https:\/\/kraios.app\/news\/wp-json\/wp\/v2\/posts"}],"about":[{"href":"https:\/\/kraios.app\/news\/wp-json\/wp\/v2\/types\/post"}],"author":[{"embeddable":true,"href":"https:\/\/kraios.app\/news\/wp-json\/wp\/v2\/users\/1"}],"replies":[{"embeddable":true,"href":"https:\/\/kraios.app\/news\/wp-json\/wp\/v2\/comments?post=12950"}],"version-history":[{"count":0,"href":"https:\/\/kraios.app\/news\/wp-json\/wp\/v2\/posts\/12950\/revisions"}],"wp:featuredmedia":[{"embeddable":true,"href":"https:\/\/kraios.app\/news\/wp-json\/wp\/v2\/media\/12951"}],"wp:attachment":[{"href":"https:\/\/kraios.app\/news\/wp-json\/wp\/v2\/media?parent=12950"}],"wp:term":[{"taxonomy":"category","embeddable":true,"href":"https:\/\/kraios.app\/news\/wp-json\/wp\/v2\/categories?post=12950"},{"taxonomy":"post_tag","embeddable":true,"href":"https:\/\/kraios.app\/news\/wp-json\/wp\/v2\/tags?post=12950"}],"curies":[{"name":"wp","href":"https:\/\/api.w.org\/{rel}","templated":true}]}}