{"id":12942,"date":"2023-08-29T10:33:11","date_gmt":"2023-08-29T10:33:11","guid":{"rendered":"https:\/\/kraios.app\/news\/yasam\/2023\/08\/29\/atik-plastikten-urettigi-mobilya-aksesuar-ve-malzemeleri-17-ulkeye-ihrac-ediyor\/"},"modified":"2023-08-29T10:33:11","modified_gmt":"2023-08-29T10:33:11","slug":"atik-plastikten-urettigi-mobilya-aksesuar-ve-malzemeleri-17-ulkeye-ihrac-ediyor","status":"publish","type":"post","link":"https:\/\/kraios.app\/news\/yasam\/2023\/08\/29\/atik-plastikten-urettigi-mobilya-aksesuar-ve-malzemeleri-17-ulkeye-ihrac-ediyor\/","title":{"rendered":"At\u0131k plastikten \u00fcretti\u011fi mobilya aksesuar ve malzemeleri 17 \u00fclkeye ihra\u00e7 ediyor"},"content":{"rendered":"<p><\/p>\n<div>\n<p>Kayseri Organize Sanayi B\u00f6lgesi&#8217;nde (OSB) plastik ve naylon at\u0131klar\u0131 geri d\u00f6n\u00fc\u015f\u00fcme kazand\u0131rarak bunlarla mobilya aksesuar ve malzemeleri \u00fcreten i\u015f insan\u0131 Yusuf \u00d6zkan, 17 \u00fclkeye yapt\u0131\u011f\u0131 ihracatla y\u0131l sonuna kadar \u00fclke ekonomisine 1 milyon dolar katk\u0131 sunmay\u0131 hedefliyor.<\/p>\n<p>Yakla\u015f\u0131k 47 y\u0131l \u00f6nce babas\u0131yla plastik bidon \u00fcretmeye ve satmaya ba\u015flayan \u00d6zkan, gelen talepler do\u011frultusunda 1988 y\u0131l\u0131nda mobilya sekt\u00f6r\u00fcne y\u00f6neldi.<\/p>\n<p>\u00d6zkan, 1980&#8217;li y\u0131llarda ham maddesi g\u00fcrgen olan mobilya ayaklar\u0131n\u0131 hem i\u015f\u00e7ilik maliyetini d\u00fc\u015f\u00fcrmek hem de \u00fclke ekonomisine katk\u0131da bulunmak i\u00e7in plastikten \u00fcretmeye ba\u015flad\u0131.<\/p>\n<p>Bunun i\u00e7in OSB&#8217;de bulunan fabrikalardan her ay yakla\u015f\u0131k 50 ton plastik at\u0131k toplayan \u00d6zkan, 130 ki\u015fiyi istihdam etti\u011fi fabrikas\u0131nda bunlar\u0131 i\u015fleyerek kanepe, baza ve mod\u00fcler mobilya gruplar\u0131n\u0131n ihtiya\u00e7 duydu\u011fu ayak, tekerlek ve kulp gibi \u00fcr\u00fcnler \u00fcretti.<\/p>\n<p><img decoding=\"async\" alt=\"\" src=\"https:\/\/www.aa.com.tr\/uploads\/userFiles\/7e80dc7f-a011-4033-a881-3a6b5b580d82\/20230829_2_60051564_92276679.jpg\"\/><\/p>\n<p>Bu \u00fcr\u00fcnleri Rusya, \u0130talya, Hollanda, Ukrayna, Almanya, Romanya, Azerbaycan, Irak ve baz\u0131 Balkan \u00fclkelerine ihra\u00e7 eden \u00d6zkan, ge\u00e7en y\u0131l \u00fclke ekonomisine 700 bin dolar girdi sa\u011flad\u0131.<\/p>\n<p>\u00d6zkan, bu y\u0131l sonuna kadar 1 milyon dolarl\u0131k ihracat yapmay\u0131 hedefliyor.<\/p>\n<p>Kayseri Plastik Sanayiciler Derne\u011fi (KAYP\u0130DER) Y\u00f6netim Kurulu Ba\u015fkanl\u0131\u011f\u0131 g\u00f6revini de y\u00fcr\u00fcten \u00d6zkan AA muhabirine, ald\u0131klar\u0131 geri d\u00f6n\u00fc\u015f\u00fcm lisans\u0131 ile mobilya sekt\u00f6r\u00fcne y\u00f6nelik hizmet verdiklerini s\u00f6yledi.<\/p>\n<p>Vatanda\u015flardan plastik, metal, ka\u011f\u0131t ve cam at\u0131klar\u0131 yerinde ayr\u0131\u015ft\u0131rmalar\u0131n\u0131 ve geri d\u00f6n\u00fc\u015f\u00fcme g\u00f6ndermelerini isteyen \u00d6zkan, &#8220;Plastik alg\u0131s\u0131 \u00e7ok \u00f6nemli. Kanserojen madde diyorlar, \u00e7evreyi kirleten plastik diyorlar fakat biz sekt\u00f6r olarak bu g\u00f6r\u00fc\u015flere kat\u0131lm\u0131yoruz \u00e7\u00fcnk\u00fc do\u011fay\u0131 ve tabiat\u0131 plastikler de\u011fil, insanlar kirletiyor. Biz naylon ambalajlar\u0131 ve tehlikeli at\u0131k olmayan malzemeleri end\u00fcstriye, ekonomiye kazand\u0131rm\u0131\u015f oluyoruz. Biz bu malzemeleri ham madde haline getiriyor ve kullan\u0131yoruz. G\u00f6r\u00fcn\u00fcm\u00fc g\u00fczel, keyif ka\u00e7\u0131rmayacak, g\u00f6ze batmayacak renkli, desenli ve dekoratif \u00fcr\u00fcnler yaparak insanlar\u0131n hizmetine sunuyoruz.&#8221; ifadesini kulland\u0131.<\/p>\n<p><img decoding=\"async\" alt=\"\" src=\"https:\/\/www.aa.com.tr\/uploads\/userFiles\/7e80dc7f-a011-4033-a881-3a6b5b580d82\/20230829_2_60051564_92276687.jpg\"\/><\/p>\n<p>\u00d6zkan, toplad\u0131klar\u0131 plastik at\u0131klar\u0131 ekonomiye kazand\u0131rd\u0131klar\u0131n\u0131 ve sekt\u00f6r olarak geri d\u00f6n\u00fc\u015f\u00fcme \u00f6nem verdiklerini belirtti.<\/p>\n<p>\u00dcrettikleri \u00fcr\u00fcnleri i\u00e7 piyasada \u0130zmir, Bursa, Trabzon, Antalya, Adana ve Mersin&#8217;e g\u00f6nderdiklerini kaydeden \u00d6zkan, &#8220;Bine yak\u0131n kal\u0131b\u0131m\u0131z var. Bu kal\u0131plar vas\u0131tas\u0131yla sekt\u00f6re hizmet veriyoruz. Ayn\u0131 zamanda 17 \u00fclkeye ihracat\u0131m\u0131z var. Tabii ki piyasa \u015fartlar\u0131na g\u00f6re bunlar yo\u011funluk kazan\u0131yor. \u00dclke baz\u0131nda de\u011fi\u015febiliyor. Yo\u011fun olarak Rusya, \u0130talya, Balkanlar ve Hollanda gibi \u00fclkelere \u00e7al\u0131\u015f\u0131yoruz.&#8221; dedi.<\/p>\n<p>                            <span class=\"detay-foto-editor\">&#13;<br \/>\n                                <a href=\"https:\/\/www.aa.com.tr\/tr\/p\/abonelik-talep-formu\/1001\" target=\"_blank\" style=\"font-size:12px; color:#444; text-decoration:none;\" rel=\"noopener\">&#13;<br \/>\n                                    Anadolu Ajans\u0131 web sitesinde, AA Haber Ak\u0131\u015f Sistemi (HAS) \u00fczerinden abonelere sunulan haberler, \u00f6zetlenerek yay\u0131mlanmaktad\u0131r. <b style=\"color:#1897F7\">Abonelik i\u00e7in l\u00fctfen ileti\u015fime ge\u00e7iniz.<\/b>&#13;<br \/>\n                                <\/a>&#13;<br \/>\n                            <\/span>\n                        <\/div>\n<p><script>\n\t  window.fbAsyncInit = function() {\n\t\tFB.init({\n\t\t  appId: '1855843514662870',\n\t\t  status : true, \/\/ check login status\n\t\t  cookie : true, \/\/ enable cookies to allow the server to access the session\n\t\t  xfbml  : true  \/\/ parse XFBML\n\t\t});\n\t  };<\/p>\n<p>\t  (function() {\n\t\tvar e = document.createElement('script');\n\t\te.src=\"https:\/\/connect.facebook.net\/tr_TR\/all.js\";\n\t\te.async = true;\n\t\tdocument.getElementById('fb-root').appendChild(e);\n\t  }());\n    <\/script><\/p>\n","protected":false},"excerpt":{"rendered":"<p>Kayseri Organize Sanayi B\u00f6lgesi&#8217;nde (OSB) plastik ve naylon at\u0131klar\u0131 geri d\u00f6n\u00fc\u015f\u00fcme kazand\u0131rarak bunlarla mobilya aksesuar ve malzemeleri \u00fcreten i\u015f insan\u0131 Yusuf \u00d6zkan, 17 \u00fclkeye yapt\u0131\u011f\u0131 ihracatla y\u0131l sonuna kadar \u00fclke ekonomisine 1 milyon dolar katk\u0131 sunmay\u0131 hedefliyor. Yakla\u015f\u0131k 47 y\u0131l \u00f6nce babas\u0131yla plastik bidon \u00fcretmeye ve satmaya ba\u015flayan \u00d6zkan, gelen talepler do\u011frultusunda 1988 y\u0131l\u0131nda mobilya [&hellip;]<\/p>\n","protected":false},"author":1,"featured_media":12943,"comment_status":"","ping_status":"","sticky":false,"template":"","format":"standard","meta":[],"categories":[50],"tags":[],"_links":{"self":[{"href":"https:\/\/kraios.app\/news\/wp-json\/wp\/v2\/posts\/12942"}],"collection":[{"href":"https:\/\/kraios.app\/news\/wp-json\/wp\/v2\/posts"}],"about":[{"href":"https:\/\/kraios.app\/news\/wp-json\/wp\/v2\/types\/post"}],"author":[{"embeddable":true,"href":"https:\/\/kraios.app\/news\/wp-json\/wp\/v2\/users\/1"}],"replies":[{"embeddable":true,"href":"https:\/\/kraios.app\/news\/wp-json\/wp\/v2\/comments?post=12942"}],"version-history":[{"count":0,"href":"https:\/\/kraios.app\/news\/wp-json\/wp\/v2\/posts\/12942\/revisions"}],"wp:featuredmedia":[{"embeddable":true,"href":"https:\/\/kraios.app\/news\/wp-json\/wp\/v2\/media\/12943"}],"wp:attachment":[{"href":"https:\/\/kraios.app\/news\/wp-json\/wp\/v2\/media?parent=12942"}],"wp:term":[{"taxonomy":"category","embeddable":true,"href":"https:\/\/kraios.app\/news\/wp-json\/wp\/v2\/categories?post=12942"},{"taxonomy":"post_tag","embeddable":true,"href":"https:\/\/kraios.app\/news\/wp-json\/wp\/v2\/tags?post=12942"}],"curies":[{"name":"wp","href":"https:\/\/api.w.org\/{rel}","templated":true}]}}